{"id":30472,"date":"2024-10-15T20:40:39","date_gmt":"2024-10-15T18:40:39","guid":{"rendered":"https:\/\/www.iceagetv.com\/radiosite\/?p=30472"},"modified":"2024-10-15T20:40:43","modified_gmt":"2024-10-15T18:40:43","slug":"controle-technique-des-motos-six-mois-apres-son-obligation-la-colere-est-toujours-aussi-forte","status":"publish","type":"post","link":"https:\/\/www.iceagetv.com\/radiosite\/controle-technique-des-motos-six-mois-apres-son-obligation-la-colere-est-toujours-aussi-forte\/","title":{"rendered":"Contr\u00f4le technique des motos : six mois apr\u00e8s son obligation, \u00ab\u00a0la col\u00e8re est toujours aussi forte\u00a0\u00bb"},"content":{"rendered":"\n<p class=\"\">Un anniversaire que certains auraient pr\u00e9f\u00e9r\u00e9 ne pas c\u00e9l\u00e9brer. Le&nbsp;<strong>contr\u00f4le technique<\/strong>&nbsp;pour les v\u00e9hicules de&nbsp;<strong>type L<\/strong>&nbsp;(deux ou trois roues et quadricycle \u00e0 moteur) est obligatoire&nbsp;<a href=\"https:\/\/actu.fr\/societe\/le-controle-technique-des-motos-devient-obligatoire-ce-lundi-dates-amendes-centres-ce-qu-il-faut-savoir_60941912.html\">depuis six mois jour pour jour<\/a>, ce mardi 15&nbsp;octobre 2024.<\/p>\n\n\n\n<p class=\"\">Au m\u00eame titre que les voitures,&nbsp;<strong>les motos doivent d\u00e9sormais se pr\u00e9senter dans un centre de contr\u00f4le technique<\/strong>, \u00e0 des \u00e9ch\u00e9ances diff\u00e9rentes selon leur date d\u2019immatriculation et de mise en circulation. En avril dernier, cette nouveaut\u00e9 avait&nbsp;<a href=\"https:\/\/actu.fr\/societe\/controle-technique-des-motos-les-motards-appellent-a-balancer-les-centres-qui-le-proposent_60795688.html\">provoqu\u00e9 la col\u00e8re de bon nombre de motards<\/a>.<\/p>\n\n\n\n<p class=\"\">Six mois apr\u00e8s, o\u00f9 en est-on\u2009? La\u00a0<a href=\"https:\/\/ffmc.asso.fr\/\">F\u00e9d\u00e9ration fran\u00e7aise des motards en col\u00e8re<\/a>\u00a0(FFMC), qui a f\u00e9d\u00e9r\u00e9 la gronde depuis que\u00a0<a href=\"https:\/\/www.legifrance.gouv.fr\/jorf\/id\/JORFTEXT000048242538\">le d\u00e9cret<\/a>\u00a0est sorti, l\u2019assure \u00e0<em>\u00a0actu.fr<\/em>\u2009:\u00a0<strong>leur d\u00e9termination reste intacte<\/strong>.<\/p>\n\n\n\n<h2 class=\"wp-block-heading\">Un contr\u00f4le technique inutile<\/h2>\n\n\n\n<p class=\"\">\u00ab\u2009La col\u00e8re est toujours aussi forte\u2009\u00bb, tonne Christophe Boulais, coordinateur adjoint au bureau national de la FFMC, joint par notre r\u00e9daction.&nbsp;Pour la f\u00e9d\u00e9ration, l\u2019enjeu est toujours le m\u00eame.<\/p>\n\n\n\n<p class=\"\">Tout d\u2019abord, le contr\u00f4le technique\u00a0<strong>ne r\u00e9sout \u00ab\u2009absolument rien\u2009\u00bb en mati\u00e8re d\u2019accidentalit\u00e9<\/strong>.\u00a0Selon les chiffres de la\u00a0<a href=\"https:\/\/www.mutuelledesmotards.fr\/actualites\/conseils-le-point-sur-le-controle-technique\">Mutuelle des motards<\/a>, sur lequel s\u2019appuie la FFMC, seuls\u00a0<strong>0,4\u2009% des accidents de motos<\/strong>\u00a0ont un lien avec l\u2019\u00e9tat du v\u00e9hicule sur la p\u00e9riode 2016-2020.<\/p>\n\n\n\n<h2 class=\"wp-block-heading\">Un contr\u00f4le technique trop cher<\/h2>\n\n\n\n<p class=\"\">Autre cause de la col\u00e8re des motards\u2009:&nbsp;<strong>le prix du contr\u00f4le technique<\/strong>. En juin&nbsp;2023,&nbsp;<a href=\"https:\/\/actu.fr\/tag\/clement-beaune\">Cl\u00e9ment Beaune<\/a>, alors ministre des Transports, avait fait une promesse\u2009: l\u2019examen ne devrait co\u00fbter&nbsp;<strong>qu\u2019une \u00ab\u2009cinquantaine d\u2019euros\u2009\u00bb<\/strong>.<\/p>\n\n\n\n<p class=\"\">Or, aujourd\u2019hui, ce n\u2019est pas ce que l\u2019on peut v\u00e9rifier.&nbsp;Selon les diff\u00e9rents t\u00e9moignages de centres ou de motards, la FFMC a fait ses calculs.<\/p>\n\n\n\n<p class=\"\">Le contr\u00f4le technique co\u00fbterait plut\u00f4t&nbsp;<strong>65&nbsp;euros en moyenne<\/strong>. \u00ab\u2009On a une fourchette qui va de 45 \u00e0 100&nbsp;euros\u2009\u00bb, pr\u00e9cise Christophe Boulais.<\/p>\n\n\n\n<p class=\"\">Et pourquoi payer pour&nbsp;<strong>quelque chose qui ne sert \u00e0 rien<\/strong>, selon ses opposants\u2009? Pour le coordinateur adjoint au bureau national de la FFMC, le contr\u00f4leur v\u00e9rifie le visuel des deux-roues. Chose que \u00ab\u2009chaque motard fait d\u00e9j\u00e0 avant de prendre son v\u00e9hicule\u2009\u00bb, assure Christophe Boulais.<\/p>\n\n\n\n<p class=\"\">Pour rappel, le contr\u00f4le technique des v\u00e9hicules L passe en revue 80 points de contr\u00f4le, dont le fonctionnement des freins, des feux, ou encore le niveau de pollution, comme\u00a0<a href=\"https:\/\/www.service-public.fr\/particuliers\/vosdroits\/F37538\">le rappelle le site service-public.fr<\/a>.<\/p>\n\n\n\n<h2 class=\"wp-block-heading\">De la r\u00e9signation plut\u00f4t que de la col\u00e8re<\/h2>\n\n\n\n<p class=\"\">Dans les<strong>&nbsp;centres de contr\u00f4le technique<\/strong>, l\u2019ambiance serait davantage \u00e0 la r\u00e9signation qu\u2019\u00e0 la col\u00e8re. Marseille, Metz, Lille\u2026&nbsp;<em>actu.fr<\/em>&nbsp;a contact\u00e9 quelques contr\u00f4leurs aux quatre coins de la France pour prendre le pouls sur le terrain.<\/p>\n\n\n\n<p class=\"\">\u00ab\u2009\u00c7a r\u00e2le un peu, mais beaucoup de motards se sont&nbsp;<strong>mis devant le fait accompli\u2009\u00bb<\/strong>, nous confie un contr\u00f4leur Autosur de&nbsp;<a href=\"https:\/\/actu.fr\/hauts-de-france\/villeneuve-d-ascq_59009\">Villeneuve-d\u2019Ascq<\/a>&nbsp;(Nord). Une client\u00e8le r\u00e9sign\u00e9e qui se pr\u00e9sente donc pour&nbsp;<strong>\u00e9viter l\u2019amende<\/strong>.<\/p>\n\n\n\n<p class=\"\">En effet, il y a un calendrier \u00e0 respecter. Selon la date d\u2019immatriculation et de mise en circulation du v\u00e9hicule, il faut se pr\u00e9senter dans un centre de contr\u00f4le avant une certaine date. Sinon, les propri\u00e9taires s\u2019exposent \u00e0&nbsp;<a href=\"https:\/\/actu.fr\/societe\/controle-technique-de-l-amende-a-la-fourriere-ce-que-vous-risquez-a-rouler-sans_60977995.html\">une amende forfaitaire de 135&nbsp;euros<\/a><strong>.<\/strong><\/p>\n\n\n\n<h2 class=\"wp-block-heading\">\u00ab\u2009Certains font l\u2019effort de comprendre, d\u2019autres pas assez\u2009\u00bb<\/h2>\n\n\n\n<p class=\"\">M\u00eame son de cloche dans un centre de la m\u00eame filiale \u00e0&nbsp;<a href=\"https:\/\/actu.fr\/grand-est\/metz_57463\">Metz<\/a>&nbsp;(Moselle). Le contr\u00f4leur Autosur contact\u00e9 par&nbsp;<em>actu.fr<\/em>, qui nous confie avoir vu \u00e0 peu pr\u00e8s 700&nbsp;<a href=\"https:\/\/actu.fr\/tag\/moto\">motos<\/a>&nbsp;dans son centre depuis le 15&nbsp;avril 2024, sait&nbsp;<strong>qu\u2019on vient le voir car il est motard lui-m\u00eame<\/strong>.<\/p>\n","protected":false},"excerpt":{"rendered":"<p>Un anniversaire que certains auraient pr\u00e9f\u00e9r\u00e9 ne pas c\u00e9l\u00e9brer. Le&nbsp;contr\u00f4le technique&nbsp;pour les v\u00e9hicules de&nbsp;type L&nbsp;(deux ou trois roues et quadricycle \u00e0 moteur) est obligatoire&nbsp;depuis six mois jour pour jour, ce mardi 15&nbsp;octobre 2024. Au m\u00eame titre que les voitures,&nbsp;les motos doivent d\u00e9sormais se pr\u00e9senter dans un centre de contr\u00f4le technique, \u00e0 des \u00e9ch\u00e9ances diff\u00e9rentes selon [&hellip;]<\/p>\n","protected":false},"author":2,"featured_media":30473,"comment_status":"open","ping_status":"open","sticky":false,"template":"","format":"standard","meta":{"_jetpack_memberships_contains_paid_content":false,"footnotes":"","jetpack_publicize_message":"","jetpack_publicize_feature_enabled":true,"jetpack_social_post_already_shared":true,"jetpack_social_options":{"image_generator_settings":{"template":"highway","enabled":true,"token":"eyJpbWciOiJodHRwczpcL1wvd3d3LmljZWFnZXR2LmNvbVwvcmFkaW9zaXRlXC93cC1jb250ZW50XC91cGxvYWRzXC8yMDI0XC8xMFwvQ29udHJvbGUtdGVjaG5pcXVlLWRlcy1tb3Rvcy5qcGciLCJ0eHQiOiJDb250clx1MDBmNGxlIHRlY2huaXF1ZSBkZXMgbW90b3MgOiBzaXggbW9pcyBhcHJcdTAwZThzIHNvbiBvYmxpZ2F0aW9uLCAmIzgyMjA7bGEgY29sXHUwMGU4cmUgZXN0IHRvdWpvdXJzIGF1c3NpIGZvcnRlJiM4MjIxOyIsInRlbXBsYXRlIjoiaGlnaHdheSIsImJsb2dfaWQiOjExMTAxNjQ2MX0.-7Adszd7VBiiyUGEyWLATsT9-_5vKLJd8GIL6nStnIQMQ"},"version":2},"_wpas_customize_per_network":false},"categories":[405],"tags":[],"class_list":["post-30472","post","type-post","status-publish","format-standard","has-post-thumbnail","hentry","category-actu-france-monde"],"jetpack_publicize_connections":[],"jetpack_featured_media_url":"https:\/\/i0.wp.com\/www.iceagetv.com\/radiosite\/wp-content\/uploads\/2024\/10\/Controle-technique-des-motos.jpg?fit=960%2C640&ssl=1","jetpack_sharing_enabled":true,"_links":{"self":[{"href":"https:\/\/www.iceagetv.com\/radiosite\/wp-json\/wp\/v2\/posts\/30472","targetHints":{"allow":["GET"]}}],"collection":[{"href":"https:\/\/www.iceagetv.com\/radiosite\/wp-json\/wp\/v2\/posts"}],"about":[{"href":"https:\/\/www.iceagetv.com\/radiosite\/wp-json\/wp\/v2\/types\/post"}],"author":[{"embeddable":true,"href":"https:\/\/www.iceagetv.com\/radiosite\/wp-json\/wp\/v2\/users\/2"}],"replies":[{"embeddable":true,"href":"https:\/\/www.iceagetv.com\/radiosite\/wp-json\/wp\/v2\/comments?post=30472"}],"version-history":[{"count":1,"href":"https:\/\/www.iceagetv.com\/radiosite\/wp-json\/wp\/v2\/posts\/30472\/revisions"}],"predecessor-version":[{"id":30474,"href":"https:\/\/www.iceagetv.com\/radiosite\/wp-json\/wp\/v2\/posts\/30472\/revisions\/30474"}],"wp:featuredmedia":[{"embeddable":true,"href":"https:\/\/www.iceagetv.com\/radiosite\/wp-json\/wp\/v2\/media\/30473"}],"wp:attachment":[{"href":"https:\/\/www.iceagetv.com\/radiosite\/wp-json\/wp\/v2\/media?parent=30472"}],"wp:term":[{"taxonomy":"category","embeddable":true,"href":"https:\/\/www.iceagetv.com\/radiosite\/wp-json\/wp\/v2\/categories?post=30472"},{"taxonomy":"post_tag","embeddable":true,"href":"https:\/\/www.iceagetv.com\/radiosite\/wp-json\/wp\/v2\/tags?post=30472"}],"curies":[{"name":"wp","href":"https:\/\/api.w.org\/{rel}","templated":true}]}}