{"id":30518,"date":"2024-10-16T17:51:02","date_gmt":"2024-10-16T15:51:02","guid":{"rendered":"https:\/\/www.iceagetv.com\/radiosite\/?p=30518"},"modified":"2024-10-16T17:51:06","modified_gmt":"2024-10-16T15:51:06","slug":"au-dela-de-la-vente-du-doliprane-vers-un-retour-de-la-production-de-paracetamol-en-france-en-2025","status":"publish","type":"post","link":"https:\/\/www.iceagetv.com\/radiosite\/au-dela-de-la-vente-du-doliprane-vers-un-retour-de-la-production-de-paracetamol-en-france-en-2025\/","title":{"rendered":"Au-del\u00e0 de la vente du Doliprane, vers un retour de la production de parac\u00e9tamol en France en 2025"},"content":{"rendered":"\n<p class=\"\">La crise Covid et les difficult\u00e9s d&rsquo;approvisionnement en parac\u00e9tamol ont conduit l&rsquo;\u00c9tat \u00e0 relancer sa production en France. Un engagement qui devrait voir le jour en 2025.<\/p>\n\n\n\n<p class=\"\">Il venait parler industrie et automobile mais l&rsquo;actualit\u00e9 l&rsquo;a rattrap\u00e9. Lors du Mondial de l\u2019Auto, interrog\u00e9 sur le&nbsp;<a href=\"https:\/\/www.bfmtv.com\/economie\/entreprises\/vente-du-doliprane_DN-202410160488.html\">dossier de la vente d&rsquo;Opella, le fabricant du Doliprane<\/a>, \u00e0 un fonds am\u00e9ricain, Emmanuel Macron a assur\u00e9 \u00ab\u00a0s\u2019\u00eatre battu pour la relocalisation du parac\u00e9tamol\u00a0\u00bb en France.<\/p>\n\n\n\n<p class=\"\">En effet, face aux&nbsp;<a href=\"https:\/\/www.bfmtv.com\/economie\/entreprises\/penuries-de-medicaments-encore-plusieurs-semaines-avant-le-retour-a-la-normale_AD-202212140564.html\">difficult\u00e9s d\u2019approvisionnement des pharmacies<\/a>&nbsp;en parac\u00e9tamol lors du Covid, Emmanuel Macron a pris&nbsp;<a href=\"https:\/\/www.bfmtv.com\/politique\/emmanuel-macron-evoque-une-cinquantaine-de-medicaments-dont-la-production-doit-etre-relocalisee-en-france_VN-202306130444.html\">l\u2019engagement de relancer la production du parac\u00e9tamol en France<\/a>. Sujet qui revient aujourd&rsquo;hui sur la table avec la cession d&rsquo;Opella, filiale de Sanofi, au fonds am\u00e9ricain CD&amp;R, certains craignant une d\u00e9localisation, \u00e0 terme, de la production de m\u00e9dicaments.<\/p>\n\n\n\n<h2 class=\"wp-block-heading\" id=\"9tc34\">D\u00e9pendance \u00e0 la Chine, l\u2019Inde et les \u00c9tats-Unis<\/h2>\n\n\n\n<p class=\"\">Le parac\u00e9tamol, principe actif que l\u2019on trouve dans le Doliprane, le Dafalgan ou l\u2019Efferalgan n\u2019est plus produit en France et en Europe depuis 2008. Cette mol\u00e9cule de synth\u00e8se est produite majoritairement en Chine (50%), en Inde (30%) et aux \u00c9tats-Unis (15%), selon Robert Monti, directeur g\u00e9n\u00e9ral de Seqens, rare entreprise pharmaceutique \u00e0 en produire encore en Europe.<\/p>\n\n\n\n<p class=\"\">Une d\u00e9pendance qui ne concerne pas que le parac\u00e9tamol: d\u2019apr\u00e8s l\u2019Association m\u00e9dicale mondiale (AMM), \u00ab\u00a0entre 60% et 80% des principes actifs sont fabriqu\u00e9s hors de l\u2019Union europ\u00e9enne\u00a0\u00bb. Cette proportion \u00e9tait de 20% il y a 30 ans.<\/p>\n\n\n\n<blockquote class=\"wp-block-quote is-layout-flow wp-block-quote-is-layout-flow\">\n<p class=\"\">\u00ab\u00a0Pour de nombreuses mol\u00e9cules, on constate aujourd\u2019hui l\u2019existence de seulement deux ou trois fournisseurs dans le monde\u00a0\u00bb, continue l\u2019agence.<\/p>\n<\/blockquote>\n\n\n\n<p class=\"\">Ainsi, les deux usines fran\u00e7ais d&rsquo;Opella fabriquent les m\u00e9dicaments \u00e0 base de parac\u00e9tamol, principalement le Doliprane, mais pas le parac\u00e9tamol lui-m\u00eame.<\/p>\n\n\n\n<p class=\"\">Or, les Fran\u00e7ais sont les deuxi\u00e8mes plus gros consommateurs de parac\u00e9tamol au monde, juste apr\u00e8s les Allemands, avec plus de 500 millions de bo\u00eetes vendues chaque ann\u00e9e. En France, on consommerait entre 5.000 et 8.000 tonnes de parac\u00e9tamol par an, d\u2019apr\u00e8s Jean Boher, pr\u00e9sident d\u2019Ipsoph\u00e8ne, au micro de&nbsp;<a href=\"https:\/\/rmc.bfmtv.com\/actualites\/societe\/sante\/des-medicaments-plus-vertueux-mais-plus-cher-la-production-de-paracetamol-fait-son-retour-en-france_AV-202402210163.html#:~:text=On%20consomme%208000%20tonnes%20par,ou%20Upsa%2C%20explique%20Jean%20Boher.\" target=\"_blank\" rel=\"noreferrer noopener\">RMC<\/a>. Au niveau europ\u00e9en, la consommation s\u2019\u00e9l\u00e8ve \u00e0 environ 30.000 tonnes par an&nbsp;<a href=\"https:\/\/mesinfos.fr\/38150-roussillon\/a-roussillon-du-paracetamol-produit-des-2026-185101.html\" target=\"_blank\" rel=\"noreferrer noopener\">d\u2019apr\u00e8s J\u00e9r\u00f4me Geneste<\/a>, directeur du site Seqens de Roussillon.<\/p>\n\n\n\n<h2 class=\"wp-block-heading\" id=\"b8ru\">Vers une production en France d\u2019ici 2025<\/h2>\n\n\n\n<p class=\"\">Depuis cette prise en compte de la n\u00e9cessit\u00e9 d\u2019une souverainet\u00e9 fran\u00e7aise, deux usines ont annonc\u00e9 pr\u00e9voir la production du parac\u00e9tamol en France.<\/p>\n\n\n\n<p class=\"\">D\u2019abord le&nbsp;<a href=\"https:\/\/www.bfmtv.com\/sante\/paracetamol-l-usine-basee-a-toulouse-pourra-produire-en-pleine-capacite-40-de-la-consommation-francaise-assure-jean-boher-president-d-ipsophene_VN-202402220331.html\">groupe Ipsoph\u00e8ne<\/a>, \u00e0 Toulouse, qui entend produire&nbsp;<a href=\"https:\/\/rmc.bfmtv.com\/actualites\/societe\/sante\/des-medicaments-plus-vertueux-mais-plus-cher-la-production-de-paracetamol-fait-son-retour-en-france_AV-202402210163.html#:~:text=On%20consomme%208000%20tonnes%20par,ou%20Upsa%2C%20explique%20Jean%20Boher.\" target=\"_blank\" rel=\"noreferrer noopener\">3.400 tonnes<\/a>&nbsp;de parac\u00e9tamol par an. L&rsquo;usine devrait ouvrir ses portes d\u00e9but 2025 \u00e0 Toulouse. Des investissements de plus de 30 millions d\u2019euros sont pr\u00e9vus, le financement de la r\u00e9gion s\u2019\u00e9levant \u00e0 4,2 millions d\u2019euros.<\/p>\n\n\n\n<p class=\"\">Ensuite, \u00e0 Roussillon, en Is\u00e8re,&nbsp;<a href=\"https:\/\/www.bfmtv.com\/economie\/economie-social\/france\/la-france-va-recommencer-a-produire-du-paracetamol-des-2023_AD-202106300016.html\">l\u2019entreprise Seqens<\/a>&nbsp;vise une commercialisation en 2026 de 15.000 tonnes de parac\u00e9tamol par an. Un investissement tr\u00e8s important pour l\u2019entreprise, \u00e0 hauteur de 100 millions d\u2019euros: \u00ab\u00a0Le plus gros projet qu\u2019on ait jamais fait pour Seqens\u00a0\u00bb, explique J\u00e9r\u00f4me Geneste, directeur du site Seqens de Roussillon, au micro de&nbsp;<a href=\"https:\/\/www.bfmtv.com\/economie\/replay-emissions\/soixante-minutes-business\/seqens-veut-relocaliser-la-production-de-paracetamol-en-france-avec-un-objectif-de-150-000-tonnes-de-capacite-en-2026_VN-202303070357.html\">BFM Business<\/a>. L\u2019\u00c9tat soutient le projet \u00e0 hauteur de 30 \u00e0 40%.<\/p>\n\n\n\n<p class=\"\">La dimension \u00e9cologique ainsi que la comp\u00e9titivit\u00e9 sont fondamentales dans ces relocalisations avec \u00ab\u00a0une empreinte environnementale cinq \u00e0 dix fois inf\u00e9rieure aux proc\u00e9d\u00e9s asiatiques\u00a0\u00bb, explique J\u00e9r\u00f4me Geneste.<\/p>\n\n\n\n<h2 class=\"wp-block-heading\" id=\"dkfda\">Hausse du co\u00fbt de production<\/h2>\n\n\n\n<p class=\"\">Des interrogations persistent toutefois quant au co\u00fbt de production du principe actif qui serait sup\u00e9rieur de 30 \u00e0 40% par rapport \u00e0 celui de la mol\u00e9cule import\u00e9e. Les industriels seront-ils pr\u00eats \u00e0 s\u2019approvisionner plus cher pour un produit fran\u00e7ais? Robert Monti, directeur g\u00e9n\u00e9ral sant\u00e9 publique de Seqens, se veut rassurant sur ce point.<\/p>\n\n\n\n<blockquote class=\"wp-block-quote is-layout-flow wp-block-quote-is-layout-flow\">\n<p class=\"\">\u00ab\u00a0Depuis l\u2019\u00e9t\u00e9 2020, on a un engagement des deux gros laboratoires pharmaceutiques fran\u00e7ais dans le parac\u00e9tamol Sanofi et Upsa sur des engagements de long terme. Cela permet de s\u2019assurer que le projet sera p\u00e9renne\u00a0\u00bb<\/p>\n<\/blockquote>\n\n\n\n<p class=\"\">Quant au prix du m\u00e9dicament et \u00e0 l\u2019impact final pour le consommateur de parac\u00e9tamol, c\u2019est l\u2019Etat qui fixe le prix du m\u00e9dicament. Reste \u00e0 savoir si des changements sont \u00e0 venir sur ce plan-l\u00e0.<\/p>\n","protected":false},"excerpt":{"rendered":"<p>La crise Covid et les difficult\u00e9s d&rsquo;approvisionnement en parac\u00e9tamol ont conduit l&rsquo;\u00c9tat \u00e0 relancer sa production en France. Un engagement qui devrait voir le jour en 2025. Il venait parler industrie et automobile mais l&rsquo;actualit\u00e9 l&rsquo;a rattrap\u00e9. Lors du Mondial de l\u2019Auto, interrog\u00e9 sur le&nbsp;dossier de la vente d&rsquo;Opella, le fabricant du Doliprane, \u00e0 un [&hellip;]<\/p>\n","protected":false},"author":2,"featured_media":30519,"comment_status":"open","ping_status":"open","sticky":false,"template":"","format":"standard","meta":{"_jetpack_memberships_contains_paid_content":false,"footnotes":"","jetpack_publicize_message":"","jetpack_publicize_feature_enabled":true,"jetpack_social_post_already_shared":true,"jetpack_social_options":{"image_generator_settings":{"template":"highway","enabled":true,"token":"eyJpbWciOiJodHRwczpcL1wvd3d3LmljZWFnZXR2LmNvbVwvcmFkaW9zaXRlXC93cC1jb250ZW50XC91cGxvYWRzXC8yMDI0XC8xMFwvdmVycy11bi1yZXRvdXItZGUtbGEtcHJvZHVjdGlvbi1kZS1wYXJhY2V0YW1vbC1lbi1GcmFuY2UtZW4tMjAyNS5qcGciLCJ0eHQiOiJBdS1kZWxcdTAwZTAgZGUgbGEgdmVudGUgZHUgRG9saXByYW5lLCB2ZXJzIHVuIHJldG91ciBkZSBsYSBwcm9kdWN0aW9uIGRlIHBhcmFjXHUwMGU5dGFtb2wgZW4gRnJhbmNlIGVuIDIwMjUiLCJ0ZW1wbGF0ZSI6ImhpZ2h3YXkiLCJibG9nX2lkIjoxMTEwMTY0NjF9.5PZjuGTOapcoRSVACy_RBJ79mCr4Mdr-0flfkslsiPMMQ"},"version":2},"_wpas_customize_per_network":false},"categories":[405],"tags":[],"class_list":["post-30518","post","type-post","status-publish","format-standard","has-post-thumbnail","hentry","category-actu-france-monde"],"jetpack_publicize_connections":[],"jetpack_featured_media_url":"https:\/\/i0.wp.com\/www.iceagetv.com\/radiosite\/wp-content\/uploads\/2024\/10\/vers-un-retour-de-la-production-de-paracetamol-en-France-en-2025.jpg?fit=768%2C432&ssl=1","jetpack_sharing_enabled":true,"_links":{"self":[{"href":"https:\/\/www.iceagetv.com\/radiosite\/wp-json\/wp\/v2\/posts\/30518","targetHints":{"allow":["GET"]}}],"collection":[{"href":"https:\/\/www.iceagetv.com\/radiosite\/wp-json\/wp\/v2\/posts"}],"about":[{"href":"https:\/\/www.iceagetv.com\/radiosite\/wp-json\/wp\/v2\/types\/post"}],"author":[{"embeddable":true,"href":"https:\/\/www.iceagetv.com\/radiosite\/wp-json\/wp\/v2\/users\/2"}],"replies":[{"embeddable":true,"href":"https:\/\/www.iceagetv.com\/radiosite\/wp-json\/wp\/v2\/comments?post=30518"}],"version-history":[{"count":1,"href":"https:\/\/www.iceagetv.com\/radiosite\/wp-json\/wp\/v2\/posts\/30518\/revisions"}],"predecessor-version":[{"id":30520,"href":"https:\/\/www.iceagetv.com\/radiosite\/wp-json\/wp\/v2\/posts\/30518\/revisions\/30520"}],"wp:featuredmedia":[{"embeddable":true,"href":"https:\/\/www.iceagetv.com\/radiosite\/wp-json\/wp\/v2\/media\/30519"}],"wp:attachment":[{"href":"https:\/\/www.iceagetv.com\/radiosite\/wp-json\/wp\/v2\/media?parent=30518"}],"wp:term":[{"taxonomy":"category","embeddable":true,"href":"https:\/\/www.iceagetv.com\/radiosite\/wp-json\/wp\/v2\/categories?post=30518"},{"taxonomy":"post_tag","embeddable":true,"href":"https:\/\/www.iceagetv.com\/radiosite\/wp-json\/wp\/v2\/tags?post=30518"}],"curies":[{"name":"wp","href":"https:\/\/api.w.org\/{rel}","templated":true}]}}