{"id":30521,"date":"2024-10-16T19:18:01","date_gmt":"2024-10-16T17:18:01","guid":{"rendered":"https:\/\/www.iceagetv.com\/radiosite\/?p=30521"},"modified":"2024-10-16T19:18:06","modified_gmt":"2024-10-16T17:18:06","slug":"disparition-de-lina-le-corps-de-la-jeune-fille-a-ete-retrouve","status":"publish","type":"post","link":"https:\/\/www.iceagetv.com\/radiosite\/disparition-de-lina-le-corps-de-la-jeune-fille-a-ete-retrouve\/","title":{"rendered":"Disparition de Lina : le corps de la jeune fille a \u00e9t\u00e9 retrouv\u00e9"},"content":{"rendered":"\n<p class=\"\">Le procureur de Strasbourg a annonc\u00e9 ce mercredi 16 octobre que le corps de Lina a \u00e9t\u00e9 retrouv\u00e9 dans une zone bois\u00e9e dans la r\u00e9gion de Nevers.Un corps sans vie a \u00e9t\u00e9 retrouv\u00e9 ce mercredi 16 octobre \u00ab\u00a0dans une zone bois\u00e9e et isol\u00e9e dans la r\u00e9gion de Nevers\u00a0\u00bb, a indiqu\u00e9 le procureur de la R\u00e9publique de Strasbourg Alexandre Chevrier dans un communiqu\u00e9. \u00ab\u00a0Le corps \u00e9tait retrouv\u00e9 immerg\u00e9 dans un cours d&rsquo;eau situ\u00e9 en contrebas d&rsquo;un talus\u00a0\u00bb, poursuit ce dernier.<\/p>\n\n\n\n<p class=\"\">Le v\u00e9hicule Ford Puma utilis\u00e9 par&nbsp;<a href=\"https:\/\/www.rtl.fr\/actu\/justice-faits-divers\/disparition-de-lina-samuel-gonin-un-principal-suspect-au-profil-psychologique-fragile-7900411115\">Samuel Gonin, le principal suspect<\/a>&nbsp;(retrouv\u00e9 mort pendu),&nbsp;\u00ab\u00a0avait \u00e9t\u00e9 g\u00e9olocalis\u00e9 \u00e0 cet endroit le 24 septembre 2023, soit le lendemain de la disparition de Lina\u00a0\u00bb. \u00ab\u00a0Les analyses g\u00e9n\u00e9tiques effectu\u00e9es en urgence par l&rsquo;IRCGN ont permis de confirmer&nbsp;<strong>qu&rsquo;il s&rsquo;agit&nbsp;<\/strong><a href=\"https:\/\/www.rtl.fr\/actu\/justice-faits-divers\/disparition-de-lina-un-an-apres-ou-en-est-l-enquete-7900420664\">du corps de Lina<\/a>\u00ab\u00a0, souligne le procureur.<\/p>\n\n\n\n<p class=\"\"><strong>Des expertises m\u00e9dico-l\u00e9gales \u00ab\u00a0vont \u00eatre ordonn\u00e9es<\/strong>&nbsp;par les magistrats instructeurs aux fins de rechercher la cause de la mort\u00a0\u00bb, conclut ce dernier.<\/p>\n","protected":false},"excerpt":{"rendered":"<p>Le procureur de Strasbourg a annonc\u00e9 ce mercredi 16 octobre que le corps de Lina a \u00e9t\u00e9 retrouv\u00e9 dans une zone bois\u00e9e dans la r\u00e9gion de Nevers.Un corps sans vie a \u00e9t\u00e9 retrouv\u00e9 ce mercredi 16 octobre \u00ab\u00a0dans une zone bois\u00e9e et isol\u00e9e dans la r\u00e9gion de Nevers\u00a0\u00bb, a indiqu\u00e9 le procureur de la R\u00e9publique [&hellip;]<\/p>\n","protected":false},"author":2,"featured_media":30522,"comment_status":"open","ping_status":"open","sticky":false,"template":"","format":"standard","meta":{"_jetpack_memberships_contains_paid_content":false,"footnotes":"","jetpack_publicize_message":"","jetpack_publicize_feature_enabled":true,"jetpack_social_post_already_shared":true,"jetpack_social_options":{"image_generator_settings":{"template":"highway","enabled":true,"token":"eyJpbWciOiJodHRwczpcL1wvd3d3LmljZWFnZXR2LmNvbVwvcmFkaW9zaXRlXC93cC1jb250ZW50XC91cGxvYWRzXC8yMDI0XC8xMFwvMTY5MzUyNy1wb3J0cmFpdC1kZS1saW5hLTEwMjR4NjgyLmpwZyIsInR4dCI6IkRpc3Bhcml0aW9uIGRlIExpbmEgOiBsZSBjb3JwcyBkZSBsYSBqZXVuZSBmaWxsZSBhIFx1MDBlOXRcdTAwZTkgcmV0cm91dlx1MDBlOSIsInRlbXBsYXRlIjoiaGlnaHdheSIsImJsb2dfaWQiOjExMTAxNjQ2MX0.AR5wA1ZqP4YZbVq5Nx5lDQi_7qozN1MpOd8W22y4KmIMQ"},"version":2},"_wpas_customize_per_network":false},"categories":[405],"tags":[],"class_list":["post-30521","post","type-post","status-publish","format-standard","has-post-thumbnail","hentry","category-actu-france-monde"],"jetpack_publicize_connections":[],"jetpack_featured_media_url":"https:\/\/i0.wp.com\/www.iceagetv.com\/radiosite\/wp-content\/uploads\/2024\/10\/1693527-portrait-de-lina.jpg?fit=1540%2C1026&ssl=1","jetpack_sharing_enabled":true,"_links":{"self":[{"href":"https:\/\/www.iceagetv.com\/radiosite\/wp-json\/wp\/v2\/posts\/30521","targetHints":{"allow":["GET"]}}],"collection":[{"href":"https:\/\/www.iceagetv.com\/radiosite\/wp-json\/wp\/v2\/posts"}],"about":[{"href":"https:\/\/www.iceagetv.com\/radiosite\/wp-json\/wp\/v2\/types\/post"}],"author":[{"embeddable":true,"href":"https:\/\/www.iceagetv.com\/radiosite\/wp-json\/wp\/v2\/users\/2"}],"replies":[{"embeddable":true,"href":"https:\/\/www.iceagetv.com\/radiosite\/wp-json\/wp\/v2\/comments?post=30521"}],"version-history":[{"count":1,"href":"https:\/\/www.iceagetv.com\/radiosite\/wp-json\/wp\/v2\/posts\/30521\/revisions"}],"predecessor-version":[{"id":30523,"href":"https:\/\/www.iceagetv.com\/radiosite\/wp-json\/wp\/v2\/posts\/30521\/revisions\/30523"}],"wp:featuredmedia":[{"embeddable":true,"href":"https:\/\/www.iceagetv.com\/radiosite\/wp-json\/wp\/v2\/media\/30522"}],"wp:attachment":[{"href":"https:\/\/www.iceagetv.com\/radiosite\/wp-json\/wp\/v2\/media?parent=30521"}],"wp:term":[{"taxonomy":"category","embeddable":true,"href":"https:\/\/www.iceagetv.com\/radiosite\/wp-json\/wp\/v2\/categories?post=30521"},{"taxonomy":"post_tag","embeddable":true,"href":"https:\/\/www.iceagetv.com\/radiosite\/wp-json\/wp\/v2\/tags?post=30521"}],"curies":[{"name":"wp","href":"https:\/\/api.w.org\/{rel}","templated":true}]}}