{"id":30534,"date":"2024-10-17T17:36:29","date_gmt":"2024-10-17T15:36:29","guid":{"rendered":"https:\/\/www.iceagetv.com\/radiosite\/?p=30534"},"modified":"2024-10-17T17:36:33","modified_gmt":"2024-10-17T15:36:33","slug":"coup-de-theatre-la-chaine-de-tele-de-ouest-france-qui-doit-remplacer-c8-ou-nrj12-ne-sera-pas-prete-le-1er-mars-le-plateau-tele-ne-sera-pas-construit-avant-3-ans-et-le-nombre-demploi-est-divise-pa","status":"publish","type":"post","link":"https:\/\/www.iceagetv.com\/radiosite\/coup-de-theatre-la-chaine-de-tele-de-ouest-france-qui-doit-remplacer-c8-ou-nrj12-ne-sera-pas-prete-le-1er-mars-le-plateau-tele-ne-sera-pas-construit-avant-3-ans-et-le-nombre-demploi-est-divise-pa\/","title":{"rendered":"Coup de th\u00e9\u00e2tre : La cha\u00eene de t\u00e9l\u00e9 de Ouest France qui doit remplacer C8 ou NRJ12 ne sera pas pr\u00eate le 1er mars, le plateau t\u00e9l\u00e9 ne sera pas construit avant 3 ans et le nombre d&#8217;emploi est divis\u00e9 par 2 !"},"content":{"rendered":"\n<p class=\"\">C&rsquo;est un v\u00e9ritable coup de th\u00e9\u00e2tre qui est en train de se d\u00e9rouler en coulisses et qui pourrait peut-\u00eatre changer la donne ! Selon La Lettre, Ouest-France est (d\u00e9j\u00e0) en train de revoir ses projets \u00e0 la baisse pour la cr\u00e9ation de sa cha\u00eene de t\u00e9l\u00e9. Alors que le groupe devrait prendre la place de C8 ou de NRJ12 le 1er mars avec une nouvelle cha\u00eene de t\u00e9l\u00e9, il semble que les ambitions soient fortement revues \u00e0 la baisse et soient bien loin des promesses qui ont \u00e9t\u00e9 faites devant l&rsquo;ARCOM pour obtenir une fr\u00e9quence.<\/p>\n\n\n\n<p class=\"\">D&rsquo;une part, selon La Lettre, la chaine ne sera pas pr\u00eate le 1er mars alors que C8 devrait s&rsquo;arr\u00eater le 28 f\u00e9vrier prochain, mais le nombre d&#8217;emploi affich\u00e9 lors de l&rsquo;audition est quasiment divis\u00e9 par deux, et le plateau en r\u00e9gion, qui \u00e9tait le centre de l&rsquo;argumentation de la cha\u00eene ne sera pas construit avant 2 ou 3 ans !.<\/p>\n\n\n\n<p class=\"\">Ce ne sont donc plus 58 salari\u00e9s qui vont \u00eatre embauch\u00e9s, mais seulement&#8230;35 !<\/p>\n\n\n\n<p class=\"\">Quand au lancement de la cha\u00eene, ce ne devrait pas \u00eatre avant le 1er septembre si l&rsquo;ARCOM l&rsquo;accepte. En clair, l&rsquo;autorit\u00e9 de r\u00e9gulation d\u00e9cide de supprimer la premi\u00e8re cha\u00eene de la TNT en France, C8, et ses pr\u00e8s de 200 emplois li\u00e9s de pr\u00e8s ou de loin, pour une cha\u00eene qui ne sera pas pr\u00eate le 1er mars avec seulement 35 salari\u00e9s.<\/p>\n\n\n\n<p class=\"\">De quoi s&rsquo;interroger sur les choix et sur les programmes qui seront ainsi propos\u00e9s aux t\u00e9l\u00e9spectateurs qui eux, souhaitaient sans aucun doute continuer \u00e0 regarder leur cha\u00eene pr\u00e9f\u00e9r\u00e9e.<\/p>\n\n\n\n<p class=\"\">Pourquoi ces changements ? Pour minimiser les investissements tant qu&rsquo;un \u00ab\u00a0certain niveau d&rsquo;audience n&rsquo;aura pas \u00e9t\u00e9 atteint\u00a0\u00bb auraient affirm\u00e9 les dirigeants du groupe<\/p>\n\n\n\n<p class=\"\">Mais ce n&rsquo;est pas tout, car&nbsp; les travaux de construction du plateau TV \u00e0 Rennes, qui \u00e9tait un des principaux arguments de la cha\u00eene pour d\u00e9fendre son enracinement r\u00e9gional, ne d\u00e9buteront pas avant 2 ou 3 ans, c&rsquo;est \u00e0 dire en 2026, voire 2027, en raison de leur co\u00fbt important.\u00a0\u00bb<\/p>\n\n\n\n<p class=\"\">Le 16 juillet 2024, cinq dirigeants du groupe Ouest-France avaient en effet d\u00e9fendu face \u00e0 l&rsquo;Arcom un dossier comprenant \u00ab\u00a0cinq piliers\u00a0\u00bb : un talk-show quotidien intitul\u00e9 \u00ab\u00a0Le Talk en vrai\u00a0\u00bb s&rsquo;attachant \u00e0 l&rsquo;humain \u00ab\u00a0avec des gens que l&rsquo;on ne voit pas \u00e0 la t\u00e9l\u00e9vision\u00a0\u00bb, du divertissement, avec l&rsquo;adaptation de formats num\u00e9riques mais aussi des captations de concert et de spectacles d&rsquo;humour, de l&rsquo;information, avec un JT quotidien (\u00ab\u00a0De la commune au monde\u00a0\u00bb), de la fiction, avec deux soir\u00e9es cin\u00e9ma par semaine et accompagn\u00e9es dans certains cas de soir\u00e9es d\u00e9bats. Il pourrait \u00e9galement y avoir des retransmissions de comp\u00e9titions de cyclisme.<\/p>\n","protected":false},"excerpt":{"rendered":"<p>C&rsquo;est un v\u00e9ritable coup de th\u00e9\u00e2tre qui est en train de se d\u00e9rouler en coulisses et qui pourrait peut-\u00eatre changer la donne ! Selon La Lettre, Ouest-France est (d\u00e9j\u00e0) en train de revoir ses projets \u00e0 la baisse pour la cr\u00e9ation de sa cha\u00eene de t\u00e9l\u00e9. Alors que le groupe devrait prendre la place de [&hellip;]<\/p>\n","protected":false},"author":2,"featured_media":30535,"comment_status":"open","ping_status":"open","sticky":false,"template":"","format":"standard","meta":{"_jetpack_memberships_contains_paid_content":false,"footnotes":"","jetpack_publicize_message":"","jetpack_publicize_feature_enabled":true,"jetpack_social_post_already_shared":true,"jetpack_social_options":{"image_generator_settings":{"template":"highway","enabled":true,"token":"eyJpbWciOiJodHRwczpcL1wvd3d3LmljZWFnZXR2LmNvbVwvcmFkaW9zaXRlXC93cC1jb250ZW50XC91cGxvYWRzXC8yMDI0XC8xMFwvOTNYM3kweksuanBnIiwidHh0IjoiQ291cCBkZSB0aFx1MDBlOVx1MDBlMnRyZSA6IExhIGNoYVx1MDBlZW5lIGRlIHRcdTAwZTlsXHUwMGU5IGRlIE91ZXN0IEZyYW5jZSBxdWkgZG9pdCByZW1wbGFjZXIgQzggb3UgTlJKMTIgbmUgc2VyYSBwYXMgcHJcdTAwZWF0ZSBsZSAxZXIgbWFycywgbGUgcGxhdGVhdSB0XHUwMGU5bFx1MDBlOSBuZSBzZXJhIHBhcyBjb25zdHJ1aXQgYXZhbnQgMyBhbnMgZXQgbGUgbm9tYnJlIGQmIzgyMTc7ZW1wbG9pIGVzdCBkaXZpc1x1MDBlOSBwYXIgMiAhIiwidGVtcGxhdGUiOiJoaWdod2F5IiwiYmxvZ19pZCI6MTExMDE2NDYxfQ.-5bA1xkxdlAvNlqmLP5Z_HqgnQW-4NY2TsPE1IXPqqgMQ"},"version":2},"_wpas_customize_per_network":false},"categories":[405],"tags":[],"class_list":["post-30534","post","type-post","status-publish","format-standard","has-post-thumbnail","hentry","category-actu-france-monde"],"jetpack_publicize_connections":[],"jetpack_featured_media_url":"https:\/\/i0.wp.com\/www.iceagetv.com\/radiosite\/wp-content\/uploads\/2024\/10\/93X3y0zK.jpg?fit=679%2C293&ssl=1","jetpack_sharing_enabled":true,"_links":{"self":[{"href":"https:\/\/www.iceagetv.com\/radiosite\/wp-json\/wp\/v2\/posts\/30534","targetHints":{"allow":["GET"]}}],"collection":[{"href":"https:\/\/www.iceagetv.com\/radiosite\/wp-json\/wp\/v2\/posts"}],"about":[{"href":"https:\/\/www.iceagetv.com\/radiosite\/wp-json\/wp\/v2\/types\/post"}],"author":[{"embeddable":true,"href":"https:\/\/www.iceagetv.com\/radiosite\/wp-json\/wp\/v2\/users\/2"}],"replies":[{"embeddable":true,"href":"https:\/\/www.iceagetv.com\/radiosite\/wp-json\/wp\/v2\/comments?post=30534"}],"version-history":[{"count":1,"href":"https:\/\/www.iceagetv.com\/radiosite\/wp-json\/wp\/v2\/posts\/30534\/revisions"}],"predecessor-version":[{"id":30536,"href":"https:\/\/www.iceagetv.com\/radiosite\/wp-json\/wp\/v2\/posts\/30534\/revisions\/30536"}],"wp:featuredmedia":[{"embeddable":true,"href":"https:\/\/www.iceagetv.com\/radiosite\/wp-json\/wp\/v2\/media\/30535"}],"wp:attachment":[{"href":"https:\/\/www.iceagetv.com\/radiosite\/wp-json\/wp\/v2\/media?parent=30534"}],"wp:term":[{"taxonomy":"category","embeddable":true,"href":"https:\/\/www.iceagetv.com\/radiosite\/wp-json\/wp\/v2\/categories?post=30534"},{"taxonomy":"post_tag","embeddable":true,"href":"https:\/\/www.iceagetv.com\/radiosite\/wp-json\/wp\/v2\/tags?post=30534"}],"curies":[{"name":"wp","href":"https:\/\/api.w.org\/{rel}","templated":true}]}}