{"id":30562,"date":"2024-10-18T11:08:23","date_gmt":"2024-10-18T09:08:23","guid":{"rendered":"https:\/\/www.iceagetv.com\/radiosite\/?p=30562"},"modified":"2024-10-18T11:08:27","modified_gmt":"2024-10-18T09:08:27","slug":"polemique-sur-la-creation-disrael-emmanuel-macron-sen-prend-violemment-aux-journalistes-et-a-ses-ministres-qui-manquent-de-professionnalisme","status":"publish","type":"post","link":"https:\/\/www.iceagetv.com\/radiosite\/polemique-sur-la-creation-disrael-emmanuel-macron-sen-prend-violemment-aux-journalistes-et-a-ses-ministres-qui-manquent-de-professionnalisme\/","title":{"rendered":"Pol\u00e9mique sur la cr\u00e9ation d&rsquo;Isra\u00ebl : Emmanuel Macron s&rsquo;en prend violemment aux journalistes et \u00e0 ses ministres qui \u00abmanquent de professionnalisme\u00bb"},"content":{"rendered":"\n<p class=\"\">Apr\u00e8s les vives pol\u00e9miques qui ont fait suite \u00e0 ses propos sur Isra\u00ebl, Emmanuel Macron s&rsquo;en est violemment pris aux journalistes et \u00e0 ses ministres qui \u00abmanquent de professionnalisme\u00bb, selon lui.<\/p>\n\n\n\n<p class=\"\">\u00abManque de professionnalisme\u00bb des ministres et des journalistes, \u00abd\u00e9litement du d\u00e9bat public\u00bb : Emmanuel&nbsp;Macron&nbsp;a violemment ripost\u00e9 jeudi apr\u00e8s des propos rapport\u00e9s sur la cr\u00e9ation de l&rsquo;Etat d&rsquo;Isra\u00ebl qui lui ont valu de vives critiques du Premier ministre Benjamin Netanyahou et du&nbsp;<a href=\"https:\/\/www.cnews.fr\/gerard-larcher\" target=\"_blank\" rel=\"noreferrer noopener\">pr\u00e9sident du S\u00e9nat G\u00e9rard Larcher<\/a>.<\/p>\n\n\n\n<p class=\"\">\u00abJe voudrais me permettre de rappeler quelques r\u00e8gles\u00bb, a lanc\u00e9 le chef de l&rsquo;Etat, tr\u00e8s remont\u00e9, en pr\u00e9ambule de sa conf\u00e9rence de presse \u00e0 l&rsquo;issue d&rsquo;un sommet europ\u00e9en \u00e0 Bruxelles.<\/p>\n\n\n\n<h2 class=\"wp-block-heading\">\u00abD\u00e9litement du d\u00e9bat public\u00bb<\/h2>\n\n\n\n<p class=\"\">\u00abJe dois vous dire combien j&rsquo;ai \u00e9t\u00e9 stup\u00e9fait de lire tant de commentaires, de commentaires de commentaires, de r\u00e9actions, y compris de responsables politiques, \u00e9trangers ou fran\u00e7ais, devant des propos que j\u2019aurais tenus sans se poser la question de savoir (..) ce que j&rsquo;aurais exactement dit\u00bb, a-t-il dit.<\/p>\n\n\n\n<p class=\"\">En cause, des d\u00e9clarations du chef de l&rsquo;Etat rapport\u00e9es par des participants au Conseil des ministres mardi: \u00abBenjamin Netanyahou ne doit pas oublier que son pays a \u00e9t\u00e9 cr\u00e9\u00e9 par une d\u00e9cision de l&rsquo;ONU\u00bb, avait lanc\u00e9 Emmanuel&nbsp;Macron&nbsp;selon ces sources, alors qu&rsquo;\u00e9tait abord\u00e9e la guerre \u00e0 Gaza et au Liban.&nbsp;<\/p>\n\n\n\n<p class=\"\">Il exhortait ainsi le Premier ministre isra\u00e9lien, avec lequel il a multipli\u00e9 les passes d&rsquo;armes ces derniers jours, \u00e0 ne pas \u00abs&rsquo;affranchir des d\u00e9cisions de l&rsquo;ONU\u00bb, selon ces m\u00eames participants.<\/p>\n\n\n\n<p class=\"\">Des propos qui ont aussit\u00f4t d\u00e9clench\u00e9 de vives interrogations sur une possible remise en cause de la l\u00e9gitimit\u00e9 d&rsquo;Isra\u00ebl et jusqu&rsquo;\u00e0 un rappel \u00e0 l&rsquo;ordre du troisi\u00e8me personnage de l&rsquo;Etat, G\u00e9rard Larcher.<\/p>\n\n\n\n<p class=\"\"><a href=\"https:\/\/www.cnews.fr\/proche-orient\">Proche-Orient<\/a><a href=\"https:\/\/www.cnews.fr\/israel\">Isra\u00ebl<\/a><a href=\"https:\/\/www.cnews.fr\/emmanuel-macron\">Emmanuel Macron<\/a><\/p>\n","protected":false},"excerpt":{"rendered":"<p>Apr\u00e8s les vives pol\u00e9miques qui ont fait suite \u00e0 ses propos sur Isra\u00ebl, Emmanuel Macron s&rsquo;en est violemment pris aux journalistes et \u00e0 ses ministres qui \u00abmanquent de professionnalisme\u00bb, selon lui. \u00abManque de professionnalisme\u00bb des ministres et des journalistes, \u00abd\u00e9litement du d\u00e9bat public\u00bb : Emmanuel&nbsp;Macron&nbsp;a violemment ripost\u00e9 jeudi apr\u00e8s des propos rapport\u00e9s sur la cr\u00e9ation [&hellip;]<\/p>\n","protected":false},"author":2,"featured_media":30563,"comment_status":"open","ping_status":"open","sticky":false,"template":"","format":"standard","meta":{"_jetpack_memberships_contains_paid_content":false,"footnotes":"","jetpack_publicize_message":"","jetpack_publicize_feature_enabled":true,"jetpack_social_post_already_shared":true,"jetpack_social_options":{"image_generator_settings":{"template":"highway","enabled":true,"token":"eyJpbWciOiJodHRwczpcL1wvd3d3LmljZWFnZXR2LmNvbVwvcmFkaW9zaXRlXC93cC1jb250ZW50XC91cGxvYWRzXC8yMDI0XC8xMFwvMjAyNC0xMC0xN3QxOTQ2NDd6Xzg3Mzg4NDM5Ml9yYzJqbWFhMDJobTdfcnRybWFkcF8zX2V1LXN1bW1pdF82NzExZjAxMGUwZDk3XzAuanBnIiwidHh0IjoiUG9sXHUwMGU5bWlxdWUgc3VyIGxhIGNyXHUwMGU5YXRpb24gZCYjODIxNztJc3JhXHUwMGVibCA6IEVtbWFudWVsIE1hY3JvbiBzJiM4MjE3O2VuIHByZW5kIHZpb2xlbW1lbnQgYXV4IGpvdXJuYWxpc3RlcyBldCBcdTAwZTAgc2VzIG1pbmlzdHJlcyBxdWkgXHUwMGFibWFucXVlbnQgZGUgcHJvZmVzc2lvbm5hbGlzbWVcdTAwYmIiLCJ0ZW1wbGF0ZSI6ImhpZ2h3YXkiLCJibG9nX2lkIjoxMTEwMTY0NjF9.NoBdbERx1Swi6C0FZduFtz1z22rKsCx4OI3glARgjwcMQ"},"version":2},"_wpas_customize_per_network":false},"categories":[405],"tags":[],"class_list":["post-30562","post","type-post","status-publish","format-standard","has-post-thumbnail","hentry","category-actu-france-monde"],"jetpack_publicize_connections":[],"jetpack_featured_media_url":"https:\/\/i0.wp.com\/www.iceagetv.com\/radiosite\/wp-content\/uploads\/2024\/10\/2024-10-17t194647z_873884392_rc2jmaa02hm7_rtrmadp_3_eu-summit_6711f010e0d97_0.jpg?fit=750%2C422&ssl=1","jetpack_sharing_enabled":true,"_links":{"self":[{"href":"https:\/\/www.iceagetv.com\/radiosite\/wp-json\/wp\/v2\/posts\/30562","targetHints":{"allow":["GET"]}}],"collection":[{"href":"https:\/\/www.iceagetv.com\/radiosite\/wp-json\/wp\/v2\/posts"}],"about":[{"href":"https:\/\/www.iceagetv.com\/radiosite\/wp-json\/wp\/v2\/types\/post"}],"author":[{"embeddable":true,"href":"https:\/\/www.iceagetv.com\/radiosite\/wp-json\/wp\/v2\/users\/2"}],"replies":[{"embeddable":true,"href":"https:\/\/www.iceagetv.com\/radiosite\/wp-json\/wp\/v2\/comments?post=30562"}],"version-history":[{"count":1,"href":"https:\/\/www.iceagetv.com\/radiosite\/wp-json\/wp\/v2\/posts\/30562\/revisions"}],"predecessor-version":[{"id":30564,"href":"https:\/\/www.iceagetv.com\/radiosite\/wp-json\/wp\/v2\/posts\/30562\/revisions\/30564"}],"wp:featuredmedia":[{"embeddable":true,"href":"https:\/\/www.iceagetv.com\/radiosite\/wp-json\/wp\/v2\/media\/30563"}],"wp:attachment":[{"href":"https:\/\/www.iceagetv.com\/radiosite\/wp-json\/wp\/v2\/media?parent=30562"}],"wp:term":[{"taxonomy":"category","embeddable":true,"href":"https:\/\/www.iceagetv.com\/radiosite\/wp-json\/wp\/v2\/categories?post=30562"},{"taxonomy":"post_tag","embeddable":true,"href":"https:\/\/www.iceagetv.com\/radiosite\/wp-json\/wp\/v2\/tags?post=30562"}],"curies":[{"name":"wp","href":"https:\/\/api.w.org\/{rel}","templated":true}]}}