{"id":30570,"date":"2024-10-18T15:53:28","date_gmt":"2024-10-18T13:53:28","guid":{"rendered":"https:\/\/www.iceagetv.com\/radiosite\/?p=30570"},"modified":"2024-10-18T15:53:31","modified_gmt":"2024-10-18T13:53:31","slug":"cycliste-tue-a-paris-lautomobiliste-soupconne-de-lui-avoir-volontairement-roule-dessus-apres-une-altercation-mis-en-examen-pour-homicide-volontaire","status":"publish","type":"post","link":"https:\/\/www.iceagetv.com\/radiosite\/cycliste-tue-a-paris-lautomobiliste-soupconne-de-lui-avoir-volontairement-roule-dessus-apres-une-altercation-mis-en-examen-pour-homicide-volontaire\/","title":{"rendered":"Cycliste tu\u00e9 \u00e0 Paris: L&rsquo;automobiliste soup\u00e7onn\u00e9 de lui avoir volontairement roul\u00e9 dessus apr\u00e8s une altercation mis en examen pour \u00ab\u00a0homicide volontaire\u00a0\u00bb"},"content":{"rendered":"\n<p class=\"\">L\u2019automobiliste de 52 ans suspect\u00e9 d\u2019avoir volontairement \u00e9cras\u00e9 un cycliste mardi apr\u00e8s-midi \u00e0 Paris a \u00e9t\u00e9 mis en examen pour \u00abhomicide volontaire\u00bb, a-t-on appris aupr\u00e8s du parquet de Paris. Il a \u00e9t\u00e9 pr\u00e9sent\u00e9 \u00e0 un juge d\u2019instruction ce vendredi matin apr\u00e8s 48 heures de garde \u00e0 vue au cours de laquelle il a plaid\u00e9 l\u2019accident, \u00able mouvement maladroit qui a caus\u00e9 la mort du cycliste\u00bb indique une source proche du dossier au Figaro.&nbsp;<\/p>\n\n\n\n<p class=\"\">Les faits qui lui sont reproch\u00e9s se sont d\u00e9roul\u00e9s \u00e0 17h45 sur le boulevard Malesherbes, dans le 8e arrondissement. Paul Varry, 27 ans, rentrait du travail \u00e0 v\u00e9lo quand un diff\u00e9rend avec Ariel M., conducteur d&rsquo;un SUV, a \u00e9clat\u00e9. Selon des t\u00e9moignages \u00abrecueillis \u00e0 ce stade\u00bb et l&rsquo;exploitation de la vid\u00e9osurveillance, le conducteur, apr\u00e8s avoir roul\u00e9 sur le pied du cycliste alors qu&rsquo;il circulait sur la piste cyclable, \u00aba tourn\u00e9 ses roues en direction (de la victime descendue de son v\u00e9lo, NDLR) et repris une marche avant en sa direction\u00bb, a d\u00e9taill\u00e9 le parquet.<\/p>\n\n\n\n<p class=\"\">Le cycliste \u00abavait donn\u00e9 un coup sur le capot pour alerter le conducteur, qui aurait dans un premier temps recul\u00e9, d\u00e9gageant le pied\u00bb, poursuit le minist\u00e8re public. Il avait ensuite \u00abl\u00e2ch\u00e9 son v\u00e9lo pour se positionner \u00e0 l&rsquo;avant gauche de la voiture, manifestant son m\u00e9contentement. Le conducteur avait alors tourn\u00e9 ses roues en direction du pi\u00e9ton et repris une marche avant en sa direction\u00bb, a-t-il ajout\u00e9. L&rsquo;autopsie a confirm\u00e9 les marques d&rsquo;un franchissement du corps par le v\u00e9hicule et la vid\u00e9osurveillance montre une sur\u00e9l\u00e9vation de l&rsquo;avant, puis de l&rsquo;arri\u00e8re du c\u00f4t\u00e9 gauche du v\u00e9hicule, a-t-on pr\u00e9cis\u00e9.<\/p>\n\n\n\n<p class=\"\">Mercredi soir, un hommage a \u00e9t\u00e9 rendu \u00e0 Paul Varry place de la Madeleine o\u00f9 800 personnes se sont rassembl\u00e9es, selon l\u2019association Paris en Selle dont il \u00e9tait un \u00abmembre actif\u00bb. Il \u00abavait fait du d\u00e9veloppement du v\u00e9lo un engagement de sa vie, r\u00e9digeant notamment le livre blanc pour les pi\u00e9tons et les cyclistes de Saint-Ouen, qui a largement inspir\u00e9 l&rsquo;action publique dans le d\u00e9ploiement des mobilit\u00e9s douces \u00e0 l&rsquo;\u00e9chelle de la ville\u00bb, a soulign\u00e9 dans un communiqu\u00e9 la ville de Saint-Ouen, o\u00f9 la victime habitait.&nbsp;<\/p>\n","protected":false},"excerpt":{"rendered":"<p>L\u2019automobiliste de 52 ans suspect\u00e9 d\u2019avoir volontairement \u00e9cras\u00e9 un cycliste mardi apr\u00e8s-midi \u00e0 Paris a \u00e9t\u00e9 mis en examen pour \u00abhomicide volontaire\u00bb, a-t-on appris aupr\u00e8s du parquet de Paris. Il a \u00e9t\u00e9 pr\u00e9sent\u00e9 \u00e0 un juge d\u2019instruction ce vendredi matin apr\u00e8s 48 heures de garde \u00e0 vue au cours de laquelle il a plaid\u00e9 l\u2019accident, [&hellip;]<\/p>\n","protected":false},"author":2,"featured_media":30571,"comment_status":"open","ping_status":"open","sticky":false,"template":"","format":"standard","meta":{"_jetpack_memberships_contains_paid_content":false,"footnotes":"","jetpack_publicize_message":"","jetpack_publicize_feature_enabled":true,"jetpack_social_post_already_shared":true,"jetpack_social_options":{"image_generator_settings":{"template":"highway","enabled":true,"token":"eyJpbWciOiJodHRwczpcL1wvd3d3LmljZWFnZXR2LmNvbVwvcmFkaW9zaXRlXC93cC1jb250ZW50XC91cGxvYWRzXC8yMDI0XC8xMFwvZmM0NUg1S0ouanBnIiwidHh0IjoiQ3ljbGlzdGUgdHVcdTAwZTkgXHUwMGUwIFBhcmlzOiBMJiM4MjE3O2F1dG9tb2JpbGlzdGUgc291cFx1MDBlN29ublx1MDBlOSBkZSBsdWkgYXZvaXIgdm9sb250YWlyZW1lbnQgcm91bFx1MDBlOSBkZXNzdXMgYXByXHUwMGU4cyB1bmUgYWx0ZXJjYXRpb24gbWlzIGVuIGV4YW1lbiBwb3VyICYjODIyMDtob21pY2lkZSB2b2xvbnRhaXJlJiM4MjIxOyIsInRlbXBsYXRlIjoiaGlnaHdheSIsImJsb2dfaWQiOjExMTAxNjQ2MX0.3ZH-XfGc1F9YhtbIvkCyKwnaUQtiNIvm3WmBK7LWuQEMQ"},"version":2},"_wpas_customize_per_network":false},"categories":[405],"tags":[],"class_list":["post-30570","post","type-post","status-publish","format-standard","has-post-thumbnail","hentry","category-actu-france-monde"],"jetpack_publicize_connections":[],"jetpack_featured_media_url":"https:\/\/i0.wp.com\/www.iceagetv.com\/radiosite\/wp-content\/uploads\/2024\/10\/fc45H5KJ.jpg?fit=679%2C293&ssl=1","jetpack_sharing_enabled":true,"_links":{"self":[{"href":"https:\/\/www.iceagetv.com\/radiosite\/wp-json\/wp\/v2\/posts\/30570","targetHints":{"allow":["GET"]}}],"collection":[{"href":"https:\/\/www.iceagetv.com\/radiosite\/wp-json\/wp\/v2\/posts"}],"about":[{"href":"https:\/\/www.iceagetv.com\/radiosite\/wp-json\/wp\/v2\/types\/post"}],"author":[{"embeddable":true,"href":"https:\/\/www.iceagetv.com\/radiosite\/wp-json\/wp\/v2\/users\/2"}],"replies":[{"embeddable":true,"href":"https:\/\/www.iceagetv.com\/radiosite\/wp-json\/wp\/v2\/comments?post=30570"}],"version-history":[{"count":1,"href":"https:\/\/www.iceagetv.com\/radiosite\/wp-json\/wp\/v2\/posts\/30570\/revisions"}],"predecessor-version":[{"id":30572,"href":"https:\/\/www.iceagetv.com\/radiosite\/wp-json\/wp\/v2\/posts\/30570\/revisions\/30572"}],"wp:featuredmedia":[{"embeddable":true,"href":"https:\/\/www.iceagetv.com\/radiosite\/wp-json\/wp\/v2\/media\/30571"}],"wp:attachment":[{"href":"https:\/\/www.iceagetv.com\/radiosite\/wp-json\/wp\/v2\/media?parent=30570"}],"wp:term":[{"taxonomy":"category","embeddable":true,"href":"https:\/\/www.iceagetv.com\/radiosite\/wp-json\/wp\/v2\/categories?post=30570"},{"taxonomy":"post_tag","embeddable":true,"href":"https:\/\/www.iceagetv.com\/radiosite\/wp-json\/wp\/v2\/tags?post=30570"}],"curies":[{"name":"wp","href":"https:\/\/api.w.org\/{rel}","templated":true}]}}