{"id":30606,"date":"2024-10-20T12:55:06","date_gmt":"2024-10-20T10:55:06","guid":{"rendered":"https:\/\/www.iceagetv.com\/radiosite\/?p=30606"},"modified":"2024-10-20T12:55:10","modified_gmt":"2024-10-20T10:55:10","slug":"le-groupe-canal-dement-les-infos-du-parisien-sur-une-rupture-avec-cyril-hanouna-notre-fidelite-est-sans-faille-apres-12-ans-et-nous-etudions-des-alternatives-pour-le-garder-s","status":"publish","type":"post","link":"https:\/\/www.iceagetv.com\/radiosite\/le-groupe-canal-dement-les-infos-du-parisien-sur-une-rupture-avec-cyril-hanouna-notre-fidelite-est-sans-faille-apres-12-ans-et-nous-etudions-des-alternatives-pour-le-garder-s\/","title":{"rendered":"Le Groupe Canal d\u00e9ment les infos du Parisien sur une \u00ab\u00a0rupture avec Cyril Hanouna : \u00ab\u00a0Notre fid\u00e9lit\u00e9 est sans faille apr\u00e8s 12 ans et nous \u00e9tudions des alternatives pour le garder sur nos antennes\u00a0\u00bb"},"content":{"rendered":"\n<p class=\"\">Dans un long article publi\u00e9 hier soir et repris des centaines de fois sur les r\u00e9seaux sociaux, sans aucune v\u00e9rification, Le Parisien &nbsp;affirmait que la rupture \u00e9tait consomm\u00e9e entre Cyril Hanouna et le Groupe Canal Plus et que l&rsquo;animateur vedette \u00e9tait sur le point de tourner la page C8 et la page Canal !<br>Pire encore, l&rsquo;article \u00e9voquait une fin possible de Tpmp d\u00e8s le 20 d\u00e9cembre 2024 et non le 28 f\u00e9vrier 2025date de fin de la fr\u00e9quence de C8.<\/p>\n\n\n\n<p class=\"\">Fait rare, face \u00e0 l&#8217;emballement provoqu\u00e9 par cet article, le Groupe Canal a d\u00e9cid\u00e9 de r\u00e9agir voir deux tweets post\u00e9s par Gerald-Brice Viret, DG du groupe en charge des programmes.<\/p>\n\n\n\n<p class=\"\">Ainsi, il affirme que l&rsquo;engagement du Groupe aux c\u00f4t\u00e9s de Cyril Hanouna est \u00ab\u00a0sans faille\u00a0\u00bb:<\/p>\n\n\n\n<p class=\"\">&nbsp;\u00bbAfin de dissiper tout doute ayant \u00e9t\u00e9 soulev\u00e9 par l\u2019article de @le_Parisien, nous r\u00e9affirmons que @TPMP sera diffus\u00e9e jusqu&rsquo;au dernier jour o\u00f9 la fr\u00e9quence de @C8TV le permettra, soit le 28 f\u00e9vrier 2025.<\/p>\n\n\n\n<p class=\"\">En ne pr\u00e9s\u00e9lectionnant pas C8 pour le renouvellement de sa fr\u00e9quence, l\u2019@Arcom_fr menace la poursuite des \u00e9missions phares de la cha\u00eene, comme @TPMP.<br>Contrairement \u00e0 ce qui est d\u00e9clar\u00e9 dans l\u2019article de @le_Parisien ci-dessous, nous d\u00e9ployons tous nos efforts pour envisager des alternatives permettant de pr\u00e9server la pr\u00e9sence de Cyril Hanouna sur nos antennes apr\u00e8s 12 ans de fid\u00e9lit\u00e9 et d\u2019amiti\u00e9 avec le groupe.<\/p>\n\n\n\n<p class=\"\">Notre engagement envers @Cyrilhanouna, l\u2019un des animateurs les plus talentueux et reconnus en France, est ind\u00e9fectible.<\/p>\n\n\n\n<p class=\"\">Il s\u2019agit aussi d\u2019apporter notre plein soutien aux 400 collaborateurs dont l\u2019emploi est directement menac\u00e9 par cette d\u00e9cision et pour qui cette situation est particuli\u00e8rement pr\u00e9occupante.<\/p>\n\n\n\n<p class=\"\">Leur expertise et leur travail placent cette ann\u00e9e @C8TV comme la cha\u00eene num\u00e9ro 1 de la TNT et permettent, en f\u00e9d\u00e9rant les plus jeunes comme nos a\u00een\u00e9s, de cr\u00e9er un espace d\u00e9mocratique devenu indispensable au paysage audiovisuel fran\u00e7ais.<\/p>\n\n\n\n<p class=\"\">Face \u00e0 cette situation in\u00e9dite, nous avons d\u00e9pos\u00e9 un recours au Conseil d\u2019\u00c9tat.\u00a0\u00bb<\/p>\n","protected":false},"excerpt":{"rendered":"<p>Dans un long article publi\u00e9 hier soir et repris des centaines de fois sur les r\u00e9seaux sociaux, sans aucune v\u00e9rification, Le Parisien &nbsp;affirmait que la rupture \u00e9tait consomm\u00e9e entre Cyril Hanouna et le Groupe Canal Plus et que l&rsquo;animateur vedette \u00e9tait sur le point de tourner la page C8 et la page Canal !Pire encore, [&hellip;]<\/p>\n","protected":false},"author":2,"featured_media":30607,"comment_status":"open","ping_status":"open","sticky":false,"template":"","format":"standard","meta":{"_jetpack_memberships_contains_paid_content":false,"footnotes":"","jetpack_publicize_message":"","jetpack_publicize_feature_enabled":true,"jetpack_social_post_already_shared":true,"jetpack_social_options":{"image_generator_settings":{"template":"highway","enabled":true,"token":"eyJpbWciOiJodHRwczpcL1wvd3d3LmljZWFnZXR2LmNvbVwvcmFkaW9zaXRlXC93cC1jb250ZW50XC91cGxvYWRzXC8yMDI0XC8xMFwvTGUtR3JvdXBlLUNhbmFsLWRlbWVudC1sZXMtaW5mb3MtZHUtUGFyaXNpZW4uanBnIiwidHh0IjoiTGUgR3JvdXBlIENhbmFsIGRcdTAwZTltZW50IGxlcyBpbmZvcyBkdSBQYXJpc2llbiBzdXIgdW5lIFx1MDBhYlx1MDBhMHJ1cHR1cmUgYXZlYyBDeXJpbCBIYW5vdW5hIDogXHUwMGFiXHUwMGEwTm90cmUgZmlkXHUwMGU5bGl0XHUwMGU5IGVzdCBzYW5zIGZhaWxsZSBhcHJcdTAwZThzIDEyIGFucyBldCBub3VzIFx1MDBlOXR1ZGlvbnMgZGVzIGFsdGVybmF0aXZlcyBwb3VyIGxlIGdhcmRlciBzdXIgbm9zIGFudGVubmVzXHUwMGEwXHUwMGJiIiwidGVtcGxhdGUiOiJoaWdod2F5IiwiYmxvZ19pZCI6MTExMDE2NDYxfQ.D1IU0lpfrvTC19EyawoH0cBK_tHlC7P-Fonuqy2Q_FQMQ"},"version":2},"_wpas_customize_per_network":false},"categories":[68],"tags":[],"class_list":["post-30606","post","type-post","status-publish","format-standard","has-post-thumbnail","hentry","category-actu-culturelle"],"jetpack_publicize_connections":[],"jetpack_featured_media_url":"https:\/\/i0.wp.com\/www.iceagetv.com\/radiosite\/wp-content\/uploads\/2024\/10\/Le-Groupe-Canal-dement-les-infos-du-Parisien.jpg?fit=679%2C293&ssl=1","jetpack_sharing_enabled":true,"_links":{"self":[{"href":"https:\/\/www.iceagetv.com\/radiosite\/wp-json\/wp\/v2\/posts\/30606","targetHints":{"allow":["GET"]}}],"collection":[{"href":"https:\/\/www.iceagetv.com\/radiosite\/wp-json\/wp\/v2\/posts"}],"about":[{"href":"https:\/\/www.iceagetv.com\/radiosite\/wp-json\/wp\/v2\/types\/post"}],"author":[{"embeddable":true,"href":"https:\/\/www.iceagetv.com\/radiosite\/wp-json\/wp\/v2\/users\/2"}],"replies":[{"embeddable":true,"href":"https:\/\/www.iceagetv.com\/radiosite\/wp-json\/wp\/v2\/comments?post=30606"}],"version-history":[{"count":1,"href":"https:\/\/www.iceagetv.com\/radiosite\/wp-json\/wp\/v2\/posts\/30606\/revisions"}],"predecessor-version":[{"id":30608,"href":"https:\/\/www.iceagetv.com\/radiosite\/wp-json\/wp\/v2\/posts\/30606\/revisions\/30608"}],"wp:featuredmedia":[{"embeddable":true,"href":"https:\/\/www.iceagetv.com\/radiosite\/wp-json\/wp\/v2\/media\/30607"}],"wp:attachment":[{"href":"https:\/\/www.iceagetv.com\/radiosite\/wp-json\/wp\/v2\/media?parent=30606"}],"wp:term":[{"taxonomy":"category","embeddable":true,"href":"https:\/\/www.iceagetv.com\/radiosite\/wp-json\/wp\/v2\/categories?post=30606"},{"taxonomy":"post_tag","embeddable":true,"href":"https:\/\/www.iceagetv.com\/radiosite\/wp-json\/wp\/v2\/tags?post=30606"}],"curies":[{"name":"wp","href":"https:\/\/api.w.org\/{rel}","templated":true}]}}