{"id":30611,"date":"2024-10-20T20:18:56","date_gmt":"2024-10-20T18:18:56","guid":{"rendered":"https:\/\/www.iceagetv.com\/radiosite\/?p=30611"},"modified":"2024-10-20T20:19:00","modified_gmt":"2024-10-20T18:19:00","slug":"letat-va-entrer-au-capital-de-la-filiale-de-sanofi-qui-produit-le-doliprane-annonce-le-ministre-de-leconomie","status":"publish","type":"post","link":"https:\/\/www.iceagetv.com\/radiosite\/letat-va-entrer-au-capital-de-la-filiale-de-sanofi-qui-produit-le-doliprane-annonce-le-ministre-de-leconomie\/","title":{"rendered":"L&rsquo;Etat va entrer au capital de la filiale de Sanofi qui produit le Doliprane, annonce le ministre de l&rsquo;Economie"},"content":{"rendered":"\n<p class=\"\"><em>Nous avons obtenu les garanties du maintien et du d\u00e9veloppement d\u2019Opella en France\u00a0\u00bb,\u00a0<\/em>a annonc\u00e9 sur\u00a0<a href=\"https:\/\/x.com\/antoine_armand\/status\/1848058939138822194\" target=\"_blank\" rel=\"noreferrer noopener\">X(Nouvelle fen\u00eatre)<\/a>, dimanche 20 octobre le ministre de l&rsquo;Economie et des Finances, Antoine Armand.\u00a0Sanofi est en train de\u00a0<a href=\"https:\/\/www.francetvinfo.fr\/sante\/medicament\/quatre-questions-sur-le-possible-passage-du-doliprane-sous-pavillon-americain_6841436.html\">finaliser les discussions avec le fonds d&rsquo;investissement am\u00e9ricain CD&amp;R afin de lui c\u00e9der 50% d&rsquo;Opella<\/a>, sa filiale qui abrite une centaine de marques de produits sans ordonnance dans le monde, dont\u00a0<a href=\"https:\/\/www.francetvinfo.fr\/sante\/medicament\/medicaments-le-paracetamol-plebiscite-par-les-francais_6832466.html\">le Doliprane<\/a>. Selon le ministre, les exigences du gouvernement\u00a0<em>\u00ab\u00a0sur l&#8217;emploi, la production et l&rsquo;investissement seront respect\u00e9es\u00a0\u00bb.<\/em>\u00a0Pour ce faire,\u00a0<em>\u00ab\u00a0l&rsquo;Etat, via BpiFrance, sera actionnaire pour y veiller\u00a0\u00bb.\u00a0<\/em>Interrog\u00e9 sur le r\u00f4le de Bpifrance dans ce dossier, le directeur g\u00e9n\u00e9ral de la banque publique d&rsquo;investissement, Nicolas Dufourcq s&rsquo;\u00e9tait dit de son c\u00f4t\u00e9\u00a0<em>\u00ab\u00a0d&rsquo;accord pour aller avec le vainqueur de l&rsquo;ench\u00e8re\u00a0\u00bb<\/em>, dans une interview dans\u00a0<em><a href=\"https:\/\/www.latribune.fr\/economie\/politique\/les-entrepreneurs-sont-la-solution-a-nos-problemes-nicolas-dufourcq-directeur-general-de-bpifrance-1009332.html\" target=\"_blank\" rel=\"noreferrer noopener\">La Tribune dimanche(Nouvelle fen\u00eatre)<\/a>.\u00a0<\/em>Il a soulign\u00e9 la l\u00e9gitimit\u00e9 de Bpifrance \u00e0 devenir coactionnaire, rappelant les investissements de la banque publique dans la sant\u00e9 et surtout dans le chimiste Seqens (qui fait construire une usine de parac\u00e9tamol, le principe actif du Doliprane, en Is\u00e8re), et met en avant ses ambitions dans le secteur avec 10 milliards d&rsquo;euros d&rsquo;investissements \u00e0 d\u00e9ployer dans la sant\u00e9<em>\u00a0\u00ab\u00a0dans les ann\u00e9es \u00e0 venir\u00a0\u00bb.<\/em><\/p>\n","protected":false},"excerpt":{"rendered":"<p>Nous avons obtenu les garanties du maintien et du d\u00e9veloppement d\u2019Opella en France\u00a0\u00bb,\u00a0a annonc\u00e9 sur\u00a0X(Nouvelle fen\u00eatre), dimanche 20 octobre le ministre de l&rsquo;Economie et des Finances, Antoine Armand.\u00a0Sanofi est en train de\u00a0finaliser les discussions avec le fonds d&rsquo;investissement am\u00e9ricain CD&amp;R afin de lui c\u00e9der 50% d&rsquo;Opella, sa filiale qui abrite une centaine de marques de [&hellip;]<\/p>\n","protected":false},"author":2,"featured_media":30387,"comment_status":"open","ping_status":"open","sticky":false,"template":"","format":"standard","meta":{"_jetpack_memberships_contains_paid_content":false,"footnotes":"","jetpack_publicize_message":"","jetpack_publicize_feature_enabled":true,"jetpack_social_post_already_shared":true,"jetpack_social_options":{"image_generator_settings":{"template":"highway","enabled":true,"token":"eyJpbWciOiJodHRwczpcL1wvd3d3LmljZWFnZXR2LmNvbVwvcmFkaW9zaXRlXC93cC1jb250ZW50XC91cGxvYWRzXC8yMDI0XC8xMFwvU2NyZWVuc2hvdF8yMDI0MTAxMV8xMjA3MzkuanBnIiwidHh0IjoiTCYjODIxNztFdGF0IHZhIGVudHJlciBhdSBjYXBpdGFsIGRlIGxhIGZpbGlhbGUgZGUgU2Fub2ZpIHF1aSBwcm9kdWl0IGxlIERvbGlwcmFuZSwgYW5ub25jZSBsZSBtaW5pc3RyZSBkZSBsJiM4MjE3O0Vjb25vbWllIiwidGVtcGxhdGUiOiJoaWdod2F5IiwiYmxvZ19pZCI6MTExMDE2NDYxfQ.wWiTVDPulL_kAFuhzEcbkwl1lGKwrJSj0D5ZhWigAgUMQ"},"version":2},"_wpas_customize_per_network":false},"categories":[405],"tags":[],"class_list":["post-30611","post","type-post","status-publish","format-standard","has-post-thumbnail","hentry","category-actu-france-monde"],"jetpack_publicize_connections":[],"jetpack_featured_media_url":"https:\/\/i0.wp.com\/www.iceagetv.com\/radiosite\/wp-content\/uploads\/2024\/10\/Screenshot_20241011_120739.jpg?fit=892%2C604&ssl=1","jetpack_sharing_enabled":true,"_links":{"self":[{"href":"https:\/\/www.iceagetv.com\/radiosite\/wp-json\/wp\/v2\/posts\/30611","targetHints":{"allow":["GET"]}}],"collection":[{"href":"https:\/\/www.iceagetv.com\/radiosite\/wp-json\/wp\/v2\/posts"}],"about":[{"href":"https:\/\/www.iceagetv.com\/radiosite\/wp-json\/wp\/v2\/types\/post"}],"author":[{"embeddable":true,"href":"https:\/\/www.iceagetv.com\/radiosite\/wp-json\/wp\/v2\/users\/2"}],"replies":[{"embeddable":true,"href":"https:\/\/www.iceagetv.com\/radiosite\/wp-json\/wp\/v2\/comments?post=30611"}],"version-history":[{"count":1,"href":"https:\/\/www.iceagetv.com\/radiosite\/wp-json\/wp\/v2\/posts\/30611\/revisions"}],"predecessor-version":[{"id":30612,"href":"https:\/\/www.iceagetv.com\/radiosite\/wp-json\/wp\/v2\/posts\/30611\/revisions\/30612"}],"wp:featuredmedia":[{"embeddable":true,"href":"https:\/\/www.iceagetv.com\/radiosite\/wp-json\/wp\/v2\/media\/30387"}],"wp:attachment":[{"href":"https:\/\/www.iceagetv.com\/radiosite\/wp-json\/wp\/v2\/media?parent=30611"}],"wp:term":[{"taxonomy":"category","embeddable":true,"href":"https:\/\/www.iceagetv.com\/radiosite\/wp-json\/wp\/v2\/categories?post=30611"},{"taxonomy":"post_tag","embeddable":true,"href":"https:\/\/www.iceagetv.com\/radiosite\/wp-json\/wp\/v2\/tags?post=30611"}],"curies":[{"name":"wp","href":"https:\/\/api.w.org\/{rel}","templated":true}]}}