{"id":30623,"date":"2024-10-21T18:28:03","date_gmt":"2024-10-21T16:28:03","guid":{"rendered":"https:\/\/www.iceagetv.com\/radiosite\/?p=30623"},"modified":"2024-10-21T18:28:08","modified_gmt":"2024-10-21T16:28:08","slug":"budget-le-directeur-general-damazon-france-annonce-que-lentreprise-paiera-la-contribution-exceptionnelle-mais-alerte-sur-la-perte-dattractivite-fiscale","status":"publish","type":"post","link":"https:\/\/www.iceagetv.com\/radiosite\/budget-le-directeur-general-damazon-france-annonce-que-lentreprise-paiera-la-contribution-exceptionnelle-mais-alerte-sur-la-perte-dattractivite-fiscale\/","title":{"rendered":"Budget : Le directeur g\u00e9n\u00e9ral d&rsquo;Amazon France annonce que l&rsquo;entreprise \u00abpaiera\u00bb la contribution exceptionnelle mais alerte sur la perte d&rsquo;attractivit\u00e9 fiscale"},"content":{"rendered":"\n<p class=\"\">Le directeur g\u00e9n\u00e9ral d&rsquo;Amazon France Fr\u00e9d\u00e9ric Duval a d\u00e9clar\u00e9 que l&rsquo;entreprise \u00abpaierait\u00bb la contribution exceptionnelle visant les grandes entreprises si elle \u00e9tait vot\u00e9e, mais a alert\u00e9 sur la perte d&rsquo;attractivit\u00e9 fiscale que cela repr\u00e9senterait pour la France. \u00abOui, nous paierons &#8211; si elle est d\u00e9cid\u00e9e &#8211; la taxe, on est une entreprise l\u00e9galiste, on applique la loi\u00bb, a affirm\u00e9 Fr\u00e9d\u00e9ric Duval sur RTL.<\/p>\n\n\n\n<p class=\"\">Le patron d&rsquo;Amazon France a en revanche refus\u00e9 de s&rsquo;exprimer sur le bien-fond\u00e9 d&rsquo;un tel dispositif. \u00abJe n&rsquo;ai pas \u00e0 dire si c&rsquo;est normal ou si ce n&rsquo;est pas normal, ce que je sais, c&rsquo;est que quand on regarde l&rsquo;attractivit\u00e9 d&rsquo;un pays, on regarde aussi la fiscalit\u00e9\u00bb, a-t-il comment\u00e9. Interrog\u00e9 sur la p\u00e9rennit\u00e9 \u00e9ventuelle de cette contribution exceptionnelle, Fr\u00e9d\u00e9ric Duval a r\u00e9p\u00e9t\u00e9 qu&rsquo;il fallait \u00abque l&rsquo;attractivit\u00e9 de la France (reste) importante\u00bb.<\/p>\n\n\n\n<p class=\"\">Sur ce que repr\u00e9senterait financi\u00e8rement une telle contribution, il a dit n&rsquo;avoir \u00abpas regard\u00e9\u00bb. Fr\u00e9d\u00e9ric Duval a indiqu\u00e9 que le g\u00e9ant am\u00e9ricain de la vente en ligne payait en France \u00abun peu plus de 500 millions d&rsquo;euros de taxes\u00bb pour \u00ab10 milliards \u00e0 peu pr\u00e8s de chiffre d&rsquo;affaires\u00bb. Amazon France emploie 24.000 personnes en France.<\/p>\n\n\n\n<p class=\"\">Les d\u00e9put\u00e9s de la commission des finances ont valid\u00e9 vendredi la hausse temporaire de la fiscalit\u00e9 sur les grandes entreprises voulue par le gouvernement, une \u00abcontribution exceptionnelle sur les b\u00e9n\u00e9fices de grandes entreprises\u00bb qui doit \u00eatre instaur\u00e9e pendant deux ans.<\/p>\n","protected":false},"excerpt":{"rendered":"<p>Le directeur g\u00e9n\u00e9ral d&rsquo;Amazon France Fr\u00e9d\u00e9ric Duval a d\u00e9clar\u00e9 que l&rsquo;entreprise \u00abpaierait\u00bb la contribution exceptionnelle visant les grandes entreprises si elle \u00e9tait vot\u00e9e, mais a alert\u00e9 sur la perte d&rsquo;attractivit\u00e9 fiscale que cela repr\u00e9senterait pour la France. \u00abOui, nous paierons &#8211; si elle est d\u00e9cid\u00e9e &#8211; la taxe, on est une entreprise l\u00e9galiste, on applique [&hellip;]<\/p>\n","protected":false},"author":2,"featured_media":30624,"comment_status":"open","ping_status":"open","sticky":false,"template":"","format":"standard","meta":{"_jetpack_memberships_contains_paid_content":false,"footnotes":"","jetpack_publicize_message":"","jetpack_publicize_feature_enabled":true,"jetpack_social_post_already_shared":true,"jetpack_social_options":{"image_generator_settings":{"template":"highway","enabled":true,"token":"eyJpbWciOiJodHRwczpcL1wvd3d3LmljZWFnZXR2LmNvbVwvcmFkaW9zaXRlXC93cC1jb250ZW50XC91cGxvYWRzXC8yMDI0XC8xMFwvTGUtZGlyZWN0ZXVyLWdlbmVyYWwtZEFtYXpvbi1GcmFuY2UuanBnIiwidHh0IjoiQnVkZ2V0IDogTGUgZGlyZWN0ZXVyIGdcdTAwZTluXHUwMGU5cmFsIGQmIzgyMTc7QW1hem9uIEZyYW5jZSBhbm5vbmNlIHF1ZSBsJiM4MjE3O2VudHJlcHJpc2UgXHUwMGFicGFpZXJhXHUwMGJiIGxhIGNvbnRyaWJ1dGlvbiBleGNlcHRpb25uZWxsZSBtYWlzIGFsZXJ0ZSBzdXIgbGEgcGVydGUgZCYjODIxNzthdHRyYWN0aXZpdFx1MDBlOSBmaXNjYWxlIiwidGVtcGxhdGUiOiJoaWdod2F5IiwiYmxvZ19pZCI6MTExMDE2NDYxfQ.L3DhxoZCJiWVumuXLZHVC2a8OkII7osiWvIsFjPaOAgMQ"},"version":2},"_wpas_customize_per_network":false},"categories":[405],"tags":[],"class_list":["post-30623","post","type-post","status-publish","format-standard","has-post-thumbnail","hentry","category-actu-france-monde"],"jetpack_publicize_connections":[],"jetpack_featured_media_url":"https:\/\/i0.wp.com\/www.iceagetv.com\/radiosite\/wp-content\/uploads\/2024\/10\/Le-directeur-general-dAmazon-France.jpg?fit=679%2C293&ssl=1","jetpack_sharing_enabled":true,"_links":{"self":[{"href":"https:\/\/www.iceagetv.com\/radiosite\/wp-json\/wp\/v2\/posts\/30623","targetHints":{"allow":["GET"]}}],"collection":[{"href":"https:\/\/www.iceagetv.com\/radiosite\/wp-json\/wp\/v2\/posts"}],"about":[{"href":"https:\/\/www.iceagetv.com\/radiosite\/wp-json\/wp\/v2\/types\/post"}],"author":[{"embeddable":true,"href":"https:\/\/www.iceagetv.com\/radiosite\/wp-json\/wp\/v2\/users\/2"}],"replies":[{"embeddable":true,"href":"https:\/\/www.iceagetv.com\/radiosite\/wp-json\/wp\/v2\/comments?post=30623"}],"version-history":[{"count":1,"href":"https:\/\/www.iceagetv.com\/radiosite\/wp-json\/wp\/v2\/posts\/30623\/revisions"}],"predecessor-version":[{"id":30625,"href":"https:\/\/www.iceagetv.com\/radiosite\/wp-json\/wp\/v2\/posts\/30623\/revisions\/30625"}],"wp:featuredmedia":[{"embeddable":true,"href":"https:\/\/www.iceagetv.com\/radiosite\/wp-json\/wp\/v2\/media\/30624"}],"wp:attachment":[{"href":"https:\/\/www.iceagetv.com\/radiosite\/wp-json\/wp\/v2\/media?parent=30623"}],"wp:term":[{"taxonomy":"category","embeddable":true,"href":"https:\/\/www.iceagetv.com\/radiosite\/wp-json\/wp\/v2\/categories?post=30623"},{"taxonomy":"post_tag","embeddable":true,"href":"https:\/\/www.iceagetv.com\/radiosite\/wp-json\/wp\/v2\/tags?post=30623"}],"curies":[{"name":"wp","href":"https:\/\/api.w.org\/{rel}","templated":true}]}}