{"id":30640,"date":"2024-10-22T13:08:45","date_gmt":"2024-10-22T11:08:45","guid":{"rendered":"https:\/\/www.iceagetv.com\/radiosite\/?p=30640"},"modified":"2024-10-22T15:14:32","modified_gmt":"2024-10-22T13:14:32","slug":"alerte-enlevement-apres-la-disparition-dun-bebe-premature-age-de-17-jours-a-aulnay-sous-bois-5-personnes-proches-des-parents-interpellees","status":"publish","type":"post","link":"https:\/\/www.iceagetv.com\/radiosite\/alerte-enlevement-apres-la-disparition-dun-bebe-premature-age-de-17-jours-a-aulnay-sous-bois-5-personnes-proches-des-parents-interpellees\/","title":{"rendered":"Alerte enl\u00e8vement apr\u00e8s la disparition d&rsquo;un b\u00e9b\u00e9 pr\u00e9matur\u00e9 \u00e2g\u00e9 de 17 jours \u00e0 Aulnay-sous-Bois &#8211; 5 personnes proches des parents interpell\u00e9es"},"content":{"rendered":"\n<p class=\"\">URGENT &#8211; Alerte enl\u00e8vement apr\u00e8s la disparition d&rsquo;un b\u00e9b\u00e9 pr\u00e9matur\u00e9 \u00e2g\u00e9 de 17 jours \u00e0 Aulnay-sous-Bois &#8211; Les parents pourraient se trouver en \u00ab\u00a0Belgique avec le nourrisson\u00a0\u00bb<\/p>\n\n\n\n<p class=\"\"><strong>&nbsp;Cinq personnes, membres de la famille des parents de Santiago, ont \u00e9t\u00e9 interpell\u00e9es sur le secteur de Livry-Gargan, selon BFMTV. Ces personnes sont en garde \u00e0 vue et entendues&nbsp;par les enqu\u00eateurs afin de savoir si elles ont des informations sur le lieu o\u00f9 se trouvent les parents et le b\u00e9b\u00e9.<\/strong><\/p>\n\n\n\n<p class=\"\"><strong>Le point sur ce que l&rsquo;on sait<\/strong><\/p>\n\n\n\n<p class=\"\">Les parents d\u2019un nourrisson de 17 jours, n\u00e9 pr\u00e9matur\u00e9, sont suspect\u00e9s d\u2019avoir enlev\u00e9 leur enfant dans une maternit\u00e9 d\u2019Aulnay-sous-Bois (Seine-Saint-Denis) lundi soir entre 23h et 23h30, provoquant le d\u00e9clenchement du plan \u00ab&nbsp;alerte enl\u00e8vement&nbsp;\u00bb.<\/p>\n\n\n\n<p class=\"\">\u00ab&nbsp;Santiago, nouveau-n\u00e9 de sexe masculin, \u00e2g\u00e9 de 17 jours, cheveux blonds, habill\u00e9 d\u2019un T-shirt marron de taille 6 mois et d\u2019un pyjama blanc en velours \u00e9pais a \u00e9t\u00e9 enlev\u00e9 \u00e0 la maternit\u00e9 de l\u2019h\u00f4pital Robert Ballanger d\u2019Aulnay-sous-Bois, Seine-Saint-Denis, le 21 octobre 2024, entre 23h00 et 23h30&nbsp;\u00bb, d\u00e9taille dans un communiqu\u00e9 le minist\u00e8re de la Justice. Le nourrisson, \u00e9tant pr\u00e9matur\u00e9, n\u00e9cessite \u00ab&nbsp;une prise en charge m\u00e9dicale constante&nbsp;\u00bb, pr\u00e9vient le minist\u00e8re.<\/p>\n\n\n\n<p class=\"\">\u00ab&nbsp;Les suspects sont ses parents, un homme \u00e2g\u00e9 de 23 ans, habill\u00e9 d\u2019un jean sombre, d\u2019un T-shirt blanc, d\u2019un blouson en jean bleu clair et d\u2019un sur-blouson noir et une femme \u00e2g\u00e9e de 25 ans, habill\u00e9e d\u2019un pull blanc, d\u2019un blouson sans manche bleu clair et d\u2019une jupe verte&nbsp;\u00bb, ajoute-t-il.<\/p>\n\n\n\n<p class=\"\">\u00ab&nbsp;Si vous localisez l\u2019enfant, n\u2019intervenez pas vous-m\u00eame, appelez imm\u00e9diatement le 197 ou envoyez un courriel \u00e0&nbsp;pppj-enlevement@interieur.gouv.fr&nbsp;\u00bb, souligne l\u2019alerte du minist\u00e8re. Les parents ont quitt\u00e9 l\u2019h\u00f4pital en possession d\u2019un sac \u00e0 main, dans lequel les enqu\u00eateurs soup\u00e7onnent qu\u2019ils ont dissimul\u00e9 le b\u00e9b\u00e9.<\/p>\n\n\n\n<p class=\"\">Des recherches ont \u00e9t\u00e9 men\u00e9es au domicile des parents \u00e0 Noisy-le-Sec, ainsi qu\u2019\u00e0 l\u2019adresse de plusieurs membres de leur famille, sans r\u00e9sultat. L\u2019enqu\u00eate est confi\u00e9e \u00e0 la police judiciaire de Seine-Saint-Denis.Selon une source polici\u00e8re \u00e0 l\u2019AFP, les forces de l\u2019ordre ont \u00e9t\u00e9 averties peu apr\u00e8s minuit par le personnel du service de n\u00e9onatalogie de la disparition d\u2019un grand pr\u00e9matur\u00e9, n\u00e9cessitant des soins m\u00e9dicaux constants. En l\u2019absence de suivi m\u00e9dical, l\u2019esp\u00e9rance de vie du nourrisson est limit\u00e9e \u00e0 une douzaine d\u2019heures, d\u2019apr\u00e8s cette source.<\/p>\n\n\n\n<p class=\"\"><strong>&nbsp;Le point sur ce que l&rsquo;on sait ce matin<\/strong><\/p>\n\n\n\n<p class=\"\">Les parents d\u2019un nourrisson de 17 jours, n\u00e9 pr\u00e9matur\u00e9, sont suspect\u00e9s d\u2019avoir enlev\u00e9 leur enfant dans une maternit\u00e9 d\u2019Aulnay-sous-Bois (Seine-Saint-Denis) lundi soir entre 23h et 23h30, provoquant le d\u00e9clenchement du plan \u00ab&nbsp;alerte enl\u00e8vement&nbsp;\u00bb.<\/p>\n\n\n\n<p class=\"\">\u00ab&nbsp;Santiago, nouveau-n\u00e9 de sexe masculin, \u00e2g\u00e9 de 17 jours, cheveux blonds, habill\u00e9 d\u2019un T-shirt marron de taille 6 mois et d\u2019un pyjama blanc en velours \u00e9pais a \u00e9t\u00e9 enlev\u00e9 \u00e0 la maternit\u00e9 de l\u2019h\u00f4pital Robert Ballanger d\u2019Aulnay-sous-Bois, Seine-Saint-Denis, le 21 octobre 2024, entre 23h00 et 23h30&nbsp;\u00bb, d\u00e9taille dans un communiqu\u00e9 le minist\u00e8re de la Justice.<\/p>\n\n\n\n<p class=\"\">Le nourrisson, \u00e9tant pr\u00e9matur\u00e9, n\u00e9cessite \u00ab&nbsp;une prise en charge m\u00e9dicale constante&nbsp;\u00bb, pr\u00e9vient le minist\u00e8re. \u00ab&nbsp;Les suspects sont ses parents, un homme \u00e2g\u00e9 de 23 ans, habill\u00e9 d\u2019un jean sombre, d\u2019un T-shirt blanc, d\u2019un blouson en jean bleu clair et d\u2019un sur-blouson noir et une femme \u00e2g\u00e9e de 25 ans, habill\u00e9e d\u2019un pull blanc, d\u2019un blouson sans manche bleu clair et d\u2019une jupe verte&nbsp;\u00bb, ajoute-t-il.<\/p>\n\n\n\n<p class=\"\">\u00ab&nbsp;Si vous localisez l\u2019enfant, n\u2019intervenez pas vous-m\u00eame, appelez imm\u00e9diatement le 197 ou envoyez un courriel \u00e0&nbsp;pppj.alerte.enlevement@interieur.gouv&nbsp;\u00bb, souligne l\u2019alerte du minist\u00e8re.<\/p>\n\n\n\n<p class=\"\">Selon une source polici\u00e8re \u00e0 l\u2019AFP, les forces de l\u2019ordre ont \u00e9t\u00e9 averties peu apr\u00e8s minuit par le personnel du service de n\u00e9onatalogie de la disparition d\u2019un grand pr\u00e9matur\u00e9, n\u00e9cessitant des soins m\u00e9dicaux constants. En l\u2019absence de suivi m\u00e9dical, l\u2019esp\u00e9rance de vie du nourrisson est limit\u00e9e \u00e0 une douzaine d\u2019heures, d\u2019apr\u00e8s cette source.<\/p>\n\n\n\n<p class=\"\"><strong>&nbsp;Le dispositif alerte enl\u00e8vement a \u00e9t\u00e9 d\u00e9clench\u00e9 ce mardi matin pour retrouver Santiago, un nouveau-n\u00e9 de 17 jours. Il \u00ab\u00a0a \u00e9t\u00e9 enlev\u00e9 \u00e0 la maternit\u00e9 de l\u2019h\u00f4pital Robert Ballanger d\u2019Aulnay-sous-Bois, Seine-Saint-Denis, le 21 octobre 2024, entre 23h00 et 23h30\u00a0\u00bb, indique le communiqu\u00e9 de l&rsquo;\u00e9tat-major de la police judiciaire.<\/strong><\/p>\n\n\n\n<p class=\"\">\u00ab\u00a0Le nourrisson \u00e9tant pr\u00e9matur\u00e9, une prise en charge m\u00e9dicale constante est indispensable.\u00a0\u00bb<\/p>\n\n\n\n<p class=\"\">Les suspects sont ses parents. Ce b\u00e9b\u00e9 a les cheveux blonds, il est v\u00eatu d\u2019un T-shirt marron de taille 6 mois et d\u2019un pyjama blanc en velours \u00e9pais. Le p\u00e8re est un \u00ab\u00a0homme \u00e2g\u00e9 de 23 ans, habill\u00e9 d\u2019un jean sombre, d\u2019un T-shirt blanc, d\u2019un blouson en jean bleu clair et d\u2019un sur-blouson noir\u00a0\u00bb.<\/p>\n\n\n\n<p class=\"\">La m\u00e8re est \u00ab\u00a0une femme \u00e2g\u00e9e de 25 ans, habill\u00e9e d\u2019un pull blanc, d\u2019un blouson sans manche bleu clair et d\u2019une jupe verte\u00a0\u00bb. L&rsquo;\u00e9tat-major de la police judiciaire demande, si le public localise l&rsquo;enfant, de ne pas intervenir et d&rsquo;appeler imm\u00e9diatement le 197 ou d&rsquo;envoyer un mail \u00e0&nbsp;pppj.alerte.enlevement@interieur.gouv<\/p>\n","protected":false},"excerpt":{"rendered":"<p>URGENT &#8211; Alerte enl\u00e8vement apr\u00e8s la disparition d&rsquo;un b\u00e9b\u00e9 pr\u00e9matur\u00e9 \u00e2g\u00e9 de 17 jours \u00e0 Aulnay-sous-Bois &#8211; Les parents pourraient se trouver en \u00ab\u00a0Belgique avec le nourrisson\u00a0\u00bb &nbsp;Cinq personnes, membres de la famille des parents de Santiago, ont \u00e9t\u00e9 interpell\u00e9es sur le secteur de Livry-Gargan, selon BFMTV. Ces personnes sont en garde \u00e0 vue et [&hellip;]<\/p>\n","protected":false},"author":2,"featured_media":30641,"comment_status":"open","ping_status":"open","sticky":false,"template":"","format":"standard","meta":{"_jetpack_memberships_contains_paid_content":false,"footnotes":"","jetpack_publicize_message":"","jetpack_publicize_feature_enabled":true,"jetpack_social_post_already_shared":true,"jetpack_social_options":{"image_generator_settings":{"template":"highway","enabled":true,"token":"eyJpbWciOiJodHRwczpcL1wvd3d3LmljZWFnZXR2LmNvbVwvcmFkaW9zaXRlXC93cC1jb250ZW50XC91cGxvYWRzXC8yMDI0XC8xMFwvQWxlcnRlLWVubGV2ZW1lbnQtYXByZXMtbGEtZGlzcGFyaXRpb24tZHVuLWJlYmUtcHJlbWF0dXJlLmpwZyIsInR4dCI6IkFsZXJ0ZSBlbmxcdTAwZTh2ZW1lbnQgYXByXHUwMGU4cyBsYSBkaXNwYXJpdGlvbiBkJiM4MjE3O3VuIGJcdTAwZTliXHUwMGU5IHByXHUwMGU5bWF0dXJcdTAwZTkgXHUwMGUyZ1x1MDBlOSBkZSAxNyBqb3VycyBcdTAwZTAgQXVsbmF5LXNvdXMtQm9pcyAmIzgyMTE7IDUgcGVyc29ubmVzIHByb2NoZXMgZGVzIHBhcmVudHMgaW50ZXJwZWxsXHUwMGU5ZXMiLCJ0ZW1wbGF0ZSI6ImhpZ2h3YXkiLCJibG9nX2lkIjoxMTEwMTY0NjF9.pU7rd57xXiuVr9IAx7bS4yP9GaPJXqrMf25NsX80GeUMQ"},"version":2},"_wpas_customize_per_network":false},"categories":[405],"tags":[],"class_list":["post-30640","post","type-post","status-publish","format-standard","has-post-thumbnail","hentry","category-actu-france-monde"],"jetpack_publicize_connections":[],"jetpack_featured_media_url":"https:\/\/i0.wp.com\/www.iceagetv.com\/radiosite\/wp-content\/uploads\/2024\/10\/Alerte-enlevement-apres-la-disparition-dun-bebe-premature.jpg?fit=679%2C293&ssl=1","jetpack_sharing_enabled":true,"_links":{"self":[{"href":"https:\/\/www.iceagetv.com\/radiosite\/wp-json\/wp\/v2\/posts\/30640","targetHints":{"allow":["GET"]}}],"collection":[{"href":"https:\/\/www.iceagetv.com\/radiosite\/wp-json\/wp\/v2\/posts"}],"about":[{"href":"https:\/\/www.iceagetv.com\/radiosite\/wp-json\/wp\/v2\/types\/post"}],"author":[{"embeddable":true,"href":"https:\/\/www.iceagetv.com\/radiosite\/wp-json\/wp\/v2\/users\/2"}],"replies":[{"embeddable":true,"href":"https:\/\/www.iceagetv.com\/radiosite\/wp-json\/wp\/v2\/comments?post=30640"}],"version-history":[{"count":2,"href":"https:\/\/www.iceagetv.com\/radiosite\/wp-json\/wp\/v2\/posts\/30640\/revisions"}],"predecessor-version":[{"id":30647,"href":"https:\/\/www.iceagetv.com\/radiosite\/wp-json\/wp\/v2\/posts\/30640\/revisions\/30647"}],"wp:featuredmedia":[{"embeddable":true,"href":"https:\/\/www.iceagetv.com\/radiosite\/wp-json\/wp\/v2\/media\/30641"}],"wp:attachment":[{"href":"https:\/\/www.iceagetv.com\/radiosite\/wp-json\/wp\/v2\/media?parent=30640"}],"wp:term":[{"taxonomy":"category","embeddable":true,"href":"https:\/\/www.iceagetv.com\/radiosite\/wp-json\/wp\/v2\/categories?post=30640"},{"taxonomy":"post_tag","embeddable":true,"href":"https:\/\/www.iceagetv.com\/radiosite\/wp-json\/wp\/v2\/tags?post=30640"}],"curies":[{"name":"wp","href":"https:\/\/api.w.org\/{rel}","templated":true}]}}