{"id":30648,"date":"2024-10-22T16:08:57","date_gmt":"2024-10-22T14:08:57","guid":{"rendered":"https:\/\/www.iceagetv.com\/radiosite\/?p=30648"},"modified":"2024-10-22T16:09:01","modified_gmt":"2024-10-22T14:09:01","slug":"agriculture-les-syndicats-majoritaires-appellent-a-des-manifestations-a-partir-du-15-novembre","status":"publish","type":"post","link":"https:\/\/www.iceagetv.com\/radiosite\/agriculture-les-syndicats-majoritaires-appellent-a-des-manifestations-a-partir-du-15-novembre\/","title":{"rendered":"Agriculture : les syndicats majoritaires appellent \u00e0 des manifestations \u00ab\u00e0 partir du 15 novembre\u00bb"},"content":{"rendered":"\n<p class=\"\"><strong>Les pr\u00e9sidents des syndicats de la FNSEA et des Jeunes Agriculteurs ont appel\u00e9&nbsp;\u00e0 \u00ab\u00a0une reprise des actions \u00e0 partir du 15 novembre\u00a0\u00bb, huit mois apr\u00e8s des manifestations d&rsquo;ampleur partout en France. La possibilit\u00e9 d&rsquo;un accord commercial entre la Commission europ\u00e9enne et le Mercosur cristallise la col\u00e8re des syndicats.<\/strong><\/p>\n\n\n\n<p class=\"\">L&rsquo;alliance syndicale agricole majoritaire form\u00e9e par la FNSEA et les Jeunes Agriculteurs, qui a organis\u00e9 l&rsquo;hiver dernier\u00a0<a href=\"https:\/\/www.europe1.fr\/politique\/crise-agricole-gabriel-attal-recoit-les-syndicats-majoritaires-dans-un-climat-toujours-tendu-4236697\">des manifestations d&rsquo;ampleur en France<\/a>, appelle \u00e0 \u00ab\u00a0une reprise des actions \u00e0 partir du 15 novembre\u00a0\u00bb, ont d\u00e9clar\u00e9 les pr\u00e9sidents de ces organisations dans l&rsquo;\u00e9dition de mardi de\u00a0<a href=\"https:\/\/www.ouest-france.fr\/economie\/agriculture\/colere-des-agriculteurs-la-fnsea-et-les-ja-prets-a-ressortir-les-tracteurs-e39e5f84-8fb4-11ef-8390-40b2162b6ed9\" target=\"_blank\" rel=\"noreferrer noopener\"><em>Ouest-France<\/em><\/a>.\u00a0Le pr\u00e9sident de la FNSEA, Arnaud Rousseau, a qualifi\u00e9 de \u00ab\u00a0ligne \u00e9carlate\u00a0\u00bb la possibilit\u00e9 d&rsquo;un accord commercial entre la Commission europ\u00e9enne et le\u00a0<a href=\"https:\/\/www.europe1.fr\/economie\/que-prevoit-le-mercosur-laccord-de-libre-echange-dans-le-viseur-des-agriculteurs-4227856\">Mercosur<\/a>, qui pourrait \u00eatre sur la table du sommet du G20 qui d\u00e9bute le 18 novembre.<\/p>\n\n\n\n<h2 class=\"wp-block-heading\">Des actions d&rsquo;agriculteurs constat\u00e9es ces derniers jours en Occitanie<\/h2>\n\n\n\n<p class=\"\">\u00ab\u00a0L&rsquo;accord ouvrirait la porte \u00e0 99.000 tonnes de viandes bovines, \u00e0 180.000 tonnes de viandes de volaille, \u00e0 l&rsquo;\u00e9quivalent de 3,4 millions de tonnes de ma\u00efs, \u00e0 180.000 tonnes de sucre\u00a0\u00bb, avaient alert\u00e9 le 18 octobre les deux syndicats, dans un communiqu\u00e9 co\u00e9crit avec des associations sp\u00e9cialis\u00e9es en bovins, betteraves, lait, ma\u00efs et aviculture.Des actions d&rsquo;agriculteurs\u00a0<a href=\"https:\/\/www.europe1.fr\/societe\/lacte-ii-ne-fait-que-commencer-huit-mois-apres-la-mobilisation-des-agriculteurs-pourrait-sintensifier-4273958\">ont \u00e9t\u00e9 constat\u00e9es ces derniers jours en Occitanie<\/a>, d&rsquo;o\u00f9 \u00e9tait parti le mouvement de contestation l&rsquo;hiver dernier.\u00a0Quelque 200 agriculteurs ont d\u00e9pos\u00e9 lundi soir devant la pr\u00e9fecture de l&rsquo;Ari\u00e8ge des panneaux de signalisation, tandis qu&rsquo;une soixantaine d&rsquo;agriculteurs ont d\u00e9vers\u00e9 dans la nuit de vendredi \u00e0 samedi de la laine de mouton, des bottes de foin et de la paille devant plusieurs b\u00e2timents de l&rsquo;Etat \u00e0 Auch, dans le Gers.<\/p>\n","protected":false},"excerpt":{"rendered":"<p>Les pr\u00e9sidents des syndicats de la FNSEA et des Jeunes Agriculteurs ont appel\u00e9&nbsp;\u00e0 \u00ab\u00a0une reprise des actions \u00e0 partir du 15 novembre\u00a0\u00bb, huit mois apr\u00e8s des manifestations d&rsquo;ampleur partout en France. La possibilit\u00e9 d&rsquo;un accord commercial entre la Commission europ\u00e9enne et le Mercosur cristallise la col\u00e8re des syndicats. L&rsquo;alliance syndicale agricole majoritaire form\u00e9e par la [&hellip;]<\/p>\n","protected":false},"author":2,"featured_media":30649,"comment_status":"open","ping_status":"open","sticky":false,"template":"","format":"standard","meta":{"_jetpack_memberships_contains_paid_content":false,"footnotes":"","jetpack_publicize_message":"","jetpack_publicize_feature_enabled":true,"jetpack_social_post_already_shared":true,"jetpack_social_options":{"image_generator_settings":{"template":"highway","enabled":true,"token":"eyJpbWciOiJodHRwczpcL1wvd3d3LmljZWFnZXR2LmNvbVwvcmFkaW9zaXRlXC93cC1jb250ZW50XC91cGxvYWRzXC8yMDI0XC8xMFwvSGo3NUNRcTAuanBnIiwidHh0IjoiQWdyaWN1bHR1cmUgOiBsZXMgc3luZGljYXRzIG1ham9yaXRhaXJlcyBhcHBlbGxlbnQgXHUwMGUwIGRlcyBtYW5pZmVzdGF0aW9ucyBcdTAwYWJcdTAwZTAgcGFydGlyIGR1IDE1IG5vdmVtYnJlXHUwMGJiIiwidGVtcGxhdGUiOiJoaWdod2F5IiwiYmxvZ19pZCI6MTExMDE2NDYxfQ.cVqWsZLyvqYNcAN2D2asICPI7qBFOx4YFY_2eW5XPmMMQ"},"version":2},"_wpas_customize_per_network":false},"categories":[405],"tags":[],"class_list":["post-30648","post","type-post","status-publish","format-standard","has-post-thumbnail","hentry","category-actu-france-monde"],"jetpack_publicize_connections":[],"jetpack_featured_media_url":"https:\/\/i0.wp.com\/www.iceagetv.com\/radiosite\/wp-content\/uploads\/2024\/10\/Hj75CQq0.jpg?fit=680%2C340&ssl=1","jetpack_sharing_enabled":true,"_links":{"self":[{"href":"https:\/\/www.iceagetv.com\/radiosite\/wp-json\/wp\/v2\/posts\/30648","targetHints":{"allow":["GET"]}}],"collection":[{"href":"https:\/\/www.iceagetv.com\/radiosite\/wp-json\/wp\/v2\/posts"}],"about":[{"href":"https:\/\/www.iceagetv.com\/radiosite\/wp-json\/wp\/v2\/types\/post"}],"author":[{"embeddable":true,"href":"https:\/\/www.iceagetv.com\/radiosite\/wp-json\/wp\/v2\/users\/2"}],"replies":[{"embeddable":true,"href":"https:\/\/www.iceagetv.com\/radiosite\/wp-json\/wp\/v2\/comments?post=30648"}],"version-history":[{"count":1,"href":"https:\/\/www.iceagetv.com\/radiosite\/wp-json\/wp\/v2\/posts\/30648\/revisions"}],"predecessor-version":[{"id":30650,"href":"https:\/\/www.iceagetv.com\/radiosite\/wp-json\/wp\/v2\/posts\/30648\/revisions\/30650"}],"wp:featuredmedia":[{"embeddable":true,"href":"https:\/\/www.iceagetv.com\/radiosite\/wp-json\/wp\/v2\/media\/30649"}],"wp:attachment":[{"href":"https:\/\/www.iceagetv.com\/radiosite\/wp-json\/wp\/v2\/media?parent=30648"}],"wp:term":[{"taxonomy":"category","embeddable":true,"href":"https:\/\/www.iceagetv.com\/radiosite\/wp-json\/wp\/v2\/categories?post=30648"},{"taxonomy":"post_tag","embeddable":true,"href":"https:\/\/www.iceagetv.com\/radiosite\/wp-json\/wp\/v2\/tags?post=30648"}],"curies":[{"name":"wp","href":"https:\/\/api.w.org\/{rel}","templated":true}]}}