{"id":30673,"date":"2024-10-23T18:09:32","date_gmt":"2024-10-23T16:09:32","guid":{"rendered":"https:\/\/www.iceagetv.com\/radiosite\/?p=30673"},"modified":"2024-10-23T18:09:36","modified_gmt":"2024-10-23T16:09:36","slug":"attentat-en-turquie-ce-que-lon-sait-de-lattaque-qui-a-fait-au-moins-4-morts-et-14-blesses-a-ankara","status":"publish","type":"post","link":"https:\/\/www.iceagetv.com\/radiosite\/attentat-en-turquie-ce-que-lon-sait-de-lattaque-qui-a-fait-au-moins-4-morts-et-14-blesses-a-ankara\/","title":{"rendered":"Attentat en Turquie : ce que l&rsquo;on sait de l&rsquo;attaque qui a fait au moins 4 morts et 14 bless\u00e9s \u00e0 Ankara"},"content":{"rendered":"\n<p class=\"\">Un attentat terroriste perp\u00e9tr\u00e9 devant le si\u00e8ge des industries de d\u00e9fense de Turquie, pr\u00e8s de la capitale Ankara, a fait quatre morts et 14 bless\u00e9s, selon les autorit\u00e9s locales.<\/p>\n\n\n\n<p class=\"\">La&nbsp;<a href=\"https:\/\/www.cnews.fr\/turquie\" target=\"_blank\" rel=\"noreferrer noopener\">Turquie<\/a>&nbsp;frapp\u00e9e par le terrorisme. Ce mercredi 23 octobre, un attentat a \u00e9t\u00e9 perp\u00e9tr\u00e9 contre le si\u00e8ge des industries de d\u00e9fense du pays, situ\u00e9 \u00e0 proximit\u00e9 de la capitale Ankara, faisant plusieurs morts et bless\u00e9s.<\/p>\n\n\n\n<p class=\"\">Selon le pr\u00e9sident Recep Tayyip Erdogan, \u00abl&rsquo;attaque haineuse\u00bb a fait \u00abquatre martyrs et 14 bless\u00e9s\u00bb, a annonc\u00e9 le chef de l&rsquo;Etat depuis Kazan, en Russie, lors d&rsquo;une rencontre avec son homologue russe, Vladimir Poutine, qui lui a exprim\u00e9 ses condol\u00e9ances, alors que l&rsquo;OTAN a indiqu\u00e9 se tenir au c\u00f4t\u00e9 de \u00abson alli\u00e9\u00bb.<\/p>\n\n\n\n<p class=\"\">Le ministre de l&rsquo;Int\u00e9rieur Ali Yerlikaya a \u00e9galement revu son bilan initial de \u00abtrois martyrs\u00bb, confirmant les quatre tu\u00e9s et pr\u00e9cisant que \u00abtrois des bless\u00e9s se trouvent dans un \u00e9tat critique\u00bb et utilisant le terme \u00abmartyr\u00bb, d\u00e9signant\u00a0la mort de soldats et ou celle de victimes d&rsquo;actes violents.<\/p>\n\n\n\n<p class=\"\">Toujours selon le\u00a0<a href=\"https:\/\/www.cnews.fr\/ministre\" target=\"_blank\" rel=\"noreferrer noopener\">ministre<\/a>\u00a0turc de l&rsquo;Int\u00e9rieur, deux individus ont \u00e9t\u00e9 neutralis\u00e9s lors de l&rsquo;attaque, alors qu&rsquo;une enqu\u00eate a \u00e9t\u00e9 ouverte par le parquet d&rsquo;Ankara.\u00a0De son c\u00f4t\u00e9, la cha\u00eene de t\u00e9l\u00e9vision NTV indique qu\u2019il s\u2019agirait d\u2019une attaque suicide et que l\u2019un des assaillants \u00abs\u2019est fait exploser\u00bb.Le dernier attentat enregistr\u00e9 en Turquie remonte au mois de janvier dans une \u00e9glise \u00e0 Istanbul. Revendiqu\u00e9 par Daesh, l\u2019attaque avait fait un mort.<\/p>\n","protected":false},"excerpt":{"rendered":"<p>Un attentat terroriste perp\u00e9tr\u00e9 devant le si\u00e8ge des industries de d\u00e9fense de Turquie, pr\u00e8s de la capitale Ankara, a fait quatre morts et 14 bless\u00e9s, selon les autorit\u00e9s locales. La&nbsp;Turquie&nbsp;frapp\u00e9e par le terrorisme. Ce mercredi 23 octobre, un attentat a \u00e9t\u00e9 perp\u00e9tr\u00e9 contre le si\u00e8ge des industries de d\u00e9fense du pays, situ\u00e9 \u00e0 proximit\u00e9 de [&hellip;]<\/p>\n","protected":false},"author":2,"featured_media":30674,"comment_status":"open","ping_status":"open","sticky":false,"template":"","format":"standard","meta":{"_jetpack_memberships_contains_paid_content":false,"footnotes":"","jetpack_publicize_message":"","jetpack_publicize_feature_enabled":true,"jetpack_social_post_already_shared":true,"jetpack_social_options":{"image_generator_settings":{"template":"highway","enabled":true,"token":"eyJpbWciOiJodHRwczpcL1wvd3d3LmljZWFnZXR2LmNvbVwvcmFkaW9zaXRlXC93cC1jb250ZW50XC91cGxvYWRzXC8yMDI0XC8xMFwvYW5rYXJhMi10YWlsbGUxMjAwXzY3MTkwZjc0YTVlOTEuanBnIiwidHh0IjoiQXR0ZW50YXQgZW4gVHVycXVpZSA6IGNlIHF1ZSBsJiM4MjE3O29uIHNhaXQgZGUgbCYjODIxNzthdHRhcXVlIHF1aSBhIGZhaXQgYXUgbW9pbnMgNCBtb3J0cyBldCAxNCBibGVzc1x1MDBlOXMgXHUwMGUwIEFua2FyYSIsInRlbXBsYXRlIjoiaGlnaHdheSIsImJsb2dfaWQiOjExMTAxNjQ2MX0.TWbgdAW06rT3A8wE66UM5ONqGXSYPe9V_tbzKvuU8QEMQ"},"version":2},"_wpas_customize_per_network":false},"categories":[405],"tags":[],"class_list":["post-30673","post","type-post","status-publish","format-standard","has-post-thumbnail","hentry","category-actu-france-monde"],"jetpack_publicize_connections":[],"jetpack_featured_media_url":"https:\/\/i0.wp.com\/www.iceagetv.com\/radiosite\/wp-content\/uploads\/2024\/10\/ankara2-taille1200_67190f74a5e91.jpg?fit=750%2C422&ssl=1","jetpack_sharing_enabled":true,"_links":{"self":[{"href":"https:\/\/www.iceagetv.com\/radiosite\/wp-json\/wp\/v2\/posts\/30673","targetHints":{"allow":["GET"]}}],"collection":[{"href":"https:\/\/www.iceagetv.com\/radiosite\/wp-json\/wp\/v2\/posts"}],"about":[{"href":"https:\/\/www.iceagetv.com\/radiosite\/wp-json\/wp\/v2\/types\/post"}],"author":[{"embeddable":true,"href":"https:\/\/www.iceagetv.com\/radiosite\/wp-json\/wp\/v2\/users\/2"}],"replies":[{"embeddable":true,"href":"https:\/\/www.iceagetv.com\/radiosite\/wp-json\/wp\/v2\/comments?post=30673"}],"version-history":[{"count":1,"href":"https:\/\/www.iceagetv.com\/radiosite\/wp-json\/wp\/v2\/posts\/30673\/revisions"}],"predecessor-version":[{"id":30675,"href":"https:\/\/www.iceagetv.com\/radiosite\/wp-json\/wp\/v2\/posts\/30673\/revisions\/30675"}],"wp:featuredmedia":[{"embeddable":true,"href":"https:\/\/www.iceagetv.com\/radiosite\/wp-json\/wp\/v2\/media\/30674"}],"wp:attachment":[{"href":"https:\/\/www.iceagetv.com\/radiosite\/wp-json\/wp\/v2\/media?parent=30673"}],"wp:term":[{"taxonomy":"category","embeddable":true,"href":"https:\/\/www.iceagetv.com\/radiosite\/wp-json\/wp\/v2\/categories?post=30673"},{"taxonomy":"post_tag","embeddable":true,"href":"https:\/\/www.iceagetv.com\/radiosite\/wp-json\/wp\/v2\/tags?post=30673"}],"curies":[{"name":"wp","href":"https:\/\/api.w.org\/{rel}","templated":true}]}}