{"id":30692,"date":"2024-10-24T16:31:42","date_gmt":"2024-10-24T14:31:42","guid":{"rendered":"https:\/\/www.iceagetv.com\/radiosite\/?p=30692"},"modified":"2024-10-24T16:31:46","modified_gmt":"2024-10-24T14:31:46","slug":"enlevement-de-santiago-procureur-nous-sommes-extremement-preoccupes-pour-sa-vie-tout-est-fait-pour-le-retrouver-le-nourrisson-et-ses-parents-nont-a-ce-stade-toujours-pas-ete-retrouves-en","status":"publish","type":"post","link":"https:\/\/www.iceagetv.com\/radiosite\/enlevement-de-santiago-procureur-nous-sommes-extremement-preoccupes-pour-sa-vie-tout-est-fait-pour-le-retrouver-le-nourrisson-et-ses-parents-nont-a-ce-stade-toujours-pas-ete-retrouves-en\/","title":{"rendered":"Enl\u00e8vement de Santiago &#8211; Procureur: \u00ab\u00a0Nous sommes extr\u00eamement pr\u00e9occup\u00e9s pour sa vie. Tout est fait pour le retrouver\u00a0\u00bb &#8211; \u00ab\u00a0Le nourrisson et ses parents n&rsquo;ont \u00e0 ce stade toujours pas \u00e9t\u00e9 retrouv\u00e9s en Belgique\u00a0\u00bb"},"content":{"rendered":"\n<p class=\"\">Ce jeudi, le procureur de la R\u00e9publique de Bobigny, Eric Mathais, a annonc\u00e9 que les forces de l&rsquo;ordre sont \u00ab\u00a0tr\u00e8s pr\u00e9occup\u00e9es\u00a0\u00bb par la survie du b\u00e9b\u00e9 pr\u00e9matur\u00e9. \u00ab\u00a0Tout est fait pour le retrouver\u00a0\u00bb, a-t-il ajout\u00e9.<\/p>\n\n\n\n<p class=\"\">Rappelons que le nourrisson de 17 jours est n\u00e9 grand pr\u00e9matur\u00e9, et n\u00e9cessite un suivi m\u00e9dical&nbsp;\u00ab\u00a0constant\u00a0\u00bb.<\/p>\n\n\n\n<p class=\"\">En effet, l&rsquo;enfant a besoin d'\u00a0\u00bbune prise en charge m\u00e9dicale constante\u00a0\u00bb, et&nbsp;devait notamment \u00ab\u00a0\u00eatre r\u00e9chauff\u00e9 par une couveuse, sous monitoring et sonde gastrique, assist\u00e9 dans son alimentation avec un lait pour pr\u00e9matur\u00e9 sp\u00e9cifique\u00a0\u00bb, a epxliqu\u00e9 le procureur \u00c9ric Mathais.<\/p>\n\n\n\n<p class=\"\">\u00ab\u00a0Nous avons peu d&rsquo;\u00e9l\u00e9ments sur les parents, et les motivations qui ont pu les conduire \u00e0 enlever Santiago\u00a0\u00bb, a-t-il indiqu\u00e9.<\/p>\n\n\n\n<p class=\"\">Et d&rsquo;\u00e9voquer un \u00ab\u00a0usage abusif de l&rsquo;autorit\u00e9 parentale\u00a0\u00bb.<\/p>\n\n\n\n<p class=\"\">\u00ab\u00a0L&rsquo;enl\u00e8vement d&rsquo;un enfant par des parents demeure juridiquement fond\u00e9 lorsque leur comportement caract\u00e9rise un abus d&rsquo;exercice de l&rsquo;autorit\u00e9 parentale\u00a0\u00bb,&nbsp;d\u00e9taille le procureur. Les parents de Santiago avaient encore la garde de leur enfant au moment de son enl\u00e8vement, alors que, selon les enqu\u00eateurs, une des pistes envisag\u00e9es est que les parents ont agi par crainte d&rsquo;en perdre la garde.<\/p>\n\n\n\n<p class=\"\">Le procureur de la R\u00e9publique de Bobigny \u00e9voque \u00e9galement le d\u00e9clenchement de l&rsquo;alerte enl\u00e8vement.&nbsp;\u00ab\u00a0Son maintien n&rsquo;\u00e9tait plus utile\u00a0\u00bb&nbsp;\u00e0 l&rsquo;enqu\u00eate, dit-il pour justifier sa lev\u00e9e, mardi soir, alors que les parents avaient fui en Belgique. Ce dispositif est mis en place sur le territoire fran\u00e7ais, a-t-il rappel\u00e9.<\/p>\n\n\n\n<p class=\"\">Et d&rsquo;indiquer que ni l&rsquo;enfant, ni les parents, n&rsquo;ont \u00e9t\u00e9 retrouv\u00e9s en Belgique.<\/p>\n\n\n\n<p class=\"\">Trois personnes dans l&rsquo;entourage des parents vont \u00eatre pr\u00e9sent\u00e9es \u00e0 un juge d&rsquo;instruction apr\u00e8s leur garde \u00e0 vue. Les deux autres personnes qui \u00e9taient en garde \u00e0 vue ont \u00e9t\u00e9 lib\u00e9r\u00e9es., a ajout\u00e9 le procureur.<\/p>\n\n\n\n<p class=\"\">Le procureur explique le p\u00e8re de Santiago a d\u00e9j\u00e0 \u00e9t\u00e9 condamn\u00e9 quatre fois par la justice,&nbsp;notamment pour vol avec effraction et arme par la justice autrichienne en janvier 2021.<\/p>\n\n\n\n<p class=\"\">En septembre 2021, il a \u00e9t\u00e9 condamn\u00e9 \u00e0 Strasbourg pour des vols aggrav\u00e9s par trois circonstances et associations de malfaiteurs.<\/p>\n\n\n\n<p class=\"\">En janvier 2023, il a \u00e9t\u00e9 condamn\u00e9 pour usage de stup\u00e9fiants et vol par effraction.<\/p>\n\n\n\n<p class=\"\">Et en avril 2024, \u00e0 une peine d&#8217;emprisonnement pour vol par effraction et conduite d&rsquo;un v\u00e9hicule sous stup\u00e9fiants.<\/p>\n\n\n\n<p class=\"\">Quant \u00e0 la m\u00e8re, elle a \u00e9t\u00e9 condamn\u00e9e \u00e0 trois reprises.&nbsp;<\/p>\n\n\n\n<p class=\"\">En d\u00e9cembre 2019 \u00e0 Aix-en-Provence, pour vol avec effraction, en mai 2023 pour des faits de recel de vols.<\/p>\n\n\n\n<p class=\"\">Enfin, en avril 2024, elle a \u00e9t\u00e9 condamn\u00e9e \u00e0 une peine d&#8217;emprisonnement am\u00e9nag\u00e9e pour vol avec effraction.\u00a0\u00bbUn mandat d&rsquo;arr\u00eat europ\u00e9en\u00a0\u00bb a \u00e9t\u00e9 lanc\u00e9 contre les parents, a annonc\u00e9 le procureur.<\/p>\n\n\n\n<p class=\"\">\u00ab\u00a0L&rsquo;espoir n&rsquo;est jamais perdu, et nous ne voulons pas perdre espoir. Il est possible qu&rsquo;on le retrouve vivant\u00a0\u00bb,&nbsp;confie le procureur.<\/p>\n\n\n\n<p class=\"\">La police belge avait lanc\u00e9 mardi un avis de recherche national sollicitant la population pour tenter de retrouver Santiago, un b\u00e9b\u00e9 de 17 jours enlev\u00e9 la veille dans un h\u00f4pital de la r\u00e9gion parisienne en France. L&rsquo;appel \u00e9tait accompagn\u00e9 de photos des parents, \u00e2g\u00e9s d&rsquo;une vingtaine d&rsquo;ann\u00e9es et soup\u00e7onn\u00e9s d&rsquo;avoir enlev\u00e9 le nouveau-n\u00e9.&nbsp;<\/p>\n\n\n\n<p class=\"\">Rappelons que la police belge avait annonc\u00e9 hier que la voiture des parents de Santiago avait \u00e9t\u00e9 retrouv\u00e9e \u00e0 Charleroi, sans ses occupants. Un avis de recherche national \u00e9tait toujours en cours.<\/p>\n\n\n\n<p class=\"\">Le procureur de Bobigny avait par ailleurs indiqu\u00e9 que les parents sont tous deux \u00ab\u00a0d\u00e9j\u00e0 connus des services de police et de la justice\u00a0\u00bb, sans davantage de pr\u00e9cisions. Dans cette enqu\u00eate, ouverte pour enl\u00e8vement en bande organis\u00e9e sur mineur de moins de quinze ans et confi\u00e9e \u00e0 la police judiciaire, \u00ab\u00a0cinq personnes, \u00e2g\u00e9es de 16 \u00e0 29 ans, qui n&rsquo;\u00e9taient pas les parents du nourrisson\u00a0\u00bb, ont \u00e9t\u00e9 interpell\u00e9es et plac\u00e9es en garde \u00e0 vue, mardi \u00e0 10H15, selon le procureur de Bobigny.&nbsp;<\/p>\n\n\n\n<p class=\"\">Selon une source polici\u00e8re \u00e0 l&rsquo;AFP, les forces de l&rsquo;ordre ont \u00e9t\u00e9 averties mardi peu apr\u00e8s minuit par le personnel du service de n\u00e9onatalogie de la disparition du grand pr\u00e9matur\u00e9, n\u00e9cessitant des soins m\u00e9dicaux constants. \u00ab\u00a0L&rsquo;exploitation des cam\u00e9ras de vid\u00e9osurveillance confirmait que les parents \u00e9taient repartis avec un sac type cabas noir, possiblement au moyen d&rsquo;un v\u00e9hicule de couleur claire, avec \u00e0 bord trois autres individus\u00a0\u00bb, a d\u00e9taill\u00e9 Eric Mathais. \u00ab\u00a0Les policiers tentaient vainement de contacter la m\u00e8re sur son t\u00e9l\u00e9phone, se rendaient aux adresses d\u00e9clar\u00e9es par les parents et essayaient \u00e9galement de les contacter par l&rsquo;interm\u00e9diaire de membres de la famille\u00a0\u00bb, a indiqu\u00e9 le parquet de Bobigny.<\/p>\n","protected":false},"excerpt":{"rendered":"<p>Ce jeudi, le procureur de la R\u00e9publique de Bobigny, Eric Mathais, a annonc\u00e9 que les forces de l&rsquo;ordre sont \u00ab\u00a0tr\u00e8s pr\u00e9occup\u00e9es\u00a0\u00bb par la survie du b\u00e9b\u00e9 pr\u00e9matur\u00e9. \u00ab\u00a0Tout est fait pour le retrouver\u00a0\u00bb, a-t-il ajout\u00e9. Rappelons que le nourrisson de 17 jours est n\u00e9 grand pr\u00e9matur\u00e9, et n\u00e9cessite un suivi m\u00e9dical&nbsp;\u00ab\u00a0constant\u00a0\u00bb. En effet, l&rsquo;enfant a [&hellip;]<\/p>\n","protected":false},"author":2,"featured_media":30693,"comment_status":"open","ping_status":"open","sticky":false,"template":"","format":"standard","meta":{"_jetpack_memberships_contains_paid_content":false,"footnotes":"","jetpack_publicize_message":"","jetpack_publicize_feature_enabled":true,"jetpack_social_post_already_shared":true,"jetpack_social_options":{"image_generator_settings":{"template":"highway","enabled":true,"token":"eyJpbWciOiJodHRwczpcL1wvd3d3LmljZWFnZXR2LmNvbVwvcmFkaW9zaXRlXC93cC1jb250ZW50XC91cGxvYWRzXC8yMDI0XC8xMFwvRW5sZXZlbWVudC1kZS1TYW50aWFnby5qcGciLCJ0eHQiOiJFbmxcdTAwZTh2ZW1lbnQgZGUgU2FudGlhZ28gJiM4MjExOyBQcm9jdXJldXI6ICYjODIyMDtOb3VzIHNvbW1lcyBleHRyXHUwMGVhbWVtZW50IHByXHUwMGU5b2NjdXBcdTAwZTlzIHBvdXIgc2EgdmllLiBUb3V0IGVzdCBmYWl0IHBvdXIgbGUgcmV0cm91dmVyJiM4MjIxOyAmIzgyMTE7ICYjODIyMDtMZSBub3Vycmlzc29uIGV0IHNlcyBwYXJlbnRzIG4mIzgyMTc7b250IFx1MDBlMCBjZSBzdGFkZSB0b3Vqb3VycyBwYXMgXHUwMGU5dFx1MDBlOSByZXRyb3V2XHUwMGU5cyBlbiBCZWxnaXF1ZSYjODIyMTsiLCJ0ZW1wbGF0ZSI6ImhpZ2h3YXkiLCJibG9nX2lkIjoxMTEwMTY0NjF9.bC-Q6pR59rIoFx8LTNg7wE2M48UcaEdApXeZu5YfPvUMQ"},"version":2},"_wpas_customize_per_network":false},"categories":[405],"tags":[],"class_list":["post-30692","post","type-post","status-publish","format-standard","has-post-thumbnail","hentry","category-actu-france-monde"],"jetpack_publicize_connections":[],"jetpack_featured_media_url":"https:\/\/i0.wp.com\/www.iceagetv.com\/radiosite\/wp-content\/uploads\/2024\/10\/Enlevement-de-Santiago.jpg?fit=679%2C293&ssl=1","jetpack_sharing_enabled":true,"_links":{"self":[{"href":"https:\/\/www.iceagetv.com\/radiosite\/wp-json\/wp\/v2\/posts\/30692","targetHints":{"allow":["GET"]}}],"collection":[{"href":"https:\/\/www.iceagetv.com\/radiosite\/wp-json\/wp\/v2\/posts"}],"about":[{"href":"https:\/\/www.iceagetv.com\/radiosite\/wp-json\/wp\/v2\/types\/post"}],"author":[{"embeddable":true,"href":"https:\/\/www.iceagetv.com\/radiosite\/wp-json\/wp\/v2\/users\/2"}],"replies":[{"embeddable":true,"href":"https:\/\/www.iceagetv.com\/radiosite\/wp-json\/wp\/v2\/comments?post=30692"}],"version-history":[{"count":1,"href":"https:\/\/www.iceagetv.com\/radiosite\/wp-json\/wp\/v2\/posts\/30692\/revisions"}],"predecessor-version":[{"id":30694,"href":"https:\/\/www.iceagetv.com\/radiosite\/wp-json\/wp\/v2\/posts\/30692\/revisions\/30694"}],"wp:featuredmedia":[{"embeddable":true,"href":"https:\/\/www.iceagetv.com\/radiosite\/wp-json\/wp\/v2\/media\/30693"}],"wp:attachment":[{"href":"https:\/\/www.iceagetv.com\/radiosite\/wp-json\/wp\/v2\/media?parent=30692"}],"wp:term":[{"taxonomy":"category","embeddable":true,"href":"https:\/\/www.iceagetv.com\/radiosite\/wp-json\/wp\/v2\/categories?post=30692"},{"taxonomy":"post_tag","embeddable":true,"href":"https:\/\/www.iceagetv.com\/radiosite\/wp-json\/wp\/v2\/tags?post=30692"}],"curies":[{"name":"wp","href":"https:\/\/api.w.org\/{rel}","templated":true}]}}