{"id":30703,"date":"2024-10-25T06:34:47","date_gmt":"2024-10-25T04:34:47","guid":{"rendered":"https:\/\/www.iceagetv.com\/radiosite\/?p=30703"},"modified":"2024-10-25T06:34:50","modified_gmt":"2024-10-25T04:34:50","slug":"pluie-inondation-meteo-france-place-deux-departements-en-vigilance-orange","status":"publish","type":"post","link":"https:\/\/www.iceagetv.com\/radiosite\/pluie-inondation-meteo-france-place-deux-departements-en-vigilance-orange\/","title":{"rendered":"Pluie-inondation: M\u00e9t\u00e9o France place deux d\u00e9partements en vigilance orange"},"content":{"rendered":"\n<p class=\"\">Un&nbsp;<strong><a href=\"https:\/\/www.bfmtv.com\/meteo\/que-faut-il-attendre-du-nouvel-episode-mediterraneen-attendu-entre-vendredi-et-dimanche_AV-202410230999.html\">\u00e9pisode m\u00e9diterran\u00e9en<\/a><\/strong>, \u00e0 savoir un \u00e9pisode de tr\u00e8s fortes pr\u00e9cipitations sur une dur\u00e9e courte, va s&rsquo;abattre sur le sud de la France en cette fin de semaine.<\/p>\n\n\n\n<p class=\"\">Si cet \u00e9pisode pr\u00e9voit d&rsquo;\u00eatre moins intense que celui\u00a0<strong><a href=\"https:\/\/www.bfmtv.com\/lyon\/michel-barnier-et-agnes-pannier-runacher-attendus-dans-le-rhone-une-semaine-apres-les-inondations_AN-202410240485.html\">des 16 et 17 octobre<\/a><\/strong>, M\u00e9t\u00e9o France a plac\u00e9, pour ce vendredi 25 octobre, les d\u00e9partements du Gard et du Var en\u00a0<strong><a href=\"https:\/\/www.bfmtv.com\/meteo\/intemperies\/crues-inondations-plus-aucun-department-en-vigilance-orange_AN-202410200160.html\">vigilance orange<\/a><\/strong>\u00a0pour pluie-inondation.<\/p>\n\n\n\n<h2 class=\"wp-block-heading\" id=\"eaibu\">Des pluies \u00ab\u00a0continues\u00a0\u00bb<\/h2>\n\n\n\n<p class=\"\">En effet, M\u00e9t\u00e9o France annonce que ce jeudi apr\u00e8s-midi les averses vont se multiplier et devenir plus r\u00e9guli\u00e8res, notamment dans le sud de l\u2019Ard\u00e8che, le Gard et l\u2019est de la Loz\u00e8re. Des orages vont aussi se d\u00e9velopper en mer, \u00ab\u00a0pouvant d\u00e9border sur le sud de la Provence ainsi que sur l\u2019ouest et le sud de la Corse\u00a0\u00bb.<\/p>\n\n\n\n<p class=\"\">Dans le centre du Var, \u00ab\u00a0jusqu&rsquo;\u00e0 180 \u00e0 190 mm\u00a0\u00bb sont tomb\u00e9s \u00ab\u00a0tr\u00e8s localement\u00a0\u00bb dans la nuit de jeuid \u00e0 vendredi, et \u00ab\u00a0jusqu&rsquo;\u00e0 80 \u00e0 100 mm de pluie en quelques heures sur l&rsquo;ouest et le nord du Gard\u00a0\u00bb.<\/p>\n\n\n\n<p class=\"\">Pour cette journ\u00e9e de vendredi, si les pluies sont en baisse, des cumuls de \u00ab\u00a020 \u00e0 40 mm\u00a0\u00bb sont encore attendus dans le Gard avant une br\u00e8ve accalmie dans la matin\u00e9e. Dans le Var, les cumuls vont atteindre les \u00ab\u00a050 \u00e0 80 mm, localement 120 \u00e0 150 mm sur les zones int\u00e9rieures et jusqu&rsquo;\u00e0 230 mm dans le secteur du Luc\/Vidauban\u00a0\u00bb.<\/p>\n","protected":false},"excerpt":{"rendered":"<p>Un&nbsp;\u00e9pisode m\u00e9diterran\u00e9en, \u00e0 savoir un \u00e9pisode de tr\u00e8s fortes pr\u00e9cipitations sur une dur\u00e9e courte, va s&rsquo;abattre sur le sud de la France en cette fin de semaine. Si cet \u00e9pisode pr\u00e9voit d&rsquo;\u00eatre moins intense que celui\u00a0des 16 et 17 octobre, M\u00e9t\u00e9o France a plac\u00e9, pour ce vendredi 25 octobre, les d\u00e9partements du Gard et du [&hellip;]<\/p>\n","protected":false},"author":2,"featured_media":30704,"comment_status":"open","ping_status":"open","sticky":false,"template":"","format":"standard","meta":{"_jetpack_memberships_contains_paid_content":false,"footnotes":"","jetpack_publicize_message":"","jetpack_publicize_feature_enabled":true,"jetpack_social_post_already_shared":true,"jetpack_social_options":{"image_generator_settings":{"template":"highway","enabled":true,"token":"eyJpbWciOiJodHRwczpcL1wvd3d3LmljZWFnZXR2LmNvbVwvcmFkaW9zaXRlXC93cC1jb250ZW50XC91cGxvYWRzXC8yMDI0XC8xMFwvMjAyNDEwMjVfMDYzMzA4LTEwMjR4NTM2LmpwZyIsInR4dCI6IlBsdWllLWlub25kYXRpb246IE1cdTAwZTl0XHUwMGU5byBGcmFuY2UgcGxhY2UgZGV1eCBkXHUwMGU5cGFydGVtZW50cyBlbiB2aWdpbGFuY2Ugb3JhbmdlIiwidGVtcGxhdGUiOiJoaWdod2F5IiwiYmxvZ19pZCI6MTExMDE2NDYxfQ.ZkceUWHJ5HJwd8gqSVjQOJB56mGj-oBVC7H6xAIEjsAMQ"},"version":2},"_wpas_customize_per_network":false},"categories":[14],"tags":[],"class_list":["post-30703","post","type-post","status-publish","format-standard","has-post-thumbnail","hentry","category-actu-meteo"],"jetpack_publicize_connections":[],"jetpack_featured_media_url":"https:\/\/i0.wp.com\/www.iceagetv.com\/radiosite\/wp-content\/uploads\/2024\/10\/20241025_063308.jpg?fit=1200%2C628&ssl=1","jetpack_sharing_enabled":true,"_links":{"self":[{"href":"https:\/\/www.iceagetv.com\/radiosite\/wp-json\/wp\/v2\/posts\/30703","targetHints":{"allow":["GET"]}}],"collection":[{"href":"https:\/\/www.iceagetv.com\/radiosite\/wp-json\/wp\/v2\/posts"}],"about":[{"href":"https:\/\/www.iceagetv.com\/radiosite\/wp-json\/wp\/v2\/types\/post"}],"author":[{"embeddable":true,"href":"https:\/\/www.iceagetv.com\/radiosite\/wp-json\/wp\/v2\/users\/2"}],"replies":[{"embeddable":true,"href":"https:\/\/www.iceagetv.com\/radiosite\/wp-json\/wp\/v2\/comments?post=30703"}],"version-history":[{"count":1,"href":"https:\/\/www.iceagetv.com\/radiosite\/wp-json\/wp\/v2\/posts\/30703\/revisions"}],"predecessor-version":[{"id":30705,"href":"https:\/\/www.iceagetv.com\/radiosite\/wp-json\/wp\/v2\/posts\/30703\/revisions\/30705"}],"wp:featuredmedia":[{"embeddable":true,"href":"https:\/\/www.iceagetv.com\/radiosite\/wp-json\/wp\/v2\/media\/30704"}],"wp:attachment":[{"href":"https:\/\/www.iceagetv.com\/radiosite\/wp-json\/wp\/v2\/media?parent=30703"}],"wp:term":[{"taxonomy":"category","embeddable":true,"href":"https:\/\/www.iceagetv.com\/radiosite\/wp-json\/wp\/v2\/categories?post=30703"},{"taxonomy":"post_tag","embeddable":true,"href":"https:\/\/www.iceagetv.com\/radiosite\/wp-json\/wp\/v2\/tags?post=30703"}],"curies":[{"name":"wp","href":"https:\/\/api.w.org\/{rel}","templated":true}]}}