{"id":30712,"date":"2024-10-25T10:50:20","date_gmt":"2024-10-25T08:50:20","guid":{"rendered":"https:\/\/www.iceagetv.com\/radiosite\/?p=30712"},"modified":"2024-10-25T10:50:23","modified_gmt":"2024-10-25T08:50:23","slug":"enlevement-de-santiago-deux-adultes-et-un-mineur-proches-des-parents-du-bebe-ont-ete-mis-en-examen-un-mandat-darret-europeen-emis-contre-les-parents","status":"publish","type":"post","link":"https:\/\/www.iceagetv.com\/radiosite\/enlevement-de-santiago-deux-adultes-et-un-mineur-proches-des-parents-du-bebe-ont-ete-mis-en-examen-un-mandat-darret-europeen-emis-contre-les-parents\/","title":{"rendered":"Enl\u00e8vement de Santiago: Deux adultes et un mineur proches des parents du b\u00e9b\u00e9 ont \u00e9t\u00e9 mis en examen &#8211; Un mandat d&rsquo;arr\u00eat europ\u00e9en \u00e9mis contre les parents"},"content":{"rendered":"\n<p class=\"\"><strong>&nbsp;<\/strong><strong>Trois personnes de leur entourage ont \u00e9t\u00e9 arr\u00eat\u00e9s mardi en Seine-Saint-Denis. Deux hommes, un mineur et un majeur, ont \u00e9t\u00e9 inculp\u00e9s d\u2019enl\u00e8vement et s\u00e9questration d\u2019un mineur de moins de 15 ans en bande organis\u00e9e et incarc\u00e9r\u00e9s provisoirement, a indiqu\u00e9 vendredi le parquet.<\/strong><\/p>\n\n\n\n<p class=\"\">La justice fran\u00e7aise a \u00e9mis des mandats d\u2019arr\u00eat europ\u00e9ens \u00e0 l\u2019encontre des parents du petit Santiago, un b\u00e9b\u00e9 grand pr\u00e9matur\u00e9 qu\u2019ils ont enlev\u00e9 lundi soir de la maternit\u00e9 de r\u00e9gion parisienne o\u00f9 il \u00e9tait soign\u00e9, a annonc\u00e9 vendredi le parquet.<\/p>\n\n\n\n<p class=\"\">\u00a0Au troisi\u00e8me jour de traque, au cours de laquelle les traces des fuyards ont \u00e9t\u00e9 retrouv\u00e9es c\u00f4t\u00e9 belge dans une chambre d\u2019h\u00f4tel \u00e0 Mons et leur voiture d\u00e9couverte \u00e0 Charleroi, le couple et le b\u00e9b\u00e9 continuent d\u2019\u00e9chapper \u00e0 la justice. \u00ab S\u2019ils m\u2019entendent, ils doivent, pour le bien de leur b\u00e9b\u00e9, le conduire imm\u00e9diatement \u00e0 l\u2019h\u00f4pital le plus proche \u00bb, a appel\u00e9 Eric Mathais, ajoutant que l\u2019espoir n\u2019\u00e9tait\u00a0\u00ab jamais perdu \u00bb\u00a0et qu\u2019il \u00e9tait possible\u00a0\u00ab qu\u2019on le retrouve vivant \u00bb.<\/p>\n\n\n\n<p class=\"\">La disparition de Santiago a donn\u00e9 lieu mardi au d\u00e9clenchement d\u2019une alerte enl\u00e8vement en France, qui a \u00e9t\u00e9 lev\u00e9e en fin de journ\u00e9e lorsqu\u2019il est devenu \u00e9vident que le couple avait quitt\u00e9 le pays. La police f\u00e9d\u00e9rale belge a alors pris le relais et diffus\u00e9 mardi soir un appel \u00e0 la population.<\/p>\n\n\n\n<p class=\"\">Dans la nuit de lundi \u00e0 mardi, la maternit\u00e9 a \u00e9t\u00e9 alert\u00e9e de la disparition du b\u00e9b\u00e9 par le d\u00e9branchement de ses capteurs cardiaques dans la couveuse. Les cam\u00e9ras de vid\u00e9osurveillance montrent les parents, connus de la justice pour des faits de vols, sortant de l\u2019h\u00f4pital avec un cabas noir et s\u2019engouffrant \u00e0 bord d\u2019un v\u00e9hicule dans lequel se trouvent d\u2019autres personnes.<\/p>\n\n\n\n<p class=\"\">Trois jours apr\u00e8s l\u2019enl\u00e8vement de Santiago par ses parents, toujours introuvables et qui ont fui en Belgique, les autorit\u00e9s se sont dites jeudi extr\u00eamement\u00a0\u00ab pr\u00e9occup\u00e9es \u00bb\u00a0par la sant\u00e9 de ce nourrisson pr\u00e9matur\u00e9, qu\u2019elles esp\u00e8rent retrouver vivant. A l\u2019\u00e2ge de 17 jours, Santiago a \u00e9t\u00e9 enlev\u00e9 lundi soir entre 23H00 et 23H30 par ses parents de 23 et 25 ans dans le service de n\u00e9onatalogie de l\u2019h\u00f4pital Robert Ballanger d\u2019Aulnay-sous-Bois, en r\u00e9gion parisienne.<\/p>\n\n\n\n<p class=\"\">Grand pr\u00e9matur\u00e9 n\u00e9 avec huit semaines d\u2019avance, sa vie d\u00e9pend de soins m\u00e9dicaux constants. \u00ab Nous sommes extr\u00eamement mobilis\u00e9s et pr\u00e9occup\u00e9s par la sant\u00e9 et m\u00eame la vie de Santiago, ce tout nouveau-n\u00e9. La priorit\u00e9 num\u00e9ro un du parquet de Bobigny, de tous les enqu\u00eateurs, mais \u00e9galement des autorit\u00e9s judiciaires et polici\u00e8res belges, a \u00e9t\u00e9 et reste de retrouver Santiago \u00bb, a d\u00e9clar\u00e9 le procureur de Seine-Saint-Denis Eric Mathais en ouverture d\u2019une conf\u00e9rence de presse.<\/p>\n","protected":false},"excerpt":{"rendered":"<p>&nbsp;Trois personnes de leur entourage ont \u00e9t\u00e9 arr\u00eat\u00e9s mardi en Seine-Saint-Denis. Deux hommes, un mineur et un majeur, ont \u00e9t\u00e9 inculp\u00e9s d\u2019enl\u00e8vement et s\u00e9questration d\u2019un mineur de moins de 15 ans en bande organis\u00e9e et incarc\u00e9r\u00e9s provisoirement, a indiqu\u00e9 vendredi le parquet. La justice fran\u00e7aise a \u00e9mis des mandats d\u2019arr\u00eat europ\u00e9ens \u00e0 l\u2019encontre des parents [&hellip;]<\/p>\n","protected":false},"author":2,"featured_media":30693,"comment_status":"open","ping_status":"open","sticky":false,"template":"","format":"standard","meta":{"_jetpack_memberships_contains_paid_content":false,"footnotes":"","jetpack_publicize_message":"","jetpack_publicize_feature_enabled":true,"jetpack_social_post_already_shared":true,"jetpack_social_options":{"image_generator_settings":{"template":"highway","enabled":true,"token":"eyJpbWciOiJodHRwczpcL1wvd3d3LmljZWFnZXR2LmNvbVwvcmFkaW9zaXRlXC93cC1jb250ZW50XC91cGxvYWRzXC8yMDI0XC8xMFwvRW5sZXZlbWVudC1kZS1TYW50aWFnby5qcGciLCJ0eHQiOiJFbmxcdTAwZTh2ZW1lbnQgZGUgU2FudGlhZ286IERldXggYWR1bHRlcyBldCB1biBtaW5ldXIgcHJvY2hlcyBkZXMgcGFyZW50cyBkdSBiXHUwMGU5Ylx1MDBlOSBvbnQgXHUwMGU5dFx1MDBlOSBtaXMgZW4gZXhhbWVuICYjODIxMTsgVW4gbWFuZGF0IGQmIzgyMTc7YXJyXHUwMGVhdCBldXJvcFx1MDBlOWVuIFx1MDBlOW1pcyBjb250cmUgbGVzIHBhcmVudHMiLCJ0ZW1wbGF0ZSI6ImhpZ2h3YXkiLCJibG9nX2lkIjoxMTEwMTY0NjF9.rQjOWOk2QqGpVsFJxkS-S9oYPeOc8oIkwsRcc4YPWlIMQ"},"version":2},"_wpas_customize_per_network":false},"categories":[405],"tags":[],"class_list":["post-30712","post","type-post","status-publish","format-standard","has-post-thumbnail","hentry","category-actu-france-monde"],"jetpack_publicize_connections":[],"jetpack_featured_media_url":"https:\/\/i0.wp.com\/www.iceagetv.com\/radiosite\/wp-content\/uploads\/2024\/10\/Enlevement-de-Santiago.jpg?fit=679%2C293&ssl=1","jetpack_sharing_enabled":true,"_links":{"self":[{"href":"https:\/\/www.iceagetv.com\/radiosite\/wp-json\/wp\/v2\/posts\/30712","targetHints":{"allow":["GET"]}}],"collection":[{"href":"https:\/\/www.iceagetv.com\/radiosite\/wp-json\/wp\/v2\/posts"}],"about":[{"href":"https:\/\/www.iceagetv.com\/radiosite\/wp-json\/wp\/v2\/types\/post"}],"author":[{"embeddable":true,"href":"https:\/\/www.iceagetv.com\/radiosite\/wp-json\/wp\/v2\/users\/2"}],"replies":[{"embeddable":true,"href":"https:\/\/www.iceagetv.com\/radiosite\/wp-json\/wp\/v2\/comments?post=30712"}],"version-history":[{"count":1,"href":"https:\/\/www.iceagetv.com\/radiosite\/wp-json\/wp\/v2\/posts\/30712\/revisions"}],"predecessor-version":[{"id":30713,"href":"https:\/\/www.iceagetv.com\/radiosite\/wp-json\/wp\/v2\/posts\/30712\/revisions\/30713"}],"wp:featuredmedia":[{"embeddable":true,"href":"https:\/\/www.iceagetv.com\/radiosite\/wp-json\/wp\/v2\/media\/30693"}],"wp:attachment":[{"href":"https:\/\/www.iceagetv.com\/radiosite\/wp-json\/wp\/v2\/media?parent=30712"}],"wp:term":[{"taxonomy":"category","embeddable":true,"href":"https:\/\/www.iceagetv.com\/radiosite\/wp-json\/wp\/v2\/categories?post=30712"},{"taxonomy":"post_tag","embeddable":true,"href":"https:\/\/www.iceagetv.com\/radiosite\/wp-json\/wp\/v2\/tags?post=30712"}],"curies":[{"name":"wp","href":"https:\/\/api.w.org\/{rel}","templated":true}]}}