{"id":30721,"date":"2024-10-25T17:19:35","date_gmt":"2024-10-25T15:19:35","guid":{"rendered":"https:\/\/www.iceagetv.com\/radiosite\/?p=30721"},"modified":"2024-10-25T17:19:39","modified_gmt":"2024-10-25T15:19:39","slug":"manifestations-dagriculteurs-retailleau-donnera-des-consignes-de-bienveillance-aux-forces-de-lordre","status":"publish","type":"post","link":"https:\/\/www.iceagetv.com\/radiosite\/manifestations-dagriculteurs-retailleau-donnera-des-consignes-de-bienveillance-aux-forces-de-lordre\/","title":{"rendered":"Manifestations d&rsquo;agriculteurs: Retailleau donnera des consignes de \u00ab\u00a0bienveillance\u00a0\u00bb aux forces de l&rsquo;ordre"},"content":{"rendered":"\n<p class=\"\">Les syndicats majoritaires ont appel\u00e9 \u00e0 une nouvelle mobilisation nationale des agriculteurs \u00e0 partir de mi-novembre. Le ministre de l&rsquo;Int\u00e9rieur a demand\u00e9 aux manifestants \u00ab\u00a0d&rsquo;\u00e9viter la violence\u00a0\u00bb qui serait \u00ab\u00a0injustifiable\u00a0\u00bb.<\/p>\n\n\n\n<p class=\"\">Le ministre de l&rsquo;Int\u00e9rieur,&nbsp;<a href=\"https:\/\/www.bfmtv.com\/politique\/gouvernement\/bruno-retailleau_DN-202410030418.html\">Bruno Retailleau<\/a>, donnera \u00ab\u00a0des consignes de bienveillance\u00a0\u00bb aux forces de l&rsquo;ordre face \u00e0 de&nbsp;<a href=\"https:\/\/www.bfmtv.com\/lyon\/replay-emissions\/bonjour-lyon\/rhone-les-agriculteurs-prevoient-des-mobilisations_VN-202410250240.html\">nouvelles manifestations d&rsquo;agriculteurs<\/a>, demandant \u00e0 ces derniers d'\u00a0\u00bb\u00e9viter la violence\u00a0\u00bb, dans un entretien au quotidien&nbsp;<a href=\"https:\/\/www.ladepeche.fr\/2024\/10\/25\/colere-des-agriculteurs-bruno-retailleau-promet-de-faire-preuve-de-bienveillance-a-legard-des-manifestants-12283832.php\" target=\"_blank\" rel=\"noreferrer noopener\">La D\u00e9p\u00eache du Midi<\/a>, ce vendredi 25 octobre.<\/p>\n\n\n\n<p class=\"\">\u00ab\u00a0Les agriculteurs attendent de vivre du fruit de leur travail, d&rsquo;\u00eatre trait\u00e9s de fa\u00e7on juste et \u00e9gale. Ils attendent de la simplification, de la justice\u00a0\u00bb, a affirm\u00e9 Bruno Retailleau.<\/p>\n\n\n\n<blockquote class=\"wp-block-quote is-layout-flow wp-block-quote-is-layout-flow\">\n<p class=\"\">S&rsquo;il y a des manifestations, je donnerai des consignes de bienveillance\u00a0\u00bb, a-t-il ajout\u00e9, pr\u00e9cisant: \u00ab\u00a0je demande aussi aux agriculteurs d&rsquo;\u00e9viter la violence, qui serait injustifiable\u00a0\u00bb.<\/p>\n<\/blockquote>\n\n\n\n<h2 class=\"wp-block-heading\" id=\"7c068\">Les syndicats appellent \u00e0 une nouvelle mobilisation nationale<\/h2>\n\n\n\n<p class=\"\">Moins d&rsquo;un an apr\u00e8s&nbsp;<a href=\"https:\/\/www.bfmtv.com\/societe\/colere-des-agriculteurs_DN-202401230398.html\">la fronde des agriculteurs<\/a>, qui a tenu le pays en haleine pendant plusieurs semaines, les syndicats majoritaires ont appel\u00e9 mardi \u00e0 une nouvelle mobilisation nationale \u00e0 partir de mi-novembre.<\/p>\n\n\n\n<p class=\"\">Cet appel intervient sur fond de n\u00e9gociations d&rsquo;un accord de libre-\u00e9change UE-Mercosur que d\u00e9noncent les syndicats, et de mobilisations en cours dans plusieurs d\u00e9partements.<\/p>\n\n\n\n<p class=\"\">Lors de la mobilisation des agriculteurs du d\u00e9but d&rsquo;ann\u00e9e, le pr\u00e9d\u00e9cesseur de Bruno Retailleau,\u00a0<a href=\"https:\/\/www.bfmtv.com\/politique\/gerald-darmanin_DN-202108310663.html\">G\u00e9rald Darmanin<\/a>, avait transmis fin janvier des consignes de \u00ab\u00a0grande mod\u00e9ration\u00a0\u00bb aux pr\u00e9fets, leur demandant de ne faire intervenir les forces de l&rsquo;ordre qu&rsquo;en \u00ab\u00a0dernier recours\u00a0\u00bb, alors que les actions coup de poing des agriculteurs se multipliaient.En d\u00e9placement \u00e0 Toulouse, Bruno Retailleau a d\u00e9voil\u00e9 ce vendredi, dans un discours martial \u00e0 l&rsquo;\u00e9cole nationale de police, sa strat\u00e9gie de lutte contre la d\u00e9linquance qui passe par l&rsquo;\u00e9laboration de plans d\u00e9partementaux, une refondation des\u00a0<a href=\"https:\/\/www.bfmtv.com\/marseille\/place-nette-xxl-a-marseille-six-mois-apres-rien-n-a-change-pour-les-habitants-de-la-castellane_AV-202409240256.html\">op\u00e9rations \u00ab\u00a0places nettes\u00a0\u00bb\u00a0<\/a>et un nouveau plan de lutte contre les stup\u00e9fiants.<\/p>\n","protected":false},"excerpt":{"rendered":"<p>Les syndicats majoritaires ont appel\u00e9 \u00e0 une nouvelle mobilisation nationale des agriculteurs \u00e0 partir de mi-novembre. Le ministre de l&rsquo;Int\u00e9rieur a demand\u00e9 aux manifestants \u00ab\u00a0d&rsquo;\u00e9viter la violence\u00a0\u00bb qui serait \u00ab\u00a0injustifiable\u00a0\u00bb. Le ministre de l&rsquo;Int\u00e9rieur,&nbsp;Bruno Retailleau, donnera \u00ab\u00a0des consignes de bienveillance\u00a0\u00bb aux forces de l&rsquo;ordre face \u00e0 de&nbsp;nouvelles manifestations d&rsquo;agriculteurs, demandant \u00e0 ces derniers d&rsquo;\u00a0\u00bb\u00e9viter la [&hellip;]<\/p>\n","protected":false},"author":2,"featured_media":30722,"comment_status":"open","ping_status":"open","sticky":false,"template":"","format":"standard","meta":{"_jetpack_memberships_contains_paid_content":false,"footnotes":"","jetpack_publicize_message":"","jetpack_publicize_feature_enabled":true,"jetpack_social_post_already_shared":true,"jetpack_social_options":{"image_generator_settings":{"template":"highway","enabled":true,"token":"eyJpbWciOiJodHRwczpcL1wvd3d3LmljZWFnZXR2LmNvbVwvcmFkaW9zaXRlXC93cC1jb250ZW50XC91cGxvYWRzXC8yMDI0XC8xMFwvTWFuaWZlc3RhdGlvbnMtZGFncmljdWx0ZXVycy1SZXRhaWxsZWF1LWRvbm5lcmEtZGVzLWNvbnNpZ25lcy1kZS1iaWVudmVpbGxhbmNlLWF1eC1mb3JjZXMtZGUtbG9yZHJlLmpwZyIsInR4dCI6Ik1hbmlmZXN0YXRpb25zIGQmIzgyMTc7YWdyaWN1bHRldXJzOiBSZXRhaWxsZWF1IGRvbm5lcmEgZGVzIGNvbnNpZ25lcyBkZSAmIzgyMjA7YmllbnZlaWxsYW5jZSYjODIyMTsgYXV4IGZvcmNlcyBkZSBsJiM4MjE3O29yZHJlIiwidGVtcGxhdGUiOiJoaWdod2F5IiwiYmxvZ19pZCI6MTExMDE2NDYxfQ.Mj1Q22km7UrSmDgLs6PlxnwuNWn_QBVLVt4wNmUy5ecMQ"},"version":2},"_wpas_customize_per_network":false},"categories":[405],"tags":[],"class_list":["post-30721","post","type-post","status-publish","format-standard","has-post-thumbnail","hentry","category-actu-france-monde"],"jetpack_publicize_connections":[],"jetpack_featured_media_url":"https:\/\/i0.wp.com\/www.iceagetv.com\/radiosite\/wp-content\/uploads\/2024\/10\/Manifestations-dagriculteurs-Retailleau-donnera-des-consignes-de-bienveillance-aux-forces-de-lordre.jpg?fit=680%2C383&ssl=1","jetpack_sharing_enabled":true,"_links":{"self":[{"href":"https:\/\/www.iceagetv.com\/radiosite\/wp-json\/wp\/v2\/posts\/30721","targetHints":{"allow":["GET"]}}],"collection":[{"href":"https:\/\/www.iceagetv.com\/radiosite\/wp-json\/wp\/v2\/posts"}],"about":[{"href":"https:\/\/www.iceagetv.com\/radiosite\/wp-json\/wp\/v2\/types\/post"}],"author":[{"embeddable":true,"href":"https:\/\/www.iceagetv.com\/radiosite\/wp-json\/wp\/v2\/users\/2"}],"replies":[{"embeddable":true,"href":"https:\/\/www.iceagetv.com\/radiosite\/wp-json\/wp\/v2\/comments?post=30721"}],"version-history":[{"count":1,"href":"https:\/\/www.iceagetv.com\/radiosite\/wp-json\/wp\/v2\/posts\/30721\/revisions"}],"predecessor-version":[{"id":30723,"href":"https:\/\/www.iceagetv.com\/radiosite\/wp-json\/wp\/v2\/posts\/30721\/revisions\/30723"}],"wp:featuredmedia":[{"embeddable":true,"href":"https:\/\/www.iceagetv.com\/radiosite\/wp-json\/wp\/v2\/media\/30722"}],"wp:attachment":[{"href":"https:\/\/www.iceagetv.com\/radiosite\/wp-json\/wp\/v2\/media?parent=30721"}],"wp:term":[{"taxonomy":"category","embeddable":true,"href":"https:\/\/www.iceagetv.com\/radiosite\/wp-json\/wp\/v2\/categories?post=30721"},{"taxonomy":"post_tag","embeddable":true,"href":"https:\/\/www.iceagetv.com\/radiosite\/wp-json\/wp\/v2\/tags?post=30721"}],"curies":[{"name":"wp","href":"https:\/\/api.w.org\/{rel}","templated":true}]}}