{"id":30730,"date":"2024-10-26T08:34:29","date_gmt":"2024-10-26T06:34:29","guid":{"rendered":"https:\/\/www.iceagetv.com\/radiosite\/?p=30730"},"modified":"2024-10-26T08:34:33","modified_gmt":"2024-10-26T06:34:33","slug":"les-frappes-israeliennes-en-iran-israel-dit-avoir-termine-son-operation-apres-avoir-notamment-vise-larsenal-de-missiles-iranien","status":"publish","type":"post","link":"https:\/\/www.iceagetv.com\/radiosite\/les-frappes-israeliennes-en-iran-israel-dit-avoir-termine-son-operation-apres-avoir-notamment-vise-larsenal-de-missiles-iranien\/","title":{"rendered":"\u00a0les frappes isra\u00e9liennes en Iran\u00a0: Isra\u00ebl dit avoir termin\u00e9 son op\u00e9ration, apr\u00e8s avoir notamment vis\u00e9 l\u2019arsenal de missiles iranien"},"content":{"rendered":"\n<h2 class=\"wp-block-heading\">L\u2019arm\u00e9e isra\u00e9lienne dit avoir intercept\u00e9 un drone venant du Liban<\/h2>\n\n\n\n<p class=\"\"><a href=\"https:\/\/t.me\/idfofficial\/11779\" target=\"_blank\" rel=\"noreferrer noopener\">Dans un message\u00a0<\/a>post\u00e9 peu il y a une dizaine de minutes sur Telegram, l\u2019arm\u00e9e de l\u2019Etat h\u00e9breu a fait savoir avoir\u00a0<em>\u00ab\u00a0intercept\u00e9 un drone qui est entr\u00e9 en Isra\u00ebl depuis le Liban\u00a0\u00bb,\u00a0<\/em>faisant suite aux sir\u00e8nes qui ont retenti peu avant\u00a0<em>\u00ab\u00a0dans la r\u00e9gion de Haute Galil\u00e9e.\u00a0\u00bb<\/em><\/p>\n\n\n\n<h2 class=\"wp-block-heading\">Les vols dans l\u2019espace a\u00e9rien iranien vont reprendre, selon l\u2019autorit\u00e9 a\u00e9roportuaire<\/h2>\n\n\n\n<p class=\"\">L\u2019Iran a annonc\u00e9 samedi la reprise des vols dans son espace a\u00e9rien apr\u00e8s une br\u00e8ve suspension \u00e0 la suite d\u2019une attaque d\u2019Isra\u00ebl qui a vis\u00e9 plusieurs sites militaires dans le pays.<\/p>\n\n\n\n<p class=\"\"><em>\u00ab\u00a0Les vols vont revenir \u00e0 la normale \u00e0 partir de 9\u00a0heures\u00a0<\/em>[07\u00a0h\u00a030, heure fran\u00e7aise]\u00a0<em>samedi\u00a0\u00bb<\/em>, a d\u00e9clar\u00e9 le porte-parole de l\u2019Organisation de l\u2019aviation civile iranienne, selon l\u2019agence de presse officielle IRNA.<\/p>\n\n\n\n<p class=\"\">Vous pouvez partager un article en cliquant sur les ic\u00f4nes de partage en haut \u00e0 droite de celui-ci.<br>La reproduction totale ou partielle d\u2019un article, sans l\u2019autorisation \u00e9crite et pr\u00e9alable du <a href=\"https:\/\/www.lemonde.fr\">Monde<\/a>, est strictement interdite.<br>Pour plus d\u2019informations, consultez nos <a href=\"https:\/\/moncompte.lemonde.fr\/cgv\">conditions g\u00e9n\u00e9rales de vente<\/a>.<br>Pour toute demande d\u2019autorisation, contactez <a href=\"mailto:syndication@lemonde.fr\">syndication@lemonde.fr<\/a>.<br>En tant qu\u2019abonn\u00e9, vous pouvez offrir jusqu\u2019\u00e0 cinq articles par mois \u00e0 l\u2019un de vos proches gr\u00e2ce \u00e0 la fonctionnalit\u00e9 \u00ab Offrir un article \u00bb.<\/p>\n\n\n\n<figure class=\"wp-block-embed\"><div class=\"wp-block-embed__wrapper\">\nhttps:\/\/www.lemonde.fr\/international\/live\/2024\/10\/26\/en-direct-les-frappes-israeliennes-en-iran-israel-dit-avoir-termine-son-operation-apres-avoir-notamment-vise-l-arsenal-de-missiles-iranien_6355666_3210.html\n<\/div><\/figure>\n\n\n\n<h2 class=\"wp-block-heading\">Ce qu\u2019il faut savoir sur les attaques isra\u00e9liennes qui ont vis\u00e9 l\u2019Iran samedi matin<\/h2>\n\n\n\n<ul class=\"wp-block-list\">\n<li class=\"\"><strong>L\u2019arm\u00e9e isra\u00e9lienne a affirm\u00e9 samedi avoir men\u00e9 dans la nuit des frappes <em>\u00ab\u00a0pr\u00e9cises et cibl\u00e9es\u00a0\u00bb<\/em> sur l\u2019Iran<\/strong>, visant des sites de fabrication de missiles, des batteries de missiles sol-air et d\u2019autres syst\u00e8mes a\u00e9riens dans plusieurs r\u00e9gions, en repr\u00e9sailles notamment aux attaques dont l\u2019Etat h\u00e9breu a fait l\u2019objet le 1<sup>er<\/sup>\u00a0octobre, lorsque l\u2019Iran avait lanc\u00e9 quelque 200 missiles sur son sol, incluant pour la premi\u00e8re fois plusieurs missiles hypersoniques.<\/li>\n\n\n\n<li class=\"\">De son c\u00f4t\u00e9, l\u2019Iran a affirm\u00e9 que les frappes isra\u00e9liennes <em>\u00ab\u00a0dans le cadre d\u2019une op\u00e9ration g\u00e9n\u00e9ratrice de tensions\u00a0\u00bb <\/em>ont vis\u00e9 des bases militaires <strong>dans les provinces d\u2019Ilam (ouest), du Khouzistan (sud-ouest) \u2212\u00a0limitrophes de l\u2019Irak\u00a0\u2212 et de T\u00e9h\u00e9ran, causant <em>\u00ab\u00a0\u00e0 certains endroits des d\u00e9g\u00e2ts limit\u00e9s\u00a0\u00bb<\/em><\/strong>.<\/li>\n\n\n\n<li class=\"\"><strong>Les frappes d\u2019Isra\u00ebl sur l\u2019Iran constituent <em>\u00ab\u00a0des man\u0153uvres d\u2019autod\u00e9fense\u00a0\u00bb<\/em>, a d\u00e9clar\u00e9 la Maison Blanche<\/strong>. Washington a appel\u00e9 T\u00e9h\u00e9ran \u00e0 <em>\u00ab\u00a0cesser ses attaques\u00a0\u00bb<\/em> contre Isra\u00ebl.<\/li>\n\n\n\n<li class=\"\"><em><strong>\u00ab\u00a0Si le r\u00e9gime iranien commettait l\u2019erreur de commencer un nouveau cycle d\u2019escalade, nous serions oblig\u00e9s de r\u00e9pondre\u00a0\u00bb<\/strong><\/em>,<a href=\"https:\/\/x.com\/IDFSpokesperson\/status\/1850013378908963243\" target=\"_blank\" rel=\"noreferrer noopener\"> a assur\u00e9 le porte-parole de l\u2019arm\u00e9e isra\u00e9lienne<\/a>, le contre-amiral Daniel Hagari, dans un communiqu\u00e9.<\/li>\n\n\n\n<li class=\"\"><strong>En Syrie, l\u2019agence de presse \u00e9tatique a annonc\u00e9 qu\u2019Isra\u00ebl avait men\u00e9 une attaque a\u00e9rienne depuis le Golan occup\u00e9 et l\u2019espace a\u00e9rien du Liban voisin contre des <em>\u00ab\u00a0positions militaires\u00a0\u00bb<\/em> sur son territoire<\/strong> dans la nuit. <em>\u00ab\u00a0Notre d\u00e9fense antia\u00e9rienne a confront\u00e9 les missiles de l\u2019ennemi et en a abattu un certain nombre\u00a0\u00bb<\/em>, a pr\u00e9cis\u00e9 cette source.<\/li>\n\n\n\n<li class=\"\"><strong>Les factions de la R\u00e9sistance islamique en Irak \u2212 n\u00e9buleuse de groupes arm\u00e9s irakiens alli\u00e9s de T\u00e9h\u00e9ran \u2212 ont revendiqu\u00e9 samedi \u00e0 l\u2019aube une attaque de drone contre une <em>\u00ab\u00a0cible militaire\u00a0\u00bb<\/em> dans le nord d\u2019Isra\u00ebl<\/strong>, apr\u00e8s l\u2019annonce de frappes isra\u00e9liennes sur l\u2019Iran.<\/li>\n<\/ul>\n","protected":false},"excerpt":{"rendered":"<p>L\u2019arm\u00e9e isra\u00e9lienne dit avoir intercept\u00e9 un drone venant du Liban Dans un message\u00a0post\u00e9 peu il y a une dizaine de minutes sur Telegram, l\u2019arm\u00e9e de l\u2019Etat h\u00e9breu a fait savoir avoir\u00a0\u00ab\u00a0intercept\u00e9 un drone qui est entr\u00e9 en Isra\u00ebl depuis le Liban\u00a0\u00bb,\u00a0faisant suite aux sir\u00e8nes qui ont retenti peu avant\u00a0\u00ab\u00a0dans la r\u00e9gion de Haute Galil\u00e9e.\u00a0\u00bb Les [&hellip;]<\/p>\n","protected":false},"author":2,"featured_media":30731,"comment_status":"open","ping_status":"open","sticky":false,"template":"","format":"standard","meta":{"_jetpack_memberships_contains_paid_content":false,"footnotes":"","jetpack_publicize_message":"","jetpack_publicize_feature_enabled":true,"jetpack_social_post_already_shared":false,"jetpack_social_options":{"image_generator_settings":{"template":"highway","enabled":true,"token":"eyJpbWciOiJodHRwczpcL1wvd3d3LmljZWFnZXR2LmNvbVwvcmFkaW9zaXRlXC93cC1jb250ZW50XC91cGxvYWRzXC8yMDI0XC8xMFwvaXNyYWVsLWlyYW4tYXR0YXF1ZS05NjB4NjQwLTEuanBlZyIsInR4dCI6Ilx1MDBhMGxlcyBmcmFwcGVzIGlzcmFcdTAwZTlsaWVubmVzIGVuIElyYW5cdTAwYTA6IElzcmFcdTAwZWJsIGRpdCBhdm9pciB0ZXJtaW5cdTAwZTkgc29uIG9wXHUwMGU5cmF0aW9uLCBhcHJcdTAwZThzIGF2b2lyIG5vdGFtbWVudCB2aXNcdTAwZTkgbFx1MjAxOWFyc2VuYWwgZGUgbWlzc2lsZXMgaXJhbmllbiIsInRlbXBsYXRlIjoiaGlnaHdheSIsImJsb2dfaWQiOjExMTAxNjQ2MX0.oLngAyE4ElyX6ha0SQJC_uuv7Yb4hL3gW6dF4rMiaowMQ"},"version":2},"_wpas_customize_per_network":false},"categories":[405],"tags":[],"class_list":["post-30730","post","type-post","status-publish","format-standard","has-post-thumbnail","hentry","category-actu-france-monde"],"jetpack_publicize_connections":[],"jetpack_featured_media_url":"https:\/\/i0.wp.com\/www.iceagetv.com\/radiosite\/wp-content\/uploads\/2024\/10\/israel-iran-attaque-960x640-1.jpeg?fit=960%2C640&ssl=1","jetpack_sharing_enabled":true,"_links":{"self":[{"href":"https:\/\/www.iceagetv.com\/radiosite\/wp-json\/wp\/v2\/posts\/30730","targetHints":{"allow":["GET"]}}],"collection":[{"href":"https:\/\/www.iceagetv.com\/radiosite\/wp-json\/wp\/v2\/posts"}],"about":[{"href":"https:\/\/www.iceagetv.com\/radiosite\/wp-json\/wp\/v2\/types\/post"}],"author":[{"embeddable":true,"href":"https:\/\/www.iceagetv.com\/radiosite\/wp-json\/wp\/v2\/users\/2"}],"replies":[{"embeddable":true,"href":"https:\/\/www.iceagetv.com\/radiosite\/wp-json\/wp\/v2\/comments?post=30730"}],"version-history":[{"count":1,"href":"https:\/\/www.iceagetv.com\/radiosite\/wp-json\/wp\/v2\/posts\/30730\/revisions"}],"predecessor-version":[{"id":30732,"href":"https:\/\/www.iceagetv.com\/radiosite\/wp-json\/wp\/v2\/posts\/30730\/revisions\/30732"}],"wp:featuredmedia":[{"embeddable":true,"href":"https:\/\/www.iceagetv.com\/radiosite\/wp-json\/wp\/v2\/media\/30731"}],"wp:attachment":[{"href":"https:\/\/www.iceagetv.com\/radiosite\/wp-json\/wp\/v2\/media?parent=30730"}],"wp:term":[{"taxonomy":"category","embeddable":true,"href":"https:\/\/www.iceagetv.com\/radiosite\/wp-json\/wp\/v2\/categories?post=30730"},{"taxonomy":"post_tag","embeddable":true,"href":"https:\/\/www.iceagetv.com\/radiosite\/wp-json\/wp\/v2\/tags?post=30730"}],"curies":[{"name":"wp","href":"https:\/\/api.w.org\/{rel}","templated":true}]}}