{"id":30756,"date":"2024-10-27T14:52:07","date_gmt":"2024-10-27T13:52:07","guid":{"rendered":"https:\/\/www.iceagetv.com\/radiosite\/?p=30756"},"modified":"2024-10-27T14:52:11","modified_gmt":"2024-10-27T13:52:11","slug":"la-mortalite-infantile-a-fortement-augmente-aux-etats-unis-notamment-en-raison-danomalies-congenitales-dans-les-mois-qui-ont-suivi-la-revocation-par-la-cour-supreme-de-la-garantie-federale-du-droi","status":"publish","type":"post","link":"https:\/\/www.iceagetv.com\/radiosite\/la-mortalite-infantile-a-fortement-augmente-aux-etats-unis-notamment-en-raison-danomalies-congenitales-dans-les-mois-qui-ont-suivi-la-revocation-par-la-cour-supreme-de-la-garantie-federale-du-droi\/","title":{"rendered":"La mortalit\u00e9 infantile a fortement augment\u00e9 aux Etats-Unis, notamment en raison d&rsquo;anomalies cong\u00e9nitales, dans les mois qui ont suivi la r\u00e9vocation par la Cour supr\u00eame de la garantie f\u00e9d\u00e9rale du droit \u00e0 l&rsquo;avortement, selon une \u00e9tude"},"content":{"rendered":"\n<p class=\"\">La mortalit\u00e9 infantile a fortement augment\u00e9 aux Etats-Unis, notamment en raison d&rsquo;anomalies cong\u00e9nitales, dans les mois qui ont suivi la r\u00e9vocation par la Cour supr\u00eame de la garantie f\u00e9d\u00e9rale du droit \u00e0 l&rsquo;avortement, selon une nouvelle \u00e9tude.<\/p>\n\n\n\n<p class=\"\">Mettant fin \u00e0 un demi-si\u00e8cle de jurisprudence en juin 2022, la Cour supr\u00eame, \u00e0 majorit\u00e9 conservatrice depuis la nomination de trois juges par Donald Trump, a redonn\u00e9 aux Etats f\u00e9d\u00e9r\u00e9s toute latitude pour l\u00e9gif\u00e9rer dans ce domaine.<\/p>\n\n\n\n<p class=\"\">Au moins 20 d&rsquo;entre eux ont depuis mis en place des restrictions partielles ou totales \u00e0 l&rsquo;interruption volontaire de grossesse.<\/p>\n\n\n\n<p class=\"\">Le sujet occupe une place importante dans la campagne pr\u00e9sidentielle, \u00e0 quinze jours de l&rsquo;\u00e9lection aux Etats-Unis. Le 5 novembre, les Am\u00e9ricains se prononceront aussi sur la garantie par les Etats du droit \u00e0 l&rsquo;avortement dans pas moins de dix d&rsquo;entre eux.<\/p>\n\n\n\n<p class=\"\">Cette nouvelle \u00e9tude, men\u00e9e par Maria Gallo et Parvati Singh de l&rsquo;Universit\u00e9 de l&rsquo;Ohio et publi\u00e9e dans le journal JAMA Pediatrics, analyse une base de donn\u00e9es nationale et ses r\u00e9sultats sur les cons\u00e9quences des restrictions \u00e0 l&rsquo;IVG rejoignent ceux d&rsquo;\u00e9tudes publi\u00e9es plus t\u00f4t cette ann\u00e9e sur le seul Etat du Texas, o\u00f9 l&rsquo;avortement est d\u00e9sormais interdit, y compris en cas d&rsquo;inceste ou de viol.<\/p>\n\n\n\n<p class=\"\">Dans les mois qui ont suivi la d\u00e9cision de la Cour supr\u00eame, \u00ab\u00a0la mortalit\u00e9 infantile aux Etats-Unis a \u00e9t\u00e9 plus \u00e9lev\u00e9e que ce \u00e0 quoi nous nous attendions\u00a0\u00bb, les chiffres \u00e0 l&rsquo;\u00e9chelle nationale \u00e9tant habituellement plut\u00f4t stables avec des pics et des creux li\u00e9s \u00e0 des effets saisonniers pr\u00e9visibles, explique \u00e0 l&rsquo;AFP Maria Gallo, professeure d&rsquo;\u00e9pid\u00e9miologie sp\u00e9cialiste de la sant\u00e9 reproductive.<\/p>\n\n\n\n<p class=\"\">En octobre 2022, en mars 2023 et en avril 2023, les taux de mortalit\u00e9 infantile \u00e9taient 7% plus \u00e9lev\u00e9s qu&rsquo;habituellement \u00e0 l&rsquo;\u00e9chelle nationale, avec 247 morts suppl\u00e9mentaires pour chacun de ces mois. La majorit\u00e9 de ces d\u00e9c\u00e8s ont \u00e9t\u00e9 attribu\u00e9s \u00e0 des anomalies cong\u00e9nitales.<\/p>\n\n\n\n<p class=\"\">\u00ab\u00a0Ce sont des cas dans lesquels, avant la d\u00e9cision de la Cour supr\u00eame, il aurait \u00e9t\u00e9 possible d&rsquo;avorter plut\u00f4t que de mener la grossesse \u00e0 terme et de devoir assister \u00e0 la mort de son enfant\u00a0\u00bb, souligne Maria Gallo.<\/p>\n\n\n\n<p class=\"\">La prochaine \u00e9tape pour les chercheuses sera d&rsquo;\u00e9tablir si cette hausse a \u00e9t\u00e9 observ\u00e9e dans tous les Etats ou si elle s&rsquo;est concentr\u00e9e dans les Etats qui ont restreint l&rsquo;acc\u00e8s \u00e0 l&rsquo;IVG.<\/p>\n\n\n\n<p class=\"\">\u00ab\u00a0Il y a un bilan humain plus large \u00e0 prendre en compte, en incluant les cons\u00e9quences sur la sant\u00e9 mentale de se voir refuser un avortement ou d&rsquo;\u00eatre forc\u00e9 \u00e0 mener \u00e0 terme une grossesse quand le foetus pr\u00e9sente une anomalie cong\u00e9nitale mortelle\u00a0\u00bb, ajoute Parvati Singh.<\/p>\n","protected":false},"excerpt":{"rendered":"<p>La mortalit\u00e9 infantile a fortement augment\u00e9 aux Etats-Unis, notamment en raison d&rsquo;anomalies cong\u00e9nitales, dans les mois qui ont suivi la r\u00e9vocation par la Cour supr\u00eame de la garantie f\u00e9d\u00e9rale du droit \u00e0 l&rsquo;avortement, selon une nouvelle \u00e9tude. Mettant fin \u00e0 un demi-si\u00e8cle de jurisprudence en juin 2022, la Cour supr\u00eame, \u00e0 majorit\u00e9 conservatrice depuis la [&hellip;]<\/p>\n","protected":false},"author":2,"featured_media":30758,"comment_status":"open","ping_status":"open","sticky":false,"template":"","format":"standard","meta":{"_jetpack_memberships_contains_paid_content":false,"footnotes":"","jetpack_publicize_message":"","jetpack_publicize_feature_enabled":true,"jetpack_social_post_already_shared":true,"jetpack_social_options":{"image_generator_settings":{"template":"highway","enabled":true,"token":"eyJpbWciOiJodHRwczpcL1wvd3d3LmljZWFnZXR2LmNvbVwvcmFkaW9zaXRlXC93cC1jb250ZW50XC91cGxvYWRzXC8yMDI0XC8xMFwvYU1Ta0hkNmkuanBnIiwidHh0IjoiTGEgbW9ydGFsaXRcdTAwZTkgaW5mYW50aWxlIGEgZm9ydGVtZW50IGF1Z21lbnRcdTAwZTkgYXV4IEV0YXRzLVVuaXMsIG5vdGFtbWVudCBlbiByYWlzb24gZCYjODIxNzthbm9tYWxpZXMgY29uZ1x1MDBlOW5pdGFsZXMsIGRhbnMgbGVzIG1vaXMgcXVpIG9udCBzdWl2aSBsYSByXHUwMGU5dm9jYXRpb24gcGFyIGxhIENvdXIgc3Vwclx1MDBlYW1lIGRlIGxhIGdhcmFudGllIGZcdTAwZTlkXHUwMGU5cmFsZSBkdSBkcm9pdCBcdTAwZTAgbCYjODIxNzthdm9ydGVtZW50LCBzZWxvbiB1bmUgXHUwMGU5dHVkZSIsInRlbXBsYXRlIjoiaGlnaHdheSIsImJsb2dfaWQiOjExMTAxNjQ2MX0.wqu33GIShYdXg3sogYC8Q8xHJ56uAlUZNww2XsI6yE8MQ"},"version":2},"_wpas_customize_per_network":false},"categories":[405],"tags":[],"class_list":["post-30756","post","type-post","status-publish","format-standard","has-post-thumbnail","hentry","category-actu-france-monde"],"jetpack_publicize_connections":[],"jetpack_featured_media_url":"https:\/\/i0.wp.com\/www.iceagetv.com\/radiosite\/wp-content\/uploads\/2024\/10\/aMSkHd6i.jpg?fit=679%2C293&ssl=1","jetpack_sharing_enabled":true,"_links":{"self":[{"href":"https:\/\/www.iceagetv.com\/radiosite\/wp-json\/wp\/v2\/posts\/30756","targetHints":{"allow":["GET"]}}],"collection":[{"href":"https:\/\/www.iceagetv.com\/radiosite\/wp-json\/wp\/v2\/posts"}],"about":[{"href":"https:\/\/www.iceagetv.com\/radiosite\/wp-json\/wp\/v2\/types\/post"}],"author":[{"embeddable":true,"href":"https:\/\/www.iceagetv.com\/radiosite\/wp-json\/wp\/v2\/users\/2"}],"replies":[{"embeddable":true,"href":"https:\/\/www.iceagetv.com\/radiosite\/wp-json\/wp\/v2\/comments?post=30756"}],"version-history":[{"count":1,"href":"https:\/\/www.iceagetv.com\/radiosite\/wp-json\/wp\/v2\/posts\/30756\/revisions"}],"predecessor-version":[{"id":30759,"href":"https:\/\/www.iceagetv.com\/radiosite\/wp-json\/wp\/v2\/posts\/30756\/revisions\/30759"}],"wp:featuredmedia":[{"embeddable":true,"href":"https:\/\/www.iceagetv.com\/radiosite\/wp-json\/wp\/v2\/media\/30758"}],"wp:attachment":[{"href":"https:\/\/www.iceagetv.com\/radiosite\/wp-json\/wp\/v2\/media?parent=30756"}],"wp:term":[{"taxonomy":"category","embeddable":true,"href":"https:\/\/www.iceagetv.com\/radiosite\/wp-json\/wp\/v2\/categories?post=30756"},{"taxonomy":"post_tag","embeddable":true,"href":"https:\/\/www.iceagetv.com\/radiosite\/wp-json\/wp\/v2\/tags?post=30756"}],"curies":[{"name":"wp","href":"https:\/\/api.w.org\/{rel}","templated":true}]}}