{"id":30764,"date":"2024-10-28T13:16:42","date_gmt":"2024-10-28T12:16:42","guid":{"rendered":"https:\/\/www.iceagetv.com\/radiosite\/?p=30764"},"modified":"2024-10-28T13:16:45","modified_gmt":"2024-10-28T12:16:45","slug":"greenpeace-a-mene-ce-matin-une-action-a-la-centrale-nucleaire-de-gravelines-y-penetrant-par-un-canal-pour-denoncer-un-risque-de-submersion-marine-de-cette-centrale-ou-doivent-etre-construits-deux-re","status":"publish","type":"post","link":"https:\/\/www.iceagetv.com\/radiosite\/greenpeace-a-mene-ce-matin-une-action-a-la-centrale-nucleaire-de-gravelines-y-penetrant-par-un-canal-pour-denoncer-un-risque-de-submersion-marine-de-cette-centrale-ou-doivent-etre-construits-deux-re\/","title":{"rendered":"Greenpeace a men\u00e9 ce matin une action \u00e0 la centrale nucl\u00e9aire de Gravelines, y p\u00e9n\u00e9trant par un canal, pour d\u00e9noncer un risque de submersion marine de cette centrale o\u00f9 doivent \u00eatre construits deux r\u00e9acteurs EPR"},"content":{"rendered":"\n<p class=\"\">Greenpeace a men\u00e9 ce matin une action \u00e0 la centrale nucl\u00e9aire de Gravelines (Nord), y p\u00e9n\u00e9trant par un canal, pour d\u00e9noncer un risque de submersion marine de cette centrale o\u00f9 doivent \u00eatre construits deux r\u00e9acteurs EPR, ont constat\u00e9 des journalistes de l\u2019AFP.<\/p>\n\n\n\n<p class=\"\">Vers 9H00, des militants de l\u2019ONG environnementale se sont engag\u00e9s \u00e0 bord de deux zodiacs sur le canal de rejet de la centrale -install\u00e9e au bord de la mer du Nord- avec des banderoles clamant \u00ab&nbsp;Mont\u00e9e des eaux, nucl\u00e9aire \u00e0 l\u2019eau&nbsp;\u00bb, des cerfs-volants en forme de m\u00e9duses et des fumig\u00e8nes bleus pour symboliser l\u2019eau qui monte, selon les journalistes.<\/p>\n\n\n\n<p class=\"\">D\u2019autres activistes ont \u00ab&nbsp;r\u00e9pandu de la peinture bleue devant les portes \u00ab\u00a0\u00e9cluses\u00a0\u00bb de la centrale&nbsp;\u00bb et y ont dessin\u00e9 des vagues \u00ab&nbsp;pour d\u00e9noncer le risque d\u2019isolation de la centrale en \u00eele en cas d\u2019inondation fluviale et marine&nbsp;\u00bb, selon un communiqu\u00e9 de Greenpeace.<\/p>\n\n\n\n<p class=\"\">L\u2019ONG indique qu\u2019\u00ab&nbsp;une quarantaine d\u2019activistes (&#8230;) sont entr\u00e9s au sein du p\u00e9rim\u00e8tre de la centrale nucl\u00e9aire&nbsp;\u00bb.<\/p>\n\n\n\n<p class=\"\">Selon la pr\u00e9fecture, une dizaine de militants a d\u00e9barqu\u00e9 sur la digue nord de la centrale apr\u00e8s l\u2019intrusion par le canal et ont \u00e9t\u00e9 tr\u00e8s rapidement bloqu\u00e9s et interpell\u00e9s par des gendarmes, tandis que des militants menant l\u2019action \u00e0 l\u2019ext\u00e9rieur ont \u00e9t\u00e9 interpell\u00e9s par la police.<\/p>\n\n\n\n<p class=\"\">Les militants ne sont pas entr\u00e9s dans les b\u00e2timents, pr\u00e9cise Cl\u00e9ment M\u00e9ric, directeur de cabinet du pr\u00e9fet.<\/p>\n\n\n\n<p class=\"\">Greenpeace entendait d\u00e9noncer \u00ab&nbsp;la dangerosit\u00e9&nbsp;\u00bb du projet d\u2019installation des EPR \u00ab&nbsp;au coeur du delta de l\u2019Aa, en proie \u00e0 des inondations (&#8230;) et au bord d\u2019une mer dont le niveau va monter inexorablement&nbsp;\u00bb, en raison du d\u00e9r\u00e8glement climatique.<\/p>\n\n\n\n<p class=\"\">Cette centrale nucl\u00e9aire, d\u00e9j\u00e0 la plus puissante d\u2019Europe de l\u2019Ouest avec ses six r\u00e9acteurs de 900 MW, est install\u00e9e pr\u00e8s de Dunkerque, dans une zone de polder.<\/p>\n\n\n\n<p class=\"\">Le d\u00e9bat public sur la construction des EPR2, des r\u00e9acteurs de nouvelle g\u00e9n\u00e9ration de 1.600 MW chacun, a d\u00e9but\u00e9 mi-septembre. Ils doivent \u00eatre b\u00e2tis sur une plateforme de 11 m de haut, pour un d\u00e9but d\u2019exploitation en 2040.<\/p>\n","protected":false},"excerpt":{"rendered":"<p>Greenpeace a men\u00e9 ce matin une action \u00e0 la centrale nucl\u00e9aire de Gravelines (Nord), y p\u00e9n\u00e9trant par un canal, pour d\u00e9noncer un risque de submersion marine de cette centrale o\u00f9 doivent \u00eatre construits deux r\u00e9acteurs EPR, ont constat\u00e9 des journalistes de l\u2019AFP. Vers 9H00, des militants de l\u2019ONG environnementale se sont engag\u00e9s \u00e0 bord de [&hellip;]<\/p>\n","protected":false},"author":2,"featured_media":30765,"comment_status":"open","ping_status":"open","sticky":false,"template":"","format":"standard","meta":{"_jetpack_memberships_contains_paid_content":false,"footnotes":"","jetpack_publicize_message":"","jetpack_publicize_feature_enabled":true,"jetpack_social_post_already_shared":true,"jetpack_social_options":{"image_generator_settings":{"template":"highway","enabled":true,"token":"eyJpbWciOiJodHRwczpcL1wvd3d3LmljZWFnZXR2LmNvbVwvcmFkaW9zaXRlXC93cC1jb250ZW50XC91cGxvYWRzXC8yMDI0XC8xMFwvR3JlZW5wZWFjZS5qcGciLCJ0eHQiOiJHcmVlbnBlYWNlIGEgbWVuXHUwMGU5IGNlIG1hdGluIHVuZSBhY3Rpb24gXHUwMGUwIGxhIGNlbnRyYWxlIG51Y2xcdTAwZTlhaXJlIGRlIEdyYXZlbGluZXMsIHkgcFx1MDBlOW5cdTAwZTl0cmFudCBwYXIgdW4gY2FuYWwsIHBvdXIgZFx1MDBlOW5vbmNlciB1biByaXNxdWUgZGUgc3VibWVyc2lvbiBtYXJpbmUgZGUgY2V0dGUgY2VudHJhbGUgb1x1MDBmOSBkb2l2ZW50IFx1MDBlYXRyZSBjb25zdHJ1aXRzIGRldXggclx1MDBlOWFjdGV1cnMgRVBSIiwidGVtcGxhdGUiOiJoaWdod2F5IiwiYmxvZ19pZCI6MTExMDE2NDYxfQ.Zk9DYd3gUO5O5XaGJy-StjwGttuA8Y0zhamJI6IU-CEMQ"},"version":2},"_wpas_customize_per_network":false},"categories":[405],"tags":[],"class_list":["post-30764","post","type-post","status-publish","format-standard","has-post-thumbnail","hentry","category-actu-france-monde"],"jetpack_publicize_connections":[],"jetpack_featured_media_url":"https:\/\/i0.wp.com\/www.iceagetv.com\/radiosite\/wp-content\/uploads\/2024\/10\/Greenpeace.jpg?fit=679%2C293&ssl=1","jetpack_sharing_enabled":true,"_links":{"self":[{"href":"https:\/\/www.iceagetv.com\/radiosite\/wp-json\/wp\/v2\/posts\/30764","targetHints":{"allow":["GET"]}}],"collection":[{"href":"https:\/\/www.iceagetv.com\/radiosite\/wp-json\/wp\/v2\/posts"}],"about":[{"href":"https:\/\/www.iceagetv.com\/radiosite\/wp-json\/wp\/v2\/types\/post"}],"author":[{"embeddable":true,"href":"https:\/\/www.iceagetv.com\/radiosite\/wp-json\/wp\/v2\/users\/2"}],"replies":[{"embeddable":true,"href":"https:\/\/www.iceagetv.com\/radiosite\/wp-json\/wp\/v2\/comments?post=30764"}],"version-history":[{"count":1,"href":"https:\/\/www.iceagetv.com\/radiosite\/wp-json\/wp\/v2\/posts\/30764\/revisions"}],"predecessor-version":[{"id":30766,"href":"https:\/\/www.iceagetv.com\/radiosite\/wp-json\/wp\/v2\/posts\/30764\/revisions\/30766"}],"wp:featuredmedia":[{"embeddable":true,"href":"https:\/\/www.iceagetv.com\/radiosite\/wp-json\/wp\/v2\/media\/30765"}],"wp:attachment":[{"href":"https:\/\/www.iceagetv.com\/radiosite\/wp-json\/wp\/v2\/media?parent=30764"}],"wp:term":[{"taxonomy":"category","embeddable":true,"href":"https:\/\/www.iceagetv.com\/radiosite\/wp-json\/wp\/v2\/categories?post=30764"},{"taxonomy":"post_tag","embeddable":true,"href":"https:\/\/www.iceagetv.com\/radiosite\/wp-json\/wp\/v2\/tags?post=30764"}],"curies":[{"name":"wp","href":"https:\/\/api.w.org\/{rel}","templated":true}]}}