{"id":30774,"date":"2024-10-28T20:23:25","date_gmt":"2024-10-28T19:23:25","guid":{"rendered":"https:\/\/www.iceagetv.com\/radiosite\/?p=30774"},"modified":"2024-10-28T20:23:30","modified_gmt":"2024-10-28T19:23:30","slug":"enlevement-de-santiago-les-parents-du-nourrisson-qui-avaient-ete-interpelles-vendredi-sont-maintenus-en-detention-a-amsterdam-en-vue-dune-extradition-annonce-le-juge-dinstruction","status":"publish","type":"post","link":"https:\/\/www.iceagetv.com\/radiosite\/enlevement-de-santiago-les-parents-du-nourrisson-qui-avaient-ete-interpelles-vendredi-sont-maintenus-en-detention-a-amsterdam-en-vue-dune-extradition-annonce-le-juge-dinstruction\/","title":{"rendered":"Enl\u00e8vement de Santiago: Les parents du nourrisson, qui avaient \u00e9t\u00e9 interpell\u00e9s vendredi, sont maintenus en d\u00e9tention \u00e0 Amsterdam en vue d&rsquo;une extradition, annonce le juge d&rsquo;instruction"},"content":{"rendered":"\n<p class=\"\">Les parents de Santiago, b\u00e9b\u00e9 n\u00e9 grand pr\u00e9matur\u00e9 \u00e0 Paris et retrouv\u00e9 dans un h\u00f4tel d&rsquo;Amsterdam vendredi dernier, sont maintenus en d\u00e9tention provisoire \u00e0 Amsterdam en vue d&rsquo;une extradition, a d\u00e9cid\u00e9 lundi un juge n\u00e9erlandais.<\/p>\n\n\n\n<p class=\"\">\u00abL&rsquo;homme et la femme arr\u00eat\u00e9s dans un h\u00f4tel du centre d&rsquo;Amsterdam dans la nuit du vendredi au samedi 25 octobre ont \u00e9t\u00e9 pr\u00e9sent\u00e9s cet apr\u00e8s-midi au juge d&rsquo;instruction. Le juge d&rsquo;instruction les a plac\u00e9s en d\u00e9tention provisoire,\u00bb indique un communiqu\u00e9 du tribunal d&rsquo;Amsterdam.<\/p>\n\n\n\n<p class=\"\">Ce grand pr\u00e9matur\u00e9 avait \u00e9t\u00e9 enlev\u00e9 il y a une semaine par ses parents de 23 et 25 ans dans le service de n\u00e9onatalogie d&rsquo;un h\u00f4pital \u00e0 Aulnay-sous-Bois, pr\u00e8s de Paris. Le nouveau-n\u00e9, alors seulement \u00e2g\u00e9 de 17 jours, exigeait des soins constants en couveuse, \u00e9tant n\u00e9 avec huit semaines d&rsquo;avance.<\/p>\n","protected":false},"excerpt":{"rendered":"<p>Les parents de Santiago, b\u00e9b\u00e9 n\u00e9 grand pr\u00e9matur\u00e9 \u00e0 Paris et retrouv\u00e9 dans un h\u00f4tel d&rsquo;Amsterdam vendredi dernier, sont maintenus en d\u00e9tention provisoire \u00e0 Amsterdam en vue d&rsquo;une extradition, a d\u00e9cid\u00e9 lundi un juge n\u00e9erlandais. \u00abL&rsquo;homme et la femme arr\u00eat\u00e9s dans un h\u00f4tel du centre d&rsquo;Amsterdam dans la nuit du vendredi au samedi 25 octobre [&hellip;]<\/p>\n","protected":false},"author":2,"featured_media":30726,"comment_status":"open","ping_status":"open","sticky":false,"template":"","format":"standard","meta":{"_jetpack_memberships_contains_paid_content":false,"footnotes":"","jetpack_publicize_message":"","jetpack_publicize_feature_enabled":true,"jetpack_social_post_already_shared":true,"jetpack_social_options":{"image_generator_settings":{"template":"highway","enabled":true,"token":"eyJpbWciOiJodHRwczpcL1wvd3d3LmljZWFnZXR2LmNvbVwvcmFkaW9zaXRlXC93cC1jb250ZW50XC91cGxvYWRzXC8yMDI0XC8xMFwvU2FudGlhZ28tZXQtc2VzLXBhcmVudHMtb250LWV0ZS1yZXRyb3V2ZXMtdmVycy0xOWgzMC5qcGciLCJ0eHQiOiJFbmxcdTAwZTh2ZW1lbnQgZGUgU2FudGlhZ286IExlcyBwYXJlbnRzIGR1IG5vdXJyaXNzb24sIHF1aSBhdmFpZW50IFx1MDBlOXRcdTAwZTkgaW50ZXJwZWxsXHUwMGU5cyB2ZW5kcmVkaSwgc29udCBtYWludGVudXMgZW4gZFx1MDBlOXRlbnRpb24gXHUwMGUwIEFtc3RlcmRhbSBlbiB2dWUgZCYjODIxNzt1bmUgZXh0cmFkaXRpb24sIGFubm9uY2UgbGUganVnZSBkJiM4MjE3O2luc3RydWN0aW9uIiwidGVtcGxhdGUiOiJoaWdod2F5IiwiYmxvZ19pZCI6MTExMDE2NDYxfQ.Bqc0_nIA5VH1X5LoRQwVG_7xWlomqM_fLpVh0qO881EMQ"},"version":2},"_wpas_customize_per_network":false},"categories":[405],"tags":[],"class_list":["post-30774","post","type-post","status-publish","format-standard","has-post-thumbnail","hentry","category-actu-france-monde"],"jetpack_publicize_connections":[],"jetpack_featured_media_url":"https:\/\/i0.wp.com\/www.iceagetv.com\/radiosite\/wp-content\/uploads\/2024\/10\/Santiago-et-ses-parents-ont-ete-retrouves-vers-19h30.jpg?fit=858%2C369&ssl=1","jetpack_sharing_enabled":true,"_links":{"self":[{"href":"https:\/\/www.iceagetv.com\/radiosite\/wp-json\/wp\/v2\/posts\/30774","targetHints":{"allow":["GET"]}}],"collection":[{"href":"https:\/\/www.iceagetv.com\/radiosite\/wp-json\/wp\/v2\/posts"}],"about":[{"href":"https:\/\/www.iceagetv.com\/radiosite\/wp-json\/wp\/v2\/types\/post"}],"author":[{"embeddable":true,"href":"https:\/\/www.iceagetv.com\/radiosite\/wp-json\/wp\/v2\/users\/2"}],"replies":[{"embeddable":true,"href":"https:\/\/www.iceagetv.com\/radiosite\/wp-json\/wp\/v2\/comments?post=30774"}],"version-history":[{"count":1,"href":"https:\/\/www.iceagetv.com\/radiosite\/wp-json\/wp\/v2\/posts\/30774\/revisions"}],"predecessor-version":[{"id":30776,"href":"https:\/\/www.iceagetv.com\/radiosite\/wp-json\/wp\/v2\/posts\/30774\/revisions\/30776"}],"wp:featuredmedia":[{"embeddable":true,"href":"https:\/\/www.iceagetv.com\/radiosite\/wp-json\/wp\/v2\/media\/30726"}],"wp:attachment":[{"href":"https:\/\/www.iceagetv.com\/radiosite\/wp-json\/wp\/v2\/media?parent=30774"}],"wp:term":[{"taxonomy":"category","embeddable":true,"href":"https:\/\/www.iceagetv.com\/radiosite\/wp-json\/wp\/v2\/categories?post=30774"},{"taxonomy":"post_tag","embeddable":true,"href":"https:\/\/www.iceagetv.com\/radiosite\/wp-json\/wp\/v2\/tags?post=30774"}],"curies":[{"name":"wp","href":"https:\/\/api.w.org\/{rel}","templated":true}]}}