{"id":30782,"date":"2024-10-29T17:38:11","date_gmt":"2024-10-29T16:38:11","guid":{"rendered":"https:\/\/www.iceagetv.com\/radiosite\/?p=30782"},"modified":"2024-10-29T17:38:15","modified_gmt":"2024-10-29T16:38:15","slug":"les-hoteliers-saluent-le-texte-adopte-en-commission-mixte-paritaire-visant-a-mieux-reguler-le-marche-des-meubles-touristiques-de-type-airbnb-le-groupe-americain-regrette-de-nouvelles-restriction","status":"publish","type":"post","link":"https:\/\/www.iceagetv.com\/radiosite\/les-hoteliers-saluent-le-texte-adopte-en-commission-mixte-paritaire-visant-a-mieux-reguler-le-marche-des-meubles-touristiques-de-type-airbnb-le-groupe-americain-regrette-de-nouvelles-restriction\/","title":{"rendered":"Les h\u00f4teliers saluent le texte adopt\u00e9 en commission mixte paritaire visant \u00e0 mieux r\u00e9guler le march\u00e9 des meubl\u00e9s touristiques de type Airbnb &#8211; Le groupe am\u00e9ricain \u00ab\u00a0regrette\u00a0\u00bb de nouvelles restrictions"},"content":{"rendered":"\n<p class=\"\">Les h\u00f4teliers ont salu\u00e9 mardi le texte adopt\u00e9 en commission mixte paritaire la veille, visant \u00e0 mieux r\u00e9guler le march\u00e9 des meubl\u00e9s touristiques de type Airbnb, le groupe am\u00e9ricain \u00ab\u00a0regrettant\u00a0\u00bb pour sa part de nouvelles restrictions. C&rsquo;\u00e9tait la derni\u00e8re \u00e9tape avant adoption d\u00e9finitive pour cette proposition de loi transpartisane, apr\u00e8s plusieurs mois de d\u00e9bats.<\/p>\n\n\n\n<p class=\"\">Le S\u00e9nat devrait adopter le texte le 5 novembre et l&rsquo;Assembl\u00e9e le 7. \u00ab\u00a0Les parlementaires et le gouvernement ont saisi l&rsquo;urgence de la situation en r\u00e9unissant la commission mixte paritaire rapidement. Ce texte constitue une r\u00e9ponse \u00e9quilibr\u00e9e aux besoins de nos concitoyens et aux imp\u00e9ratifs \u00e9conomiques du secteur de l&rsquo;h\u00f4tellerie\u00a0\u00bb, a salu\u00e9 dans un communiqu\u00e9 V\u00e9ronique Siegel, pr\u00e9sidente de la branche h\u00f4tellerie de l&rsquo;Umih, premi\u00e8re organisation patronale du secteur.<\/p>\n\n\n\n<p class=\"\">Le texte pr\u00e9voit notamment de g\u00e9n\u00e9raliser le num\u00e9ro d&rsquo;enregistrement pour tous les meubl\u00e9s (r\u00e9sidence principale et secondaire), d&rsquo;obliger le loueur \u00e0 fournir des justificatifs de propri\u00e9t\u00e9 ou encore de donner la possibilit\u00e9 aux maires d&rsquo;abaisser le seuil de location de 120 \u00e0 90 jours par an pour les r\u00e9sidences principales.<\/p>\n\n\n\n<p class=\"\">\u00ab\u00a0C&rsquo;est le sentiment d&rsquo;avoir enfin \u00e9t\u00e9 entendus qui pr\u00e9domine. Ce texte repr\u00e9sente une avanc\u00e9e majeure pour un meilleur encadrement et a une port\u00e9e non seulement sur l&rsquo;\u00e9cosyst\u00e8me touristique, mais sur la vie de la cit\u00e9\u00a0\u00bb, s&rsquo;est r\u00e9joui Patrick Hayat, pr\u00e9sident de l&rsquo;Association pour un tourisme professionnel (Atop), think tank de professionnels du tourisme.<\/p>\n\n\n\n<p class=\"\">Aibnb, dont la France est le deuxi\u00e8me march\u00e9, est pr\u00e9sent dans plus de 29.000 communes du pays. Le groupe a d\u00e9plor\u00e9 cette proposition de loi, dans une d\u00e9claration transmise \u00e0 l&rsquo;AFP: \u00ab\u00a0Nous regrettons l&rsquo;addition de mesures ciblant la location occasionnelle qui n&rsquo;auront aucun effet sur les d\u00e9s\u00e9quilibres du march\u00e9 locatif. Bien que nous n&rsquo;anticipions pas un impact notable sur notre activit\u00e9, la baisse de la fr\u00e9quence \u00e0 laquelle les Fran\u00e7ais peuvent louer en courte dur\u00e9e leur logement risque de nuire \u00e0 de nombreuses familles.\u00a0\u00bb<\/p>\n","protected":false},"excerpt":{"rendered":"<p>Les h\u00f4teliers ont salu\u00e9 mardi le texte adopt\u00e9 en commission mixte paritaire la veille, visant \u00e0 mieux r\u00e9guler le march\u00e9 des meubl\u00e9s touristiques de type Airbnb, le groupe am\u00e9ricain \u00ab\u00a0regrettant\u00a0\u00bb pour sa part de nouvelles restrictions. C&rsquo;\u00e9tait la derni\u00e8re \u00e9tape avant adoption d\u00e9finitive pour cette proposition de loi transpartisane, apr\u00e8s plusieurs mois de d\u00e9bats. Le [&hellip;]<\/p>\n","protected":false},"author":2,"featured_media":30783,"comment_status":"open","ping_status":"open","sticky":false,"template":"","format":"standard","meta":{"_jetpack_memberships_contains_paid_content":false,"footnotes":"","jetpack_publicize_message":"","jetpack_publicize_feature_enabled":true,"jetpack_social_post_already_shared":true,"jetpack_social_options":{"image_generator_settings":{"template":"highway","enabled":true,"token":"eyJpbWciOiJodHRwczpcL1wvd3d3LmljZWFnZXR2LmNvbVwvcmFkaW9zaXRlXC93cC1jb250ZW50XC91cGxvYWRzXC8yMDI0XC8xMFwvOG9TS2pKWW4uanBnIiwidHh0IjoiTGVzIGhcdTAwZjR0ZWxpZXJzIHNhbHVlbnQgbGUgdGV4dGUgYWRvcHRcdTAwZTkgZW4gY29tbWlzc2lvbiBtaXh0ZSBwYXJpdGFpcmUgdmlzYW50IFx1MDBlMCBtaWV1eCByXHUwMGU5Z3VsZXIgbGUgbWFyY2hcdTAwZTkgZGVzIG1ldWJsXHUwMGU5cyB0b3VyaXN0aXF1ZXMgZGUgdHlwZSBBaXJibmIgJiM4MjExOyBMZSBncm91cGUgYW1cdTAwZTlyaWNhaW4gJiM4MjIwO3JlZ3JldHRlJiM4MjIxOyBkZSBub3V2ZWxsZXMgcmVzdHJpY3Rpb25zIiwidGVtcGxhdGUiOiJoaWdod2F5IiwiYmxvZ19pZCI6MTExMDE2NDYxfQ.Vc_cNL4dW4i1_GBbkHOgYMkGSzkhrgA_d2iUef7wpMsMQ"},"version":2},"_wpas_customize_per_network":false},"categories":[405],"tags":[],"class_list":["post-30782","post","type-post","status-publish","format-standard","has-post-thumbnail","hentry","category-actu-france-monde"],"jetpack_publicize_connections":[],"jetpack_featured_media_url":"https:\/\/i0.wp.com\/www.iceagetv.com\/radiosite\/wp-content\/uploads\/2024\/10\/8oSKjJYn.jpg?fit=679%2C293&ssl=1","jetpack_sharing_enabled":true,"_links":{"self":[{"href":"https:\/\/www.iceagetv.com\/radiosite\/wp-json\/wp\/v2\/posts\/30782","targetHints":{"allow":["GET"]}}],"collection":[{"href":"https:\/\/www.iceagetv.com\/radiosite\/wp-json\/wp\/v2\/posts"}],"about":[{"href":"https:\/\/www.iceagetv.com\/radiosite\/wp-json\/wp\/v2\/types\/post"}],"author":[{"embeddable":true,"href":"https:\/\/www.iceagetv.com\/radiosite\/wp-json\/wp\/v2\/users\/2"}],"replies":[{"embeddable":true,"href":"https:\/\/www.iceagetv.com\/radiosite\/wp-json\/wp\/v2\/comments?post=30782"}],"version-history":[{"count":1,"href":"https:\/\/www.iceagetv.com\/radiosite\/wp-json\/wp\/v2\/posts\/30782\/revisions"}],"predecessor-version":[{"id":30784,"href":"https:\/\/www.iceagetv.com\/radiosite\/wp-json\/wp\/v2\/posts\/30782\/revisions\/30784"}],"wp:featuredmedia":[{"embeddable":true,"href":"https:\/\/www.iceagetv.com\/radiosite\/wp-json\/wp\/v2\/media\/30783"}],"wp:attachment":[{"href":"https:\/\/www.iceagetv.com\/radiosite\/wp-json\/wp\/v2\/media?parent=30782"}],"wp:term":[{"taxonomy":"category","embeddable":true,"href":"https:\/\/www.iceagetv.com\/radiosite\/wp-json\/wp\/v2\/categories?post=30782"},{"taxonomy":"post_tag","embeddable":true,"href":"https:\/\/www.iceagetv.com\/radiosite\/wp-json\/wp\/v2\/tags?post=30782"}],"curies":[{"name":"wp","href":"https:\/\/api.w.org\/{rel}","templated":true}]}}