{"id":30785,"date":"2024-10-29T20:22:25","date_gmt":"2024-10-29T19:22:25","guid":{"rendered":"https:\/\/www.iceagetv.com\/radiosite\/?p=30785"},"modified":"2024-10-29T20:22:30","modified_gmt":"2024-10-29T19:22:30","slug":"meurtre-de-philippine-le-principal-suspect-accepte-finalement-detre-extrade-de-la-suisse-vers-la-france-annonce-son-avocate","status":"publish","type":"post","link":"https:\/\/www.iceagetv.com\/radiosite\/meurtre-de-philippine-le-principal-suspect-accepte-finalement-detre-extrade-de-la-suisse-vers-la-france-annonce-son-avocate\/","title":{"rendered":"Meurtre de Philippine : le principal suspect accepte finalement d&rsquo;\u00eatre extrad\u00e9 de la Suisse vers la France, annonce son avocate"},"content":{"rendered":"\n<p class=\"\">Le corps de cette \u00e9tudiante de 19 ans a \u00e9t\u00e9 retrouv\u00e9 dans le bois de Boulogne, dans l&rsquo;ouest parisien, le 21 septembre. Quatre jours apr\u00e8s, Taha O. a \u00e9t\u00e9 arr\u00eat\u00e9 \u00e0 la gare principale de Gen\u00e8ve.<\/p>\n\n\n\n<p class=\"\"><em>Ce n&rsquo;est pas un aveu de reconnaissance de culpabilit\u00e9 mais une prise de d\u00e9cision \u00e9clair\u00e9e.\u00a0\u00bb&nbsp;<\/em>Taha O.,&nbsp;<a href=\"https:\/\/www.francetvinfo.fr\/faits-divers\/etudiante-retrouvee-morte-a-paris-ce-que-l-on-sait-du-suspect-interpelle-mardi-en-suisse_6800734.html\">principal suspect du meurtre de Philippine<\/a>&nbsp;commis en septembre \u00e0 Paris, qui a \u00e9t\u00e9 arr\u00eat\u00e9 en Suisse, a accept\u00e9 d&rsquo;\u00eatre extrad\u00e9 vers la France, a annonc\u00e9 \u00e0 franceinfo, mardi 29 octobre, Florence Yersin, son avocate en Suisse, confirmant une information de BFMTV. Ce Marocain, \u00e2g\u00e9 de 22 ans, a \u00e9t\u00e9 interpell\u00e9 \u00e0 la gare principale de Gen\u00e8ve le 24 septembre. La France a d\u00e9pos\u00e9 une demande d&rsquo;extradition le 9 octobre&nbsp;<a href=\"https:\/\/www.francetvinfo.fr\/faits-divers\/meurtre-de-philippine-le-suspect-refuse-d-etre-extrade-vers-la-france-annonce-le-ministere-la-justice-suisse_6841925.html\">mais le suspect avait refus\u00e9<\/a>, \u00e0 ce moment-l\u00e0, d&rsquo;\u00eatre extrad\u00e9.<\/p>\n\n\n\n<p class=\"\">Taha O. a chang\u00e9 d&rsquo;avis \u00e0 la suite d&rsquo;un<em>&nbsp;\u00ab\u00a0entretien\u00a0\u00bb<\/em>&nbsp;avec son avocate, a-t-elle elle m\u00eame assur\u00e9 \u00e0 franceinfo.<em>&nbsp;\u00ab\u00a0Cela aurait pu durer encore un moment, plusieurs mois, avec les recours. Accepter l&rsquo;extradition \u00e0 ce stade, c&rsquo;est accepter d&rsquo;avancer dans la proc\u00e9dure qui va \u00eatre diligent\u00e9e en France\u00a0\u00bb,&nbsp;<\/em>a soulign\u00e9 Florence Yersin.&nbsp;<em>\u00ab\u00a0L&rsquo;Office f\u00e9d\u00e9ral de la justice ne peut pas confirmer cette information\u00a0\u00bb<\/em>, a d\u00e9clar\u00e9 une porte-parole de l&rsquo;Office dans un bref courriel adress\u00e9 \u00e0 l&rsquo;AFP mardi soir.<\/p>\n\n\n\n<p class=\"\">Philippine, \u00e9tudiante de 19 ans \u00e0 l&rsquo;universit\u00e9 Paris-Dauphine avait \u00e9t\u00e9 retrouv\u00e9e enterr\u00e9e dans le bois de Boulogne, dans l&rsquo;ouest parisien, le 21 septembre. Une information judiciaire est ouverte en France pour viol et homicide. Incarc\u00e9r\u00e9 en Suisse, Taha O. n&rsquo;a pas encore \u00e9t\u00e9 interrog\u00e9 sur le meurtre de Philippine, a pr\u00e9cis\u00e9&nbsp;<a href=\"https:\/\/www.bfmtv.com\/paris\/info-bfmtv-meurtre-de-philippine-le-suspect-accepte-finalement-son-extradition-vers-la-france_AN-202410290734.html\" target=\"_blank\" rel=\"noreferrer noopener\">sur BFMTV(Nouvelle fen\u00eatre)<\/a>&nbsp;l&rsquo;avocate Florence Yersin.<\/p>\n\n\n\n<h2 class=\"wp-block-heading\">Un d\u00e9lai de \u00ab\u00a0quelques jours\u00a0\u00bb pour l&rsquo;extradition<\/h2>\n\n\n\n<p class=\"\"><em>\u00ab\u00a0Les autorit\u00e9s suisses vont organiser avec leurs homologues fran\u00e7ais le transfert du d\u00e9tenu de la Suisse vers la France pour que l&rsquo;instruction p\u00e9nale fran\u00e7aise puisse d\u00e9buter\u00a0\u00bb<\/em>, a d\u00e9clar\u00e9 Florence Yersin sur BFMTV. L&rsquo;avocate a estim\u00e9 que le d\u00e9lai serait de\u00a0<em>\u00ab\u00a0quelques jours pour que la personne soit remise aux autorit\u00e9s fran\u00e7aises\u00a0\u00bb.<\/em>\u00a0Ensuite, le suspect sera pr\u00e9sent\u00e9 \u00e0 un magistrat \u00e0 son arriv\u00e9e en France et repr\u00e9sent\u00e9 par un autre avocat, a affirm\u00e9 Florence Yersin \u00e0 franceinfo.<\/p>\n\n\n\n<p class=\"\">Le suspect a d\u00e9j\u00e0 \u00e9t\u00e9 condamn\u00e9 en 2021 pour viol, puis lib\u00e9r\u00e9 en juin 2024,&nbsp;<em>\u00ab\u00a0en fin de peine\u00a0\u00bb<\/em>, selon le parquet de Paris. Il avait ensuite \u00e9t\u00e9 plac\u00e9 en centre de r\u00e9tention administrative \u00e0 Metz.&nbsp;A sa sortie, il a \u00e9t\u00e9 assign\u00e9 \u00e0 r\u00e9sidence dans un h\u00f4tel de l&rsquo;Yonne o\u00f9 il ne s&rsquo;est jamais rendu.&nbsp;Il \u00e9tait sous le coup d&rsquo;une obligation de quitter le territoire et inscrit au fichier des personnes recherch\u00e9es la veille du meurtre, le 19 septembre, ce qui a suscit\u00e9 de vives r\u00e9actions, en particulier \u00e0 l&rsquo;extr\u00eame droite.&nbsp;<a href=\"https:\/\/www.francetvinfo.fr\/faits-divers\/meurtres\/meurtre-de-philippine-le-principal-suspect-accepte-finalement-d-etre-extrade-de-la-suisse-vers-la-france-annonce-son-avocate_6867035.html#comments\">Voir les 9 commentaires<\/a><\/p>\n\n\n\n<p class=\"\">Partager&nbsp;:l\u2019article sur les r\u00e9seaux sociaux<\/p>\n\n\n\n<ul class=\"wp-block-list\">\n<li class=\"\"><\/li>\n\n\n\n<li class=\"\"><\/li>\n\n\n\n<li class=\"\"><\/li>\n\n\n\n<li class=\"\"><\/li>\n<\/ul>\n","protected":false},"excerpt":{"rendered":"<p>Le corps de cette \u00e9tudiante de 19 ans a \u00e9t\u00e9 retrouv\u00e9 dans le bois de Boulogne, dans l&rsquo;ouest parisien, le 21 septembre. Quatre jours apr\u00e8s, Taha O. a \u00e9t\u00e9 arr\u00eat\u00e9 \u00e0 la gare principale de Gen\u00e8ve. Ce n&rsquo;est pas un aveu de reconnaissance de culpabilit\u00e9 mais une prise de d\u00e9cision \u00e9clair\u00e9e.\u00a0\u00bb&nbsp;Taha O.,&nbsp;principal suspect du meurtre [&hellip;]<\/p>\n","protected":false},"author":2,"featured_media":30786,"comment_status":"open","ping_status":"open","sticky":false,"template":"","format":"standard","meta":{"_jetpack_memberships_contains_paid_content":false,"footnotes":"","jetpack_publicize_message":"","jetpack_publicize_feature_enabled":true,"jetpack_social_post_already_shared":true,"jetpack_social_options":{"image_generator_settings":{"template":"highway","enabled":true,"token":"eyJpbWciOiJodHRwczpcL1wvd3d3LmljZWFnZXR2LmNvbVwvcmFkaW9zaXRlXC93cC1jb250ZW50XC91cGxvYWRzXC8yMDI0XC8xMFwvTWV1cnRyZS1kZS1QaGlsaXBwaW5lLmpwZyIsInR4dCI6Ik1ldXJ0cmUgZGUgUGhpbGlwcGluZSA6IGxlIHByaW5jaXBhbCBzdXNwZWN0IGFjY2VwdGUgZmluYWxlbWVudCBkJiM4MjE3O1x1MDBlYXRyZSBleHRyYWRcdTAwZTkgZGUgbGEgU3Vpc3NlIHZlcnMgbGEgRnJhbmNlLCBhbm5vbmNlIHNvbiBhdm9jYXRlIiwidGVtcGxhdGUiOiJoaWdod2F5IiwiYmxvZ19pZCI6MTExMDE2NDYxfQ.-uIFja8-ihq9tZ7ddt6vW06ojVp0YnX86Q3HEVEacrQMQ"},"version":2},"_wpas_customize_per_network":false},"categories":[405],"tags":[],"class_list":["post-30785","post","type-post","status-publish","format-standard","has-post-thumbnail","hentry","category-actu-france-monde"],"jetpack_publicize_connections":[],"jetpack_featured_media_url":"https:\/\/i0.wp.com\/www.iceagetv.com\/radiosite\/wp-content\/uploads\/2024\/10\/Meurtre-de-Philippine.jpg?fit=758%2C512&ssl=1","jetpack_sharing_enabled":true,"_links":{"self":[{"href":"https:\/\/www.iceagetv.com\/radiosite\/wp-json\/wp\/v2\/posts\/30785","targetHints":{"allow":["GET"]}}],"collection":[{"href":"https:\/\/www.iceagetv.com\/radiosite\/wp-json\/wp\/v2\/posts"}],"about":[{"href":"https:\/\/www.iceagetv.com\/radiosite\/wp-json\/wp\/v2\/types\/post"}],"author":[{"embeddable":true,"href":"https:\/\/www.iceagetv.com\/radiosite\/wp-json\/wp\/v2\/users\/2"}],"replies":[{"embeddable":true,"href":"https:\/\/www.iceagetv.com\/radiosite\/wp-json\/wp\/v2\/comments?post=30785"}],"version-history":[{"count":1,"href":"https:\/\/www.iceagetv.com\/radiosite\/wp-json\/wp\/v2\/posts\/30785\/revisions"}],"predecessor-version":[{"id":30787,"href":"https:\/\/www.iceagetv.com\/radiosite\/wp-json\/wp\/v2\/posts\/30785\/revisions\/30787"}],"wp:featuredmedia":[{"embeddable":true,"href":"https:\/\/www.iceagetv.com\/radiosite\/wp-json\/wp\/v2\/media\/30786"}],"wp:attachment":[{"href":"https:\/\/www.iceagetv.com\/radiosite\/wp-json\/wp\/v2\/media?parent=30785"}],"wp:term":[{"taxonomy":"category","embeddable":true,"href":"https:\/\/www.iceagetv.com\/radiosite\/wp-json\/wp\/v2\/categories?post=30785"},{"taxonomy":"post_tag","embeddable":true,"href":"https:\/\/www.iceagetv.com\/radiosite\/wp-json\/wp\/v2\/tags?post=30785"}],"curies":[{"name":"wp","href":"https:\/\/api.w.org\/{rel}","templated":true}]}}