{"id":30793,"date":"2024-10-30T10:31:13","date_gmt":"2024-10-30T09:31:13","guid":{"rendered":"https:\/\/www.iceagetv.com\/radiosite\/?p=30793"},"modified":"2024-10-30T13:16:10","modified_gmt":"2024-10-30T12:16:10","slug":"espagne-le-bilan-des-inondations-salourdit-dans-le-sud-est-du-pays-au-moins-51-morts-ont-ete-recenses-selon-un-bilan-provisoire-des-services-de-secours","status":"publish","type":"post","link":"https:\/\/www.iceagetv.com\/radiosite\/espagne-le-bilan-des-inondations-salourdit-dans-le-sud-est-du-pays-au-moins-51-morts-ont-ete-recenses-selon-un-bilan-provisoire-des-services-de-secours\/","title":{"rendered":"Espagne: Le bilan provisoire des inondations dans le sud-est du pays monte \u00e0 au moins 62 morts, selon les services de secours"},"content":{"rendered":"\n<p class=\"\">Le Premier ministre espagnol Pedro S\u00e1nchez a assur\u00e9 ses compatriotes frapp\u00e9s par des inondations meurtri\u00e8res qui ont d\u00e9vast\u00e9 le sud-est du pays du soutien total de l\u2019Etat, mais a averti que cet \u00e9pisode \u00ab d\u00e9vastateur \u00bb n\u2019\u00e9tait peut-\u00eatre pas termin\u00e9.<\/p>\n\n\n\n<p class=\"\">\u00ab Nous ne vous laisserons pas seuls \u00bb, a d\u00e9clar\u00e9 M. S\u00e1nchez dans une br\u00e8ve allocution t\u00e9l\u00e9vis\u00e9e depuis le palais de la Moncloa, demandant aux habitants de la r\u00e9gion de rester vigilants, car \u00ab nous ne pouvons pas consid\u00e9rer que cet \u00e9pisode d\u00e9vastateur est termin\u00e9 \u00bb.<\/p>\n\n\n\n<p class=\"\"><strong>Le bilan provisoire des inondations dans le sud-est du pays monte \u00e0 62 morts, selon les\u00a0services de secours<\/strong><\/p>\n\n\n\n<p class=\"\"><strong>Au moins 51 personnes ont p\u00e9ri dans les inondations dramatiques qui ont d\u00e9vast\u00e9 dans la soir\u00e9e de mardi la r\u00e9gion de Valence (sud-est de l\u2019Espagne), selon un bilan provisoire des services de secours.<\/strong>\u00a0\u00ab Le chiffre provisoire de personnes d\u00e9c\u00e9d\u00e9es (est) de 51 \u00bb, ont annonc\u00e9 les services d\u2019urgence dans un message sur le r\u00e9seau social X.Les eaux en furie ont envahi la ville de Letur, dans la province orientale d\u2019Albacete, poussant les voitures dans les rues, comme l\u2019ont montr\u00e9 des images diffus\u00e9es par la t\u00e9l\u00e9vision espagnole.\u00a0\u00bbLa priorit\u00e9 est de retrouver les personnes disparues\u00a0\u00bb, avait indiqu\u00e9\u00a0a d\u00e9clar\u00e9 la repr\u00e9sentante du gouvernement central dans la r\u00e9gion de Castille-La Manche \u00e0 la t\u00e9l\u00e9vision publique espagnole TVE.<\/p>\n\n\n\n<p class=\"\">Les services d\u2019urgence ont retrouv\u00e9 plusieurs corps dans la r\u00e9gion de Valence, dans l\u2019est de l\u2019Espagne, touch\u00e9e par des inondations, a d\u00e9clar\u00e9 ce mercredi 30&nbsp;octobre le chef du gouvernement r\u00e9gional.<\/p>\n\n\n\n<p class=\"\">\u00ab\u00a0Nous pouvons confirmer que certains corps ont d\u00e9j\u00e0 \u00e9t\u00e9 retrouv\u00e9s\u00a0\u00bb, a d\u00e9clar\u00e9 Carlos Mazon aux m\u00e9dias, ajoutant que les autorit\u00e9s ne pouvaient pas donner plus de d\u00e9tails tant que les familles n\u2019avaient pas \u00e9t\u00e9 inform\u00e9es.<\/p>\n","protected":false},"excerpt":{"rendered":"<p>Le Premier ministre espagnol Pedro S\u00e1nchez a assur\u00e9 ses compatriotes frapp\u00e9s par des inondations meurtri\u00e8res qui ont d\u00e9vast\u00e9 le sud-est du pays du soutien total de l\u2019Etat, mais a averti que cet \u00e9pisode \u00ab d\u00e9vastateur \u00bb n\u2019\u00e9tait peut-\u00eatre pas termin\u00e9. \u00ab Nous ne vous laisserons pas seuls \u00bb, a d\u00e9clar\u00e9 M. S\u00e1nchez dans une br\u00e8ve [&hellip;]<\/p>\n","protected":false},"author":2,"featured_media":30794,"comment_status":"open","ping_status":"open","sticky":false,"template":"","format":"standard","meta":{"_jetpack_memberships_contains_paid_content":false,"footnotes":"","jetpack_publicize_message":"","jetpack_publicize_feature_enabled":true,"jetpack_social_post_already_shared":true,"jetpack_social_options":{"image_generator_settings":{"template":"highway","enabled":true,"token":"eyJpbWciOiJodHRwczpcL1wvd3d3LmljZWFnZXR2LmNvbVwvcmFkaW9zaXRlXC93cC1jb250ZW50XC91cGxvYWRzXC8yMDI0XC8xMFwvZnFyR190akIuanBnIiwidHh0IjoiRXNwYWduZTogTGUgYmlsYW4gcHJvdmlzb2lyZSBkZXMgaW5vbmRhdGlvbnMgZGFucyBsZSBzdWQtZXN0IGR1IHBheXMgbW9udGUgXHUwMGUwIGF1IG1vaW5zIDYyIG1vcnRzLCBzZWxvbiBsZXMgc2VydmljZXMgZGUgc2Vjb3VycyIsInRlbXBsYXRlIjoiaGlnaHdheSIsImJsb2dfaWQiOjExMTAxNjQ2MX0.TxHwt1ucsuq59Iclv_H85bohg11ffyarSxOafdp-sV0MQ"},"version":2},"_wpas_customize_per_network":false},"categories":[14],"tags":[],"class_list":["post-30793","post","type-post","status-publish","format-standard","has-post-thumbnail","hentry","category-actu-meteo"],"jetpack_publicize_connections":[],"jetpack_featured_media_url":"https:\/\/i0.wp.com\/www.iceagetv.com\/radiosite\/wp-content\/uploads\/2024\/10\/fqrG_tjB.jpg?fit=679%2C293&ssl=1","jetpack_sharing_enabled":true,"_links":{"self":[{"href":"https:\/\/www.iceagetv.com\/radiosite\/wp-json\/wp\/v2\/posts\/30793","targetHints":{"allow":["GET"]}}],"collection":[{"href":"https:\/\/www.iceagetv.com\/radiosite\/wp-json\/wp\/v2\/posts"}],"about":[{"href":"https:\/\/www.iceagetv.com\/radiosite\/wp-json\/wp\/v2\/types\/post"}],"author":[{"embeddable":true,"href":"https:\/\/www.iceagetv.com\/radiosite\/wp-json\/wp\/v2\/users\/2"}],"replies":[{"embeddable":true,"href":"https:\/\/www.iceagetv.com\/radiosite\/wp-json\/wp\/v2\/comments?post=30793"}],"version-history":[{"count":2,"href":"https:\/\/www.iceagetv.com\/radiosite\/wp-json\/wp\/v2\/posts\/30793\/revisions"}],"predecessor-version":[{"id":30799,"href":"https:\/\/www.iceagetv.com\/radiosite\/wp-json\/wp\/v2\/posts\/30793\/revisions\/30799"}],"wp:featuredmedia":[{"embeddable":true,"href":"https:\/\/www.iceagetv.com\/radiosite\/wp-json\/wp\/v2\/media\/30794"}],"wp:attachment":[{"href":"https:\/\/www.iceagetv.com\/radiosite\/wp-json\/wp\/v2\/media?parent=30793"}],"wp:term":[{"taxonomy":"category","embeddable":true,"href":"https:\/\/www.iceagetv.com\/radiosite\/wp-json\/wp\/v2\/categories?post=30793"},{"taxonomy":"post_tag","embeddable":true,"href":"https:\/\/www.iceagetv.com\/radiosite\/wp-json\/wp\/v2\/tags?post=30793"}],"curies":[{"name":"wp","href":"https:\/\/api.w.org\/{rel}","templated":true}]}}