{"id":30800,"date":"2024-10-30T15:39:30","date_gmt":"2024-10-30T14:39:30","guid":{"rendered":"https:\/\/www.iceagetv.com\/radiosite\/?p=30800"},"modified":"2024-10-30T15:39:34","modified_gmt":"2024-10-30T14:39:34","slug":"france-3-en-greve-lundi-pour-protester-contre-le-deploiement-a-lantenne-du-logo-ici-marque-unique-destinee-a-rassembler-la-chaine-et-les-radios-france-bleu","status":"publish","type":"post","link":"https:\/\/www.iceagetv.com\/radiosite\/france-3-en-greve-lundi-pour-protester-contre-le-deploiement-a-lantenne-du-logo-ici-marque-unique-destinee-a-rassembler-la-chaine-et-les-radios-france-bleu\/","title":{"rendered":"France 3 en gr\u00e8ve lundi pour protester contre le d\u00e9ploiement \u00e0 l&rsquo;antenne du logo \u00ab\u00a0ici\u00a0\u00bb, marque unique destin\u00e9e \u00e0 rassembler la cha\u00eene et les radios France Bleu"},"content":{"rendered":"\n<p class=\"\">Les salari\u00e9s de France 3 sont appel\u00e9s par l&rsquo;intersyndicale CFDT-CGT-FO-SNJ-SUD \u00e0 une gr\u00e8ve de 24 heures \u00e0 partir de lundi minuit pour contester le d\u00e9ploiement \u00e0 l&rsquo;antenne du logo \u00ab\u00a0ici\u00a0\u00bb, marque unique destin\u00e9e \u00e0 rassembler la cha\u00eene et les radios France Bleu, vu comme \u00ab\u00a0un premier pas vers une fusion\u00a0\u00bb.<\/p>\n\n\n\n<p class=\"\">La pr\u00e9sidente de France T\u00e9l\u00e9visions, Delphine Ernotte Cunci, et son homologue de Radio France, Sibyle Veil, avaient annonc\u00e9 en octobre 2023 l&rsquo;union \u00e0 terme de France 3 et France Bleu sous la marque \u00ab\u00a0ici\u00a0\u00bb, renfor\u00e7ant les coop\u00e9rations illustr\u00e9es notamment par les matinales communes lanc\u00e9es en 2019.<\/p>\n\n\n\n<p class=\"\">Dans ce contexte, \u00e0 partir du 5 novembre, la marque \u00ab\u00a0ici\u00a0\u00bb appara\u00eetra \u00e0 l&rsquo;\u00e9cran \u00e0 la place du logo de France 3 uniquement pendant les programmes r\u00e9gionaux, a annonc\u00e9 Philippe Martinetti, le directeur d\u00e9l\u00e9gu\u00e9 des antennes et des programmes charg\u00e9 de l&rsquo;offre de proximit\u00e9 de France T\u00e9l\u00e9visions, lors d&rsquo;un point de presse mercredi.<\/p>\n\n\n\n<p class=\"\">Ce changement sera ainsi visible de 6H30 \u00e0 14H15, lors des JT \u00ab\u00a0ici\u00a0\u00bb 19\/20 et pendant les \u00e9missions r\u00e9gionales du week-end et de deuxi\u00e8me partie de soir\u00e9e. Fin juillet, le num\u00e9ro 2 de France T\u00e9l\u00e9, St\u00e9phane Sitbon-Gomez, avait annonc\u00e9 \u00e0 l&rsquo;AFP le d\u00e9ploiement en novembre du nouveau logo, cens\u00e9 remplacer \u00ab\u00a0progressivement d&rsquo;ici \u00e0 janvier\u00a0\u00bb 2025 celui de France 3.<\/p>\n\n\n\n<p class=\"\">Mercredi, Philippe Martinetti a assur\u00e9 que ce dernier serait toujours pr\u00e9sent apr\u00e8s janvier sur les tranches nationales. \u00ab\u00a0France 3 existe toujours\u00a0\u00bb, a-t-il insist\u00e9. \u00ab\u00a0Mais nous poussons le curseur un peu plus loin\u00a0\u00bb sur la r\u00e9gionalisation de son offre avec le label \u00ab\u00a0ici\u00a0\u00bb.<\/p>\n\n\n\n<p class=\"\">Pas de quoi rassurer l&rsquo;intersyndicale CFDT-CGT-FO-SNJ-SUD, qui appelle \u00e0 une gr\u00e8ve de 24 heures \u00e0 partir de lundi minuit. \u00ab\u00a0Ce projet peut \u00eatre lu comme un premier pas vers une fusion des r\u00e9seaux de France 3 et France Bleu\u00a0\u00bb, \u00e9taye-t-elle dans son pr\u00e9avis, d\u00e9non\u00e7ant \u00ab\u00a0une perte d&rsquo;identit\u00e9\u00a0\u00bb et \u00ab\u00a0une grande ins\u00e9curit\u00e9 socio-\u00e9conomique\u00a0\u00bb dans \u00ab\u00a0un contexte de transformation lourde\u00a0\u00bb de l&rsquo;audiovisuel public et \u00ab\u00a0de flou\u00a0\u00bb sur son financement.<\/p>\n\n\n\n<p class=\"\">Outre \u00ab\u00a0l&rsquo;abandon du projet de l&rsquo;effacement de France 3\u00a0\u00bb, les syndicats r\u00e9clament \u00ab\u00a0l&rsquo;assurance du maintien de leur contrat de travail dans France T\u00e9l\u00e9visions\u00a0\u00bb ou encore \u00ab\u00a0l&rsquo;arr\u00eat de la publication sur le site francebleu.fr (rebaptis\u00e9 \u00ab\u00a0ici\u00a0\u00bb, NDLR) d&rsquo;articles r\u00e9dig\u00e9s par des journalistes de France 3&Prime;. Le comit\u00e9 social et \u00e9conomique (CSE) du r\u00e9seau r\u00e9gional a en outre adopt\u00e9 \u00ab\u00a0une r\u00e9solution pour contester en justice le d\u00e9veloppement\u00a0\u00bb de la marque \u00ab\u00a0ici\u00a0\u00bb, propri\u00e9t\u00e9, selon les syndicats, de Radio France.<\/p>\n\n\n\n<p class=\"\">Cette nouvelle gr\u00e8ve survient un an apr\u00e8s une s\u00e9rie de mobilisations contre la suppression, en 2023, des journaux nationaux de France 3 au profit d&rsquo;\u00e9ditions r\u00e9gionales rebaptis\u00e9es \u00ab\u00a0ici 12\/13\u00a0\u00bb et \u00ab\u00a0ici 19\/20\u00a0\u00bb.<\/p>\n","protected":false},"excerpt":{"rendered":"<p>Les salari\u00e9s de France 3 sont appel\u00e9s par l&rsquo;intersyndicale CFDT-CGT-FO-SNJ-SUD \u00e0 une gr\u00e8ve de 24 heures \u00e0 partir de lundi minuit pour contester le d\u00e9ploiement \u00e0 l&rsquo;antenne du logo \u00ab\u00a0ici\u00a0\u00bb, marque unique destin\u00e9e \u00e0 rassembler la cha\u00eene et les radios France Bleu, vu comme \u00ab\u00a0un premier pas vers une fusion\u00a0\u00bb. La pr\u00e9sidente de France T\u00e9l\u00e9visions, [&hellip;]<\/p>\n","protected":false},"author":2,"featured_media":30801,"comment_status":"open","ping_status":"open","sticky":false,"template":"","format":"standard","meta":{"_jetpack_memberships_contains_paid_content":false,"footnotes":"","jetpack_publicize_message":"","jetpack_publicize_feature_enabled":true,"jetpack_social_post_already_shared":true,"jetpack_social_options":{"image_generator_settings":{"template":"highway","enabled":true,"token":"eyJpbWciOiJodHRwczpcL1wvd3d3LmljZWFnZXR2LmNvbVwvcmFkaW9zaXRlXC93cC1jb250ZW50XC91cGxvYWRzXC8yMDI0XC8xMFwvRnJhbmNlLTMtZW4tZ3JldmUtbHVuZGkuanBnIiwidHh0IjoiRnJhbmNlIDMgZW4gZ3JcdTAwZTh2ZSBsdW5kaSBwb3VyIHByb3Rlc3RlciBjb250cmUgbGUgZFx1MDBlOXBsb2llbWVudCBcdTAwZTAgbCYjODIxNzthbnRlbm5lIGR1IGxvZ28gJiM4MjIwO2ljaSYjODIyMTssIG1hcnF1ZSB1bmlxdWUgZGVzdGluXHUwMGU5ZSBcdTAwZTAgcmFzc2VtYmxlciBsYSBjaGFcdTAwZWVuZSBldCBsZXMgcmFkaW9zIEZyYW5jZSBCbGV1IiwidGVtcGxhdGUiOiJoaWdod2F5IiwiYmxvZ19pZCI6MTExMDE2NDYxfQ.56FVnFCFz7fwbgd5-F1vDgKJh9rmIdd8FoqVITayqs4MQ"},"version":2},"_wpas_customize_per_network":false},"categories":[68],"tags":[],"class_list":["post-30800","post","type-post","status-publish","format-standard","has-post-thumbnail","hentry","category-actu-culturelle"],"jetpack_publicize_connections":[],"jetpack_featured_media_url":"https:\/\/i0.wp.com\/www.iceagetv.com\/radiosite\/wp-content\/uploads\/2024\/10\/France-3-en-greve-lundi.jpg?fit=679%2C293&ssl=1","jetpack_sharing_enabled":true,"_links":{"self":[{"href":"https:\/\/www.iceagetv.com\/radiosite\/wp-json\/wp\/v2\/posts\/30800","targetHints":{"allow":["GET"]}}],"collection":[{"href":"https:\/\/www.iceagetv.com\/radiosite\/wp-json\/wp\/v2\/posts"}],"about":[{"href":"https:\/\/www.iceagetv.com\/radiosite\/wp-json\/wp\/v2\/types\/post"}],"author":[{"embeddable":true,"href":"https:\/\/www.iceagetv.com\/radiosite\/wp-json\/wp\/v2\/users\/2"}],"replies":[{"embeddable":true,"href":"https:\/\/www.iceagetv.com\/radiosite\/wp-json\/wp\/v2\/comments?post=30800"}],"version-history":[{"count":1,"href":"https:\/\/www.iceagetv.com\/radiosite\/wp-json\/wp\/v2\/posts\/30800\/revisions"}],"predecessor-version":[{"id":30802,"href":"https:\/\/www.iceagetv.com\/radiosite\/wp-json\/wp\/v2\/posts\/30800\/revisions\/30802"}],"wp:featuredmedia":[{"embeddable":true,"href":"https:\/\/www.iceagetv.com\/radiosite\/wp-json\/wp\/v2\/media\/30801"}],"wp:attachment":[{"href":"https:\/\/www.iceagetv.com\/radiosite\/wp-json\/wp\/v2\/media?parent=30800"}],"wp:term":[{"taxonomy":"category","embeddable":true,"href":"https:\/\/www.iceagetv.com\/radiosite\/wp-json\/wp\/v2\/categories?post=30800"},{"taxonomy":"post_tag","embeddable":true,"href":"https:\/\/www.iceagetv.com\/radiosite\/wp-json\/wp\/v2\/tags?post=30800"}],"curies":[{"name":"wp","href":"https:\/\/api.w.org\/{rel}","templated":true}]}}