{"id":30803,"date":"2024-10-30T20:33:28","date_gmt":"2024-10-30T19:33:28","guid":{"rendered":"https:\/\/www.iceagetv.com\/radiosite\/?p=30803"},"modified":"2024-10-30T20:33:31","modified_gmt":"2024-10-30T19:33:31","slug":"inondations-en-espagne-le-bilan-salourdit-a-95-morts-principalement-dans-la-region-de-valence","status":"publish","type":"post","link":"https:\/\/www.iceagetv.com\/radiosite\/inondations-en-espagne-le-bilan-salourdit-a-95-morts-principalement-dans-la-region-de-valence\/","title":{"rendered":"Inondations en Espagne : le bilan s&rsquo;alourdit \u00e0 95 morts, principalement dans la r\u00e9gion de Valence"},"content":{"rendered":"\n<p class=\"\">A la suite de ces intemp\u00e9ries in\u00e9dites, le gouvernement a d\u00e9cr\u00e9t\u00e9 trois jours de deuil national. Le bilan est encore provisoire, a pr\u00e9cis\u00e9 le ministre de la Politique territoriale d&rsquo;Espagne.<\/p>\n\n\n\n<p class=\"\">e bilan, terrible, reste provisoire. Au moins 95&nbsp;personnes sont mortes dans les inondations qui ont frapp\u00e9 l&rsquo;Espagne, annonce mercredi 30 octobre, dans une interview \u00e0 la t\u00e9l\u00e9vision nationale TVE, le ministre de la Politique territoriale. \u00c1ngel Victor Torres&nbsp;a pr\u00e9cis\u00e9 qu&rsquo;il y avait eu 92 morts dans la seule r\u00e9gion de Valence, de loin la plus durement frapp\u00e9e par cette trag\u00e9die, deux dans la r\u00e9gion voisine de Castille-La Manche et une en Andalousie. Le Premier ministre Pedro S\u00e1nchez se rendra dans les zones sinistr\u00e9es jeudi. Suivez notre direct.<\/p>\n\n\n\n<p class=\"\"><strong>Trois jours de deuil national.&nbsp;<\/strong>L&rsquo;Espagne va observer trois jours de \u00ab\u00a0deuil national\u00a0\u00bb, le 31 octobre et les 1er et 2 novembre, a annonc\u00e9 Angel V\u00edctor Torres, mardi.&nbsp;<\/p>\n\n\n\n<p class=\"\"><strong>La Catalogne plac\u00e9e en vigilance maximale face au risque de temp\u00eate.&nbsp;<\/strong>La direction g\u00e9n\u00e9rale de la Protection civile de Catalogne a appel\u00e9 sur&nbsp;<a href=\"https:\/\/x.com\/meteocat\/status\/1851587557345181810?t=x_69zkYuA9RjEBr4exhsow&amp;s=19\" target=\"_blank\" rel=\"noreferrer noopener\">X<\/a>, \u00e0 la&nbsp;<em>\u00ab\u00a0plus grande vigilance\u00a0\u00bb<\/em>&nbsp;face au risque de temp\u00eate,<em>&nbsp;\u00ab\u00a0localement intense\u00a0\u00bb<\/em>, qui touche le littoral et l&rsquo;int\u00e9rieur des c\u00f4tes. L&rsquo;institut m\u00e9t\u00e9orologique de Catalogne a relev\u00e9 son niveau d&rsquo;alerte au maximum (6\/6) pour&nbsp;<em>\u00ab\u00a0temps violent\u00a0\u00bb.<\/em><\/p>\n\n\n\n<p class=\"\"><strong>Pedro S\u00e1nchez promet de ne pas laisser \u00ab\u00a0seuls\u00a0\u00bb les sinistr\u00e9s.&nbsp;<\/strong>Le Premier ministre espagnol a fait part de la<em>&nbsp;\u00ab\u00a0solidarit\u00e9\u00a0\u00bb<\/em>&nbsp;et de<em>&nbsp;\u00ab\u00a0l&rsquo;affection\u00a0\u00bb&nbsp;<\/em>de l&rsquo;Espagne&nbsp;<em>\u00ab\u00a0aux familles de ceux qui ont perdu la vie\u00a0\u00bb.&nbsp;<\/em><em>\u00ab\u00a0L&rsquo;Espagne se tient \u00e0 vos c\u00f4t\u00e9s. (&#8230;)&nbsp;<\/em><em>Nous ne vous laisserons pas seul\u00a0\u00bb<\/em>, a-t-il ajout\u00e9 lors d&rsquo;une conf\u00e9rence de presse.<\/p>\n\n\n\n<p class=\"\"><strong>La r\u00e9gion de Valence fait \u00ab\u00a0face \u00e0 une situation sans pr\u00e9c\u00e9dent\u00a0\u00bb.&nbsp;<\/strong>Le&nbsp;chef du gouvernement r\u00e9gional, Carlos Mazon, a d\u00e9plor\u00e9 un \u00e9v\u00e8nement&nbsp;<em>\u00ab\u00a0que personne n&rsquo;a encore jamais vu\u00a0\u00bb<\/em>.&nbsp;<em>\u00ab\u00a0La situation est terrible\u00a0\u00bb<\/em>, a d\u00e9clar\u00e9 \u00e0 des journalistes la ministre de la D\u00e9fense, Margarita Roibles, en pr\u00e9cisant qu&rsquo;un millier de militaires, soutenus par des h\u00e9licopt\u00e8res, se trouvaient sur la zone pour pr\u00eater main forte aux services de secours.<\/p>\n\n\n\n<p class=\"\"><strong>L&rsquo;UE se dit \u00ab\u00a0pr\u00eate \u00e0 aider\u00a0\u00bb face \u00e0 une \u00ab\u00a0situation dramatique\u00a0\u00bb.<\/strong>&nbsp;<em>\u00ab\u00a0Nous avons activ\u00e9 notre syst\u00e8me satellite Copernicus pour aider \u00e0 coordonner les \u00e9quipes de secours\u00a0\u00bb<\/em>, a annonc\u00e9 la pr\u00e9sidente de la Commission europ\u00e9enne, Ursula von der Leyen, lors d&rsquo;une conf\u00e9rence de presse \u00e0 Bruxelles (Belgique). Elle souligne avoir&nbsp;<em>\u00ab\u00a0d\u00e9j\u00e0 propos\u00e9 d&rsquo;activer notre m\u00e9canisme de protection civile\u00a0\u00bb<\/em>.<\/p>\n","protected":false},"excerpt":{"rendered":"<p>A la suite de ces intemp\u00e9ries in\u00e9dites, le gouvernement a d\u00e9cr\u00e9t\u00e9 trois jours de deuil national. Le bilan est encore provisoire, a pr\u00e9cis\u00e9 le ministre de la Politique territoriale d&rsquo;Espagne. e bilan, terrible, reste provisoire. Au moins 95&nbsp;personnes sont mortes dans les inondations qui ont frapp\u00e9 l&rsquo;Espagne, annonce mercredi 30 octobre, dans une interview \u00e0 [&hellip;]<\/p>\n","protected":false},"author":2,"featured_media":30805,"comment_status":"open","ping_status":"open","sticky":false,"template":"","format":"standard","meta":{"_jetpack_memberships_contains_paid_content":false,"footnotes":"","jetpack_publicize_message":"","jetpack_publicize_feature_enabled":true,"jetpack_social_post_already_shared":true,"jetpack_social_options":{"image_generator_settings":{"template":"highway","enabled":true,"token":"eyJpbWciOiJodHRwczpcL1wvd3d3LmljZWFnZXR2LmNvbVwvcmFkaW9zaXRlXC93cC1jb250ZW50XC91cGxvYWRzXC8yMDI0XC8xMFwvSW5vbmRhdGlvbnMtZW4tRXNwYWduZS5qcGciLCJ0eHQiOiJJbm9uZGF0aW9ucyBlbiBFc3BhZ25lIDogbGUgYmlsYW4gcyYjODIxNzthbG91cmRpdCBcdTAwZTAgOTUgbW9ydHMsIHByaW5jaXBhbGVtZW50IGRhbnMgbGEgclx1MDBlOWdpb24gZGUgVmFsZW5jZSIsInRlbXBsYXRlIjoiaGlnaHdheSIsImJsb2dfaWQiOjExMTAxNjQ2MX0.LkqmY5BpVrG-7LOJpyOarNK1fo2NqWykfiP-0QiLshQMQ"},"version":2},"_wpas_customize_per_network":false},"categories":[405],"tags":[],"class_list":["post-30803","post","type-post","status-publish","format-standard","has-post-thumbnail","hentry","category-actu-france-monde"],"jetpack_publicize_connections":[],"jetpack_featured_media_url":"https:\/\/i0.wp.com\/www.iceagetv.com\/radiosite\/wp-content\/uploads\/2024\/10\/Inondations-en-Espagne.jpg?fit=895%2C520&ssl=1","jetpack_sharing_enabled":true,"_links":{"self":[{"href":"https:\/\/www.iceagetv.com\/radiosite\/wp-json\/wp\/v2\/posts\/30803","targetHints":{"allow":["GET"]}}],"collection":[{"href":"https:\/\/www.iceagetv.com\/radiosite\/wp-json\/wp\/v2\/posts"}],"about":[{"href":"https:\/\/www.iceagetv.com\/radiosite\/wp-json\/wp\/v2\/types\/post"}],"author":[{"embeddable":true,"href":"https:\/\/www.iceagetv.com\/radiosite\/wp-json\/wp\/v2\/users\/2"}],"replies":[{"embeddable":true,"href":"https:\/\/www.iceagetv.com\/radiosite\/wp-json\/wp\/v2\/comments?post=30803"}],"version-history":[{"count":1,"href":"https:\/\/www.iceagetv.com\/radiosite\/wp-json\/wp\/v2\/posts\/30803\/revisions"}],"predecessor-version":[{"id":30806,"href":"https:\/\/www.iceagetv.com\/radiosite\/wp-json\/wp\/v2\/posts\/30803\/revisions\/30806"}],"wp:featuredmedia":[{"embeddable":true,"href":"https:\/\/www.iceagetv.com\/radiosite\/wp-json\/wp\/v2\/media\/30805"}],"wp:attachment":[{"href":"https:\/\/www.iceagetv.com\/radiosite\/wp-json\/wp\/v2\/media?parent=30803"}],"wp:term":[{"taxonomy":"category","embeddable":true,"href":"https:\/\/www.iceagetv.com\/radiosite\/wp-json\/wp\/v2\/categories?post=30803"},{"taxonomy":"post_tag","embeddable":true,"href":"https:\/\/www.iceagetv.com\/radiosite\/wp-json\/wp\/v2\/tags?post=30803"}],"curies":[{"name":"wp","href":"https:\/\/api.w.org\/{rel}","templated":true}]}}