{"id":30877,"date":"2024-11-01T13:12:46","date_gmt":"2024-11-01T12:12:46","guid":{"rendered":"https:\/\/www.iceagetv.com\/radiosite\/?p=30877"},"modified":"2024-11-01T13:12:50","modified_gmt":"2024-11-01T12:12:50","slug":"inondations-meurtrieres-en-espagne-le-bilan-grimpe-a-205-morts","status":"publish","type":"post","link":"https:\/\/www.iceagetv.com\/radiosite\/inondations-meurtrieres-en-espagne-le-bilan-grimpe-a-205-morts\/","title":{"rendered":"Inondations meurtri\u00e8res en Espagne : le bilan grimpe \u00e0 205 morts"},"content":{"rendered":"\n<p class=\"\">Le bilan pourrait encore grimper ce vendredi 1\u1d49\u02b3 novembre alors que les secours sont \u00e0 la recherche de \u00ab\u00a0dizaines et de dizaines\u00a0\u00bb de disparus.<\/p>\n\n\n\n<p class=\"\">Le bilan des inondations apocalyptiques de cette semaine dans le sud-est de l\u2019Espagne avait atteint ce jeudi 31 octobre 158 morts. Ce vendredi 1\u1d49\u02b3 novembre, le bilan grimpe \u00e0 205 morts.<\/p>\n\n\n\n<p class=\"\">Les recherches se poursuivent pour retrouver \u00ab\u2009des dizaines et des dizaines de disparus\u2009\u00bb.<\/p>\n\n\n\n<p class=\"\">Sur ce total, 155 d\u00e9c\u00e8s ont eu lieu dans la seule r\u00e9gion de\u00a0<strong>Valence<\/strong>, de loin la plus endeuill\u00e9e par les torrents de boue qui ont ravag\u00e9 mardi soir et dans la nuit de mardi \u00e0 mercredi la partie sud-est du pays. \u00c0 quoi il faut ajouter deux morts dans la province voisine de Castille-La Manche et un en Andalousie.<\/p>\n\n\n\n<h2 class=\"wp-block-heading\">L\u2019\u00e9pisode n\u2019est pas termin\u00e9<\/h2>\n\n\n\n<p class=\"\">En visite \u00e0 Valence ce jeudi 31&nbsp;octobre, capitale de la r\u00e9gion \u00e9ponyme, le Premier ministre Pedro S\u00e1nchez a assur\u00e9 que l\u2019\u00e9pisode de mauvais temps n\u2019\u00e9tait \u00ab\u2009pas termin\u00e9\u2009\u00bb et appel\u00e9 les habitants de cette r\u00e9gion \u00e0 \u00ab\u2009rester chez eux\u2009\u00bb et \u00e0 \u00ab\u2009ne pas sortir\u2009\u00bb.<\/p>\n\n\n\n<p class=\"\">Il se r\u00e9f\u00e9rait \u00e0 une\u00a0<strong>\u00ab\u2009alerte rouge\u2009\u00bb<\/strong>\u00a0(niveau d\u2019alerte maximale synonyme de risque extr\u00eame) lanc\u00e9e jeudi matin par l\u2019Agence nationale de m\u00e9t\u00e9orologie (Aemet) pour certaines zones de la province de Castell\u00f3n.<\/p>\n\n\n\n<h2 class=\"wp-block-heading\">Des pillages observ\u00e9s<\/h2>\n\n\n\n<p class=\"\">Le ministre de la Politique territoriale, \u00c1ngel V\u00edctor Torres a indiqu\u00e9 que<strong>&nbsp;39&nbsp;personnes avaient \u00e9t\u00e9 arr\u00eat\u00e9es<\/strong>&nbsp;et que \u00ab\u2009face au pillage et aux d\u00e9lits\u2009\u00bb, les forces de s\u00e9curit\u00e9 feraient preuve d\u2019une \u00ab\u2009fermet\u00e9 absolue\u2009\u00bb.<\/p>\n\n\n\n<p class=\"\">Selon les autorit\u00e9s,&nbsp;<strong>des milliers de personnes sont toujours priv\u00e9es d\u2019\u00e9lectricit\u00e9<\/strong>&nbsp;dans la r\u00e9gion.<\/p>\n\n\n\n<p class=\"\">Les<strong>\u00a0trains<\/strong>\u00a0\u00e0 grande vitesse entre Madrid et Valence, suspendus depuis mercredi, le resteront au moins pour \u00ab\u2009deux \u00e0 trois semaines\u2009\u00bb, a indiqu\u00e9 le ministre des Transports, \u00d3scar Puente.<\/p>\n\n\n\n<h2 class=\"wp-block-heading\">1\u2009700 militaires d\u00e9ploy\u00e9s<\/h2>\n\n\n\n<p class=\"\">La ministre espagnole de la D\u00e9fense, Margarita Robles, a annonc\u00e9 vendredi<strong>&nbsp;l\u2019arriv\u00e9e de 500 soldats suppl\u00e9mentaires<\/strong>&nbsp;dans le sud-est de l\u2019Espagne, en renfort des 1\u2009200 d\u00e9j\u00e0 pr\u00e9sents, pour participer aux op\u00e9rations d\u2019aide aux victimes des inondations meurtri\u00e8res de cette semaine.<\/p>\n\n\n\n<p class=\"\">Les renforts arriv\u00e9s vendredi portent \u00e0 1\u2009700 le nombre de militaires d\u00e9ploy\u00e9s dans la r\u00e9gion de Valence.<\/p>\n\n\n\n<p class=\"\">Interrog\u00e9e sur les t\u00e2ches de ces militaires, la ministre a indiqu\u00e9 qu\u2019il s\u2019agissait d\u2019aider \u00e0 \u00ab\u2009\u00e9coper l\u2019eau\u2009\u00bb et \u00ab\u2009permettre le transport pour la distribution d\u2019aide\u2009\u00bb.<\/p>\n","protected":false},"excerpt":{"rendered":"<p>Le bilan pourrait encore grimper ce vendredi 1\u1d49\u02b3 novembre alors que les secours sont \u00e0 la recherche de \u00ab\u00a0dizaines et de dizaines\u00a0\u00bb de disparus. Le bilan des inondations apocalyptiques de cette semaine dans le sud-est de l\u2019Espagne avait atteint ce jeudi 31 octobre 158 morts. Ce vendredi 1\u1d49\u02b3 novembre, le bilan grimpe \u00e0 205 morts. [&hellip;]<\/p>\n","protected":false},"author":2,"featured_media":30878,"comment_status":"open","ping_status":"open","sticky":false,"template":"","format":"standard","meta":{"_jetpack_memberships_contains_paid_content":false,"footnotes":"","jetpack_publicize_message":"","jetpack_publicize_feature_enabled":true,"jetpack_social_post_already_shared":true,"jetpack_social_options":{"image_generator_settings":{"template":"highway","enabled":true,"token":"eyJpbWciOiJodHRwczpcL1wvd3d3LmljZWFnZXR2LmNvbVwvcmFkaW9zaXRlXC93cC1jb250ZW50XC91cGxvYWRzXC8yMDI0XC8xMVwvbmV3c21sYWZwLWNvbS0yMDI0MTEwMXQwMDAwMDB6cGFydG5lcnMtMDIwLTIxODE1NDI2OTEtOTYweDY0MC0xLmpwZyIsInR4dCI6Iklub25kYXRpb25zIG1ldXJ0cmlcdTAwZThyZXMgZW4gRXNwYWduZSA6IGxlIGJpbGFuIGdyaW1wZSBcdTAwZTAgMjA1IG1vcnRzIiwidGVtcGxhdGUiOiJoaWdod2F5IiwiYmxvZ19pZCI6MTExMDE2NDYxfQ.70L6ine3-dObYrKtvxzKwqL2xLCKuTo8trY79EOMZcQMQ"},"version":2},"_wpas_customize_per_network":false},"categories":[14],"tags":[],"class_list":["post-30877","post","type-post","status-publish","format-standard","has-post-thumbnail","hentry","category-actu-meteo"],"jetpack_publicize_connections":[],"jetpack_featured_media_url":"https:\/\/i0.wp.com\/www.iceagetv.com\/radiosite\/wp-content\/uploads\/2024\/11\/newsmlafp-com-20241101t000000zpartners-020-2181542691-960x640-1.jpg?fit=960%2C640&ssl=1","jetpack_sharing_enabled":true,"_links":{"self":[{"href":"https:\/\/www.iceagetv.com\/radiosite\/wp-json\/wp\/v2\/posts\/30877","targetHints":{"allow":["GET"]}}],"collection":[{"href":"https:\/\/www.iceagetv.com\/radiosite\/wp-json\/wp\/v2\/posts"}],"about":[{"href":"https:\/\/www.iceagetv.com\/radiosite\/wp-json\/wp\/v2\/types\/post"}],"author":[{"embeddable":true,"href":"https:\/\/www.iceagetv.com\/radiosite\/wp-json\/wp\/v2\/users\/2"}],"replies":[{"embeddable":true,"href":"https:\/\/www.iceagetv.com\/radiosite\/wp-json\/wp\/v2\/comments?post=30877"}],"version-history":[{"count":1,"href":"https:\/\/www.iceagetv.com\/radiosite\/wp-json\/wp\/v2\/posts\/30877\/revisions"}],"predecessor-version":[{"id":30879,"href":"https:\/\/www.iceagetv.com\/radiosite\/wp-json\/wp\/v2\/posts\/30877\/revisions\/30879"}],"wp:featuredmedia":[{"embeddable":true,"href":"https:\/\/www.iceagetv.com\/radiosite\/wp-json\/wp\/v2\/media\/30878"}],"wp:attachment":[{"href":"https:\/\/www.iceagetv.com\/radiosite\/wp-json\/wp\/v2\/media?parent=30877"}],"wp:term":[{"taxonomy":"category","embeddable":true,"href":"https:\/\/www.iceagetv.com\/radiosite\/wp-json\/wp\/v2\/categories?post=30877"},{"taxonomy":"post_tag","embeddable":true,"href":"https:\/\/www.iceagetv.com\/radiosite\/wp-json\/wp\/v2\/tags?post=30877"}],"curies":[{"name":"wp","href":"https:\/\/api.w.org\/{rel}","templated":true}]}}