{"id":30881,"date":"2024-11-01T15:27:28","date_gmt":"2024-11-01T14:27:28","guid":{"rendered":"https:\/\/www.iceagetv.com\/radiosite\/?p=30881"},"modified":"2024-11-01T15:27:32","modified_gmt":"2024-11-01T14:27:32","slug":"aucune-parade-dhalloween-nest-prevue-des-milliers-de-personnes-se-rassemblent-pour-rien-a-dublin-a-cause-dun-canular","status":"publish","type":"post","link":"https:\/\/www.iceagetv.com\/radiosite\/aucune-parade-dhalloween-nest-prevue-des-milliers-de-personnes-se-rassemblent-pour-rien-a-dublin-a-cause-dun-canular\/","title":{"rendered":"Aucune parade d\u2019Halloween n\u2019est pr\u00e9vue\u00a0\u00bb\u00a0: des milliers de personnes se rassemblent pour rien \u00e0 Dublin \u00e0 cause d\u2019un canular"},"content":{"rendered":"\n<p class=\"\">Une foule s\u2019est retrouv\u00e9e sur l\u2019art\u00e8re principale de la capitale irlandaise, provoquant des perturbations dans la circulation des tramways, jusqu\u2019\u00e0 ce que la police appelle les f\u00eatards \u00e0 quitter les lieux.Des milliers de personnes, avides de frissons, se sont rassembl\u00e9es jeudi soir dans le centre de Dublin. La raison\u00a0? Elles \u00e9taient l\u00e0 pour assister \u00e0 une parade d\u2019Halloween<a href=\"https:\/\/www.leparisien.fr\/faits-divers\/soiree-dhalloween-des-individus-masques-incendient-des-voitures-dans-le-rhone-trois-interpellations-31-10-2024-HUK72WEFNRBLLK5TJRB4XELBNQ.php\" target=\"_blank\" rel=\"noreferrer noopener\">\u00a0<\/a>qui s\u2019est r\u00e9v\u00e9l\u00e9e\u2026 \u00eatre un canular. Des informations sur ce pr\u00e9tendu \u00e9v\u00e9nement avaient \u00e9t\u00e9 publi\u00e9es sur un site Internet avant d\u2019\u00eatre largement partag\u00e9es sur les r\u00e9seaux sociaux. Une curieuse illustration du pouvoir des fake news en tout genre.Une foule importante s\u2019est retrouv\u00e9e sur l\u2019art\u00e8re principale de la capitale irlandaise, O\u2019Connell Street, provoquant des perturbations dans la circulation des tramways, jusqu\u2019\u00e0 ce que la police appelle les f\u00eatards \u00e0 quitter les lieux. Une d\u00e9ception de taille pour les familles r\u00e9unies. \u00ab\u00a0Contrairement \u00e0 ce qui a circul\u00e9 en ligne, aucune parade d\u2019Halloween n\u2019est pr\u00e9vue dans le centre de Dublin ce soir ou cette nuit\u00a0\u00bb, a indiqu\u00e9 la police dans un message post\u00e9 sur les r\u00e9seaux sociaux.<\/p>\n\n\n\n<h2 class=\"wp-block-heading\">Des f\u00eatards appel\u00e9s \u00e0 se disperser<\/h2>\n\n\n\n<p class=\"\">\u00ab&nbsp;Tous ceux qui se sont rassembl\u00e9s sur O\u2019Connell Street dans l\u2019attente d\u2019une telle parade sont appel\u00e9s \u00e0 se disperser dans le calme&nbsp;\u00bb, a-t-elle ajout\u00e9. Le canular a au moins montr\u00e9 \u00ab&nbsp;qu\u2019il y a un app\u00e9tit \u00e0 Dublin pour l\u2019organisation d\u2019une v\u00e9ritable parade d\u2019Halloween&nbsp;\u00bb, a comment\u00e9 un homme politique local, Gary Gannon, sur X.<\/p>\n","protected":false},"excerpt":{"rendered":"<p>Une foule s\u2019est retrouv\u00e9e sur l\u2019art\u00e8re principale de la capitale irlandaise, provoquant des perturbations dans la circulation des tramways, jusqu\u2019\u00e0 ce que la police appelle les f\u00eatards \u00e0 quitter les lieux.Des milliers de personnes, avides de frissons, se sont rassembl\u00e9es jeudi soir dans le centre de Dublin. La raison\u00a0? Elles \u00e9taient l\u00e0 pour assister \u00e0 [&hellip;]<\/p>\n","protected":false},"author":2,"featured_media":30882,"comment_status":"open","ping_status":"open","sticky":false,"template":"","format":"standard","meta":{"_jetpack_memberships_contains_paid_content":false,"footnotes":"","jetpack_publicize_message":"","jetpack_publicize_feature_enabled":true,"jetpack_social_post_already_shared":true,"jetpack_social_options":{"image_generator_settings":{"template":"highway","enabled":true,"token":"eyJpbWciOiJodHRwczpcL1wvd3d3LmljZWFnZXR2LmNvbVwvcmFkaW9zaXRlXC93cC1jb250ZW50XC91cGxvYWRzXC8yMDI0XC8xMVwvQlNJN1ZKU0Q1SEdLQkZCSVVZU0JLWk5UVU0uanBnIiwidHh0IjoiQXVjdW5lIHBhcmFkZSBkXHUyMDE5SGFsbG93ZWVuIG5cdTIwMTllc3QgcHJcdTAwZTl2dWVcdTAwYTBcdTAwYmJcdTAwYTA6IGRlcyBtaWxsaWVycyBkZSBwZXJzb25uZXMgc2UgcmFzc2VtYmxlbnQgcG91ciByaWVuIFx1MDBlMCBEdWJsaW4gXHUwMGUwIGNhdXNlIGRcdTIwMTl1biBjYW51bGFyIiwidGVtcGxhdGUiOiJoaWdod2F5IiwiYmxvZ19pZCI6MTExMDE2NDYxfQ.IzHOV_9-kVg8QHz1NdFLqNv2dDygCRaB257RtbeCx54MQ"},"version":2},"_wpas_customize_per_network":false},"categories":[405],"tags":[],"class_list":["post-30881","post","type-post","status-publish","format-standard","has-post-thumbnail","hentry","category-actu-france-monde"],"jetpack_publicize_connections":[],"jetpack_featured_media_url":"https:\/\/i0.wp.com\/www.iceagetv.com\/radiosite\/wp-content\/uploads\/2024\/11\/BSI7VJSD5HGKBFBIUYSBKZNTUM.jpg?fit=932%2C582&ssl=1","jetpack_sharing_enabled":true,"_links":{"self":[{"href":"https:\/\/www.iceagetv.com\/radiosite\/wp-json\/wp\/v2\/posts\/30881","targetHints":{"allow":["GET"]}}],"collection":[{"href":"https:\/\/www.iceagetv.com\/radiosite\/wp-json\/wp\/v2\/posts"}],"about":[{"href":"https:\/\/www.iceagetv.com\/radiosite\/wp-json\/wp\/v2\/types\/post"}],"author":[{"embeddable":true,"href":"https:\/\/www.iceagetv.com\/radiosite\/wp-json\/wp\/v2\/users\/2"}],"replies":[{"embeddable":true,"href":"https:\/\/www.iceagetv.com\/radiosite\/wp-json\/wp\/v2\/comments?post=30881"}],"version-history":[{"count":1,"href":"https:\/\/www.iceagetv.com\/radiosite\/wp-json\/wp\/v2\/posts\/30881\/revisions"}],"predecessor-version":[{"id":30883,"href":"https:\/\/www.iceagetv.com\/radiosite\/wp-json\/wp\/v2\/posts\/30881\/revisions\/30883"}],"wp:featuredmedia":[{"embeddable":true,"href":"https:\/\/www.iceagetv.com\/radiosite\/wp-json\/wp\/v2\/media\/30882"}],"wp:attachment":[{"href":"https:\/\/www.iceagetv.com\/radiosite\/wp-json\/wp\/v2\/media?parent=30881"}],"wp:term":[{"taxonomy":"category","embeddable":true,"href":"https:\/\/www.iceagetv.com\/radiosite\/wp-json\/wp\/v2\/categories?post=30881"},{"taxonomy":"post_tag","embeddable":true,"href":"https:\/\/www.iceagetv.com\/radiosite\/wp-json\/wp\/v2\/tags?post=30881"}],"curies":[{"name":"wp","href":"https:\/\/api.w.org\/{rel}","templated":true}]}}