{"id":30899,"date":"2024-11-02T13:38:18","date_gmt":"2024-11-02T12:38:18","guid":{"rendered":"https:\/\/www.iceagetv.com\/radiosite\/?p=30899"},"modified":"2024-11-02T13:38:24","modified_gmt":"2024-11-02T12:38:24","slug":"fusillade-a-poitiers-le-garcon-age-de-15-ans-blesse-suite-a-des-coups-de-feu-est-decede-annonce-le-procureur-quatre-autres-personnes-sont-toujours-hospitalisees","status":"publish","type":"post","link":"https:\/\/www.iceagetv.com\/radiosite\/fusillade-a-poitiers-le-garcon-age-de-15-ans-blesse-suite-a-des-coups-de-feu-est-decede-annonce-le-procureur-quatre-autres-personnes-sont-toujours-hospitalisees\/","title":{"rendered":"Fusillade \u00e0 Poitiers : Le gar\u00e7on \u00e2g\u00e9 de 15 ans bless\u00e9 suite \u00e0 des coups de feu est d\u00e9c\u00e9d\u00e9, annonce le procureur &#8211; Quatre autres personnes sont toujours hospitalis\u00e9es"},"content":{"rendered":"\n<p class=\"\">Le mineur gravement bless\u00e9 dans la fusillade survenue jeudi soir \u00e0 Poitiers est mort, a annonc\u00e9 ce samedi le procureur. Le gar\u00e7on \u00e2g\u00e9 de 15 ans avait \u00e9t\u00e9 retrouv\u00e9 par les forces de l&rsquo;ordre lors de leur intervention suite \u00e0 des coups de feu signal\u00e9s \u00e0 la terrasse d\u2019un restaurant de burger, dans le quartier des Couronneries. Hospitalis\u00e9 en \u00e9tat d&rsquo;urgence absolue, son pronostic vital \u00e9tait engag\u00e9.<\/p>\n\n\n\n<p class=\"\">Quatre autres personnes ont \u00e9t\u00e9 gri\u00e8vement bless\u00e9es dans cette fusillade survenue dans ce quartier prioritaire marqu\u00e9 par le trafic de stup\u00e9fiants.<\/p>\n\n\n\n<p class=\"\">Deux autres adolescents ont \u00e9t\u00e9 bless\u00e9s par balle et pris en charge par les secours, l&rsquo;un de 16 ans \u00e0 une \u00e9paule, l&rsquo;autre de 15 ans \u00e0 une cheville. Ils ont \u00e9t\u00e9 pris en charge par les secours.<\/p>\n\n\n\n<p class=\"\">Deux autres victimes \u00e2g\u00e9es de 16 ans, bless\u00e9es plus l\u00e9g\u00e8rement au cuir chevelu et \u00e0 un pied, se sont pr\u00e9sent\u00e9es directement \u00e0 l&rsquo;h\u00f4pital.&nbsp;Onze douilles&nbsp;\u00abqui auraient \u00e9t\u00e9 tir\u00e9es par arme semi-automatique de type 22 long rifle\u00bb&nbsp;ont \u00e9t\u00e9 retrouv\u00e9es aux abords du restaurant, selon le parquet. D&rsquo;apr\u00e8s le procureur de la R\u00e9publique de Poitiers, les adolescents sont tous n\u00e9s en 2008 et 2009.<\/p>\n\n\n\n<p class=\"\">Le ministre de l&rsquo;Int\u00e9rieur, Bruno Retailleau a affirm\u00e9 vendredi sur BFMTV que ce fait divers, coupl\u00e9 \u00e0 celui survenu \u00e0 Rennes, o\u00f9 un enfant a \u00e9t\u00e9 bless\u00e9 par balles, \u00e9tait le signe d&rsquo;un \u00ab\u00a0point de bascule\u00a0\u00bb. \u00ab\u00a0Les &lsquo;narcoracailles&rsquo; n&rsquo;ont plus de limites\u00a0\u00bb, a-t-il jug\u00e9<\/p>\n","protected":false},"excerpt":{"rendered":"<p>Le mineur gravement bless\u00e9 dans la fusillade survenue jeudi soir \u00e0 Poitiers est mort, a annonc\u00e9 ce samedi le procureur. Le gar\u00e7on \u00e2g\u00e9 de 15 ans avait \u00e9t\u00e9 retrouv\u00e9 par les forces de l&rsquo;ordre lors de leur intervention suite \u00e0 des coups de feu signal\u00e9s \u00e0 la terrasse d\u2019un restaurant de burger, dans le quartier [&hellip;]<\/p>\n","protected":false},"author":2,"featured_media":30869,"comment_status":"open","ping_status":"open","sticky":false,"template":"","format":"standard","meta":{"_jetpack_memberships_contains_paid_content":false,"footnotes":"","jetpack_publicize_message":"","jetpack_publicize_feature_enabled":true,"jetpack_social_post_already_shared":true,"jetpack_social_options":{"image_generator_settings":{"template":"highway","enabled":true,"token":"eyJpbWciOiJodHRwczpcL1wvd3d3LmljZWFnZXR2LmNvbVwvcmFkaW9zaXRlXC93cC1jb250ZW50XC91cGxvYWRzXC8yMDI0XC8xMVwvZXZScmVjLVcuanBnIiwidHh0IjoiRnVzaWxsYWRlIFx1MDBlMCBQb2l0aWVycyA6IExlIGdhclx1MDBlN29uIFx1MDBlMmdcdTAwZTkgZGUgMTUgYW5zIGJsZXNzXHUwMGU5IHN1aXRlIFx1MDBlMCBkZXMgY291cHMgZGUgZmV1IGVzdCBkXHUwMGU5Y1x1MDBlOWRcdTAwZTksIGFubm9uY2UgbGUgcHJvY3VyZXVyICYjODIxMTsgUXVhdHJlIGF1dHJlcyBwZXJzb25uZXMgc29udCB0b3Vqb3VycyBob3NwaXRhbGlzXHUwMGU5ZXMiLCJ0ZW1wbGF0ZSI6ImhpZ2h3YXkiLCJibG9nX2lkIjoxMTEwMTY0NjF9.ykUQiVgGRN7_APP3ZBiBqCJqZbe5PqONALqpSoTv2zMMQ"},"version":2},"_wpas_customize_per_network":false},"categories":[405],"tags":[],"class_list":["post-30899","post","type-post","status-publish","format-standard","has-post-thumbnail","hentry","category-actu-france-monde"],"jetpack_publicize_connections":[],"jetpack_featured_media_url":"https:\/\/i0.wp.com\/www.iceagetv.com\/radiosite\/wp-content\/uploads\/2024\/11\/evRrec-W.jpg?fit=679%2C293&ssl=1","jetpack_sharing_enabled":true,"_links":{"self":[{"href":"https:\/\/www.iceagetv.com\/radiosite\/wp-json\/wp\/v2\/posts\/30899","targetHints":{"allow":["GET"]}}],"collection":[{"href":"https:\/\/www.iceagetv.com\/radiosite\/wp-json\/wp\/v2\/posts"}],"about":[{"href":"https:\/\/www.iceagetv.com\/radiosite\/wp-json\/wp\/v2\/types\/post"}],"author":[{"embeddable":true,"href":"https:\/\/www.iceagetv.com\/radiosite\/wp-json\/wp\/v2\/users\/2"}],"replies":[{"embeddable":true,"href":"https:\/\/www.iceagetv.com\/radiosite\/wp-json\/wp\/v2\/comments?post=30899"}],"version-history":[{"count":1,"href":"https:\/\/www.iceagetv.com\/radiosite\/wp-json\/wp\/v2\/posts\/30899\/revisions"}],"predecessor-version":[{"id":30900,"href":"https:\/\/www.iceagetv.com\/radiosite\/wp-json\/wp\/v2\/posts\/30899\/revisions\/30900"}],"wp:featuredmedia":[{"embeddable":true,"href":"https:\/\/www.iceagetv.com\/radiosite\/wp-json\/wp\/v2\/media\/30869"}],"wp:attachment":[{"href":"https:\/\/www.iceagetv.com\/radiosite\/wp-json\/wp\/v2\/media?parent=30899"}],"wp:term":[{"taxonomy":"category","embeddable":true,"href":"https:\/\/www.iceagetv.com\/radiosite\/wp-json\/wp\/v2\/categories?post=30899"},{"taxonomy":"post_tag","embeddable":true,"href":"https:\/\/www.iceagetv.com\/radiosite\/wp-json\/wp\/v2\/tags?post=30899"}],"curies":[{"name":"wp","href":"https:\/\/api.w.org\/{rel}","templated":true}]}}