{"id":30955,"date":"2024-11-04T20:22:27","date_gmt":"2024-11-04T19:22:27","guid":{"rendered":"https:\/\/www.iceagetv.com\/radiosite\/?p=30955"},"modified":"2024-11-04T20:22:31","modified_gmt":"2024-11-04T19:22:31","slug":"audiovisuel-public","status":"publish","type":"post","link":"https:\/\/www.iceagetv.com\/radiosite\/audiovisuel-public\/","title":{"rendered":"Audiovisuel public"},"content":{"rendered":"\n<h1 class=\"wp-block-heading\">France 3 et France Bleu deviennent \u00abIci\u00bb, les syndicats redoutent \u00abune perte d\u2019identit\u00e9\u00bb<\/h1>\n\n\n\n<p class=\"\">Le nouveau logo remplacera mardi 5\u00a0novembre celui de France 3 lors des \u00e9missions r\u00e9gionales, tandis que l\u2019intersyndicale de l\u2019antenne appelait lundi \u00e0 la gr\u00e8ve pour protester contre la mise en place de cette marque vue comme une nouvelle \u00e9tape vers la fusion.<\/p>\n\n\n\n<p class=\"\"><em>Bient\u00f4t, votre radio change de nom\u00bb,<\/em>&nbsp;peut-on entendre depuis ce lundi 4&nbsp;novembre sur les ondes de France Bleu.&nbsp;<a href=\"https:\/\/www.liberation.fr\/economie\/medias\/cen-est-bientot-fini-de-france-3-et-france-bleu-qui-vont-cohabiter-ici-20231018_4ZMJLDIE6ZDDTOBXVZMVINS3ZE\/\" target=\"_blank\" rel=\"noreferrer noopener\">Officialis\u00e9 il y a d\u00e9j\u00e0 un an<\/a>, le rassemblement des marques de l\u2019audiovisuel public France Bleu et France 3 sous la d\u00e9nomination commune \u00abIci\u00bb se concr\u00e9tise un peu plus ce mois-ci. A la radio, on annonce par exemple qu\u2019<em>\u00aben&nbsp;2025, France Bleu Paris devient Ici Paris Ile-de-France\u00bb,<\/em>&nbsp;tandis qu\u2019\u00e0 la t\u00e9l\u00e9, d\u00e8s ce mardi 5&nbsp;novembre, le logo Ici vient remplacer celui de France 3 pendant les programmes r\u00e9gionaux. Ce changement sera ainsi visible de 6h30 \u00e0 14h15, lors des JT Ici 19\/20 et pendant les \u00e9missions r\u00e9gionales du week-end et de deuxi\u00e8me partie de soir\u00e9e. Les \u00e9missions nationales garderont encore pendant un temps le logo actuel.&nbsp;<em>\u00abFrance 3 existe toujours\u00bb,&nbsp;<\/em>indiquait ainsi Philippe Martinetti, le directeur d\u00e9l\u00e9gu\u00e9 des antennes et des programmes charg\u00e9 de l\u2019offre de proximit\u00e9 de France T\u00e9l\u00e9visions, lors d\u2019un point de presse mercredi 30&nbsp;octobre.&nbsp;<em>\u00abMais nous poussons le curseur un peu plus loin\u00bb<\/em>&nbsp;sur la r\u00e9gionalisation de son offre avec le label Ici.<\/p>\n\n\n\n<p class=\"\">Le d\u00e9ploiement de cette nouvelle marque est cependant loin de satisfaire tout le monde. Les salari\u00e9s de France 3 \u00e9taient ainsi appel\u00e9s par l\u2019intersyndicale CFDT-CGT-FO-SNJ-SUD \u00e0 une gr\u00e8ve de vingt-quatre heures \u00e0 partir de lundi minuit pour contester cette initiative.&nbsp;<em>\u00abCe projet peut \u00eatre lu comme un premier pas vers une fusion des r\u00e9seaux de France 3 et France Bleu\u00bb,<\/em>&nbsp;\u00e9taye-t-elle dans son pr\u00e9avis, d\u00e9non\u00e7ant&nbsp;<em>\u00abune perte d\u2019identit\u00e9\u00bb<\/em>&nbsp;et&nbsp;<em>\u00abune grande ins\u00e9curit\u00e9 socio-\u00e9conomique\u00bb<\/em>&nbsp;dans&nbsp;<em>\u00abun contexte de transformation lourde\u00bb&nbsp;<\/em>de l\u2019audiovisuel public et&nbsp;<em>\u00abde flou\u00bb&nbsp;<\/em>sur son financement. Outre<em>&nbsp;\u00abl\u2019abandon du projet de l\u2019effacement de France 3\u00bb,<\/em>&nbsp;les syndicats r\u00e9clament&nbsp;<em>\u00abl\u2019assurance du maintien de leur contrat de travail dans France T\u00e9l\u00e9visions\u00bb&nbsp;<\/em>ou encore<em>&nbsp;\u00abl\u2019arr\u00eat de la publication sur le site francebleu.fr&nbsp;<\/em>[rebaptis\u00e9 Ici, ndlr]<em>&nbsp;d\u2019articles r\u00e9dig\u00e9s par des journalistes de France 3\u00bb<\/em>. Le comit\u00e9 social et \u00e9conomique du r\u00e9seau r\u00e9gional a en outre adopt\u00e9<em>&nbsp;\u00abune r\u00e9solution pour contester en justice le d\u00e9veloppement\u00bb&nbsp;<\/em>de la marque Ici, propri\u00e9t\u00e9 de Radio France, selon les syndicats.<\/p>\n\n\n\n<h2 class=\"wp-block-heading\">45&nbsp;millions d\u2019euros d\u2019\u00e9conomies<\/h2>\n\n\n\n<p class=\"\">Les premiers rapprochements entre France Bleu et France 3 datent de&nbsp;2018.&nbsp;<em>\u00abFrance 3 et France Bleu doivent combiner leurs forces respectives\u00bb,&nbsp;<\/em><a href=\"https:\/\/www.liberation.fr\/france\/2018\/06\/04\/reforme-de-l-audiovisuel-public-un-plan-coherent-une-equation-financiere-impossible_1656545\/\" target=\"_blank\" rel=\"noreferrer noopener\">annon\u00e7ait d\u00e9j\u00e0 la ministre de la Culture de l\u2019\u00e9poque, Fran\u00e7oise Nyssen<\/a>. L\u2019ann\u00e9e d\u2019apr\u00e8s, ce fut l\u2019arriv\u00e9e&nbsp;<a href=\"https:\/\/www.liberation.fr\/france\/2019\/05\/10\/france-3-et-france-bleu-matinale-commune_1726285\/\" target=\"_blank\" rel=\"noreferrer noopener\">des premi\u00e8res matinales film\u00e9es<\/a>&nbsp;: ce sont d\u00e9sormais 37 des 44 matinales de France Bleu qui sont visibles \u00e0 la t\u00e9l\u00e9vision sur France 3, et deux de plus sont attendues en&nbsp;2025. Et, \u00e0 terme, des locales publiques radio-t\u00e9l\u00e9 regroup\u00e9es dans les m\u00eames b\u00e2timents&nbsp;? C\u2019est la crainte des salari\u00e9s, qui per\u00e7oivent bien ce rapprochement des deux entit\u00e9s comme une fusion \u00abpar le bas\u00bb de l\u2019audiovisuel public, \u00e0 d\u00e9faut de r\u00e9ussir, pour le moment, \u00e0 op\u00e9rer une fusion \u00abpar le haut\u00bb. Un rapprochement qui \u00e9tait pouss\u00e9 en&nbsp;2023 par la mise en place d\u2019une part variable dans le budget de l\u2019audiovisuel public pour les ann\u00e9es \u00e0 venir, destin\u00e9 \u00e0 mener \u00e0 bien des projets de transformation, parmi lesquels ce chantier d\u2019un m\u00e9dia de proximit\u00e9. Une enveloppe qui ne semble finalement plus d\u2019actualit\u00e9 ces derni\u00e8res semaines face aux mesures d\u2019\u00e9conomie d\u00e9cid\u00e9es par le gouvernement, et alors que l\u2019audiovisuel public&nbsp;<a href=\"https:\/\/www.liberation.fr\/economie\/budget-2025-ecologie-aide-au-developpement-fonction-publique-lexecutif-detaille-ses-5-derniers-milliards-deconomies-20241027_Z3A57XU3OJA3NBGMVKV45W6XU4\/\" target=\"_blank\" rel=\"noreferrer noopener\">s\u2019est vu raboter 45&nbsp;millions d\u2019euros dans son budget 2025<\/a>&nbsp;\u2013 on ignore encore la fa\u00e7on dont cette coupe sera r\u00e9partie entre les diff\u00e9rentes entit\u00e9s \u2013 lors des derni\u00e8res annonces du gouvernement pour trouver cinq milliards d\u2019\u00e9conomies suppl\u00e9mentaires.<\/p>\n","protected":false},"excerpt":{"rendered":"<p>France 3 et France Bleu deviennent \u00abIci\u00bb, les syndicats redoutent \u00abune perte d\u2019identit\u00e9\u00bb Le nouveau logo remplacera mardi 5\u00a0novembre celui de France 3 lors des \u00e9missions r\u00e9gionales, tandis que l\u2019intersyndicale de l\u2019antenne appelait lundi \u00e0 la gr\u00e8ve pour protester contre la mise en place de cette marque vue comme une nouvelle \u00e9tape vers la fusion. [&hellip;]<\/p>\n","protected":false},"author":2,"featured_media":30956,"comment_status":"open","ping_status":"open","sticky":false,"template":"","format":"standard","meta":{"_jetpack_memberships_contains_paid_content":false,"footnotes":"","jetpack_publicize_message":"","jetpack_publicize_feature_enabled":true,"jetpack_social_post_already_shared":true,"jetpack_social_options":{"image_generator_settings":{"template":"highway","enabled":true,"token":"eyJpbWciOiJodHRwczpcL1wvd3d3LmljZWFnZXR2LmNvbVwvcmFkaW9zaXRlXC93cC1jb250ZW50XC91cGxvYWRzXC8yMDI0XC8xMVwvTFNVSFhCWFRTTkJDVEtFVkZEQ09IQjREUUktNjgzeDEwMjQuanBnIiwidHh0IjoiQXVkaW92aXN1ZWwgcHVibGljIiwidGVtcGxhdGUiOiJoaWdod2F5IiwiYmxvZ19pZCI6MTExMDE2NDYxfQ.tC8i6RrEY7RYekmuRq1MFuXXR4MahPdCdqMx2Q-L7nIMQ"},"version":2},"_wpas_customize_per_network":false},"categories":[68],"tags":[],"class_list":["post-30955","post","type-post","status-publish","format-standard","has-post-thumbnail","hentry","category-actu-culturelle"],"jetpack_publicize_connections":[],"jetpack_featured_media_url":"https:\/\/i0.wp.com\/www.iceagetv.com\/radiosite\/wp-content\/uploads\/2024\/11\/LSUHXBXTSNBCTKEVFDCOHB4DQI.jpg?fit=1024%2C1536&ssl=1","jetpack_sharing_enabled":true,"_links":{"self":[{"href":"https:\/\/www.iceagetv.com\/radiosite\/wp-json\/wp\/v2\/posts\/30955","targetHints":{"allow":["GET"]}}],"collection":[{"href":"https:\/\/www.iceagetv.com\/radiosite\/wp-json\/wp\/v2\/posts"}],"about":[{"href":"https:\/\/www.iceagetv.com\/radiosite\/wp-json\/wp\/v2\/types\/post"}],"author":[{"embeddable":true,"href":"https:\/\/www.iceagetv.com\/radiosite\/wp-json\/wp\/v2\/users\/2"}],"replies":[{"embeddable":true,"href":"https:\/\/www.iceagetv.com\/radiosite\/wp-json\/wp\/v2\/comments?post=30955"}],"version-history":[{"count":1,"href":"https:\/\/www.iceagetv.com\/radiosite\/wp-json\/wp\/v2\/posts\/30955\/revisions"}],"predecessor-version":[{"id":30957,"href":"https:\/\/www.iceagetv.com\/radiosite\/wp-json\/wp\/v2\/posts\/30955\/revisions\/30957"}],"wp:featuredmedia":[{"embeddable":true,"href":"https:\/\/www.iceagetv.com\/radiosite\/wp-json\/wp\/v2\/media\/30956"}],"wp:attachment":[{"href":"https:\/\/www.iceagetv.com\/radiosite\/wp-json\/wp\/v2\/media?parent=30955"}],"wp:term":[{"taxonomy":"category","embeddable":true,"href":"https:\/\/www.iceagetv.com\/radiosite\/wp-json\/wp\/v2\/categories?post=30955"},{"taxonomy":"post_tag","embeddable":true,"href":"https:\/\/www.iceagetv.com\/radiosite\/wp-json\/wp\/v2\/tags?post=30955"}],"curies":[{"name":"wp","href":"https:\/\/api.w.org\/{rel}","templated":true}]}}