{"id":31008,"date":"2024-11-07T10:38:42","date_gmt":"2024-11-07T09:38:42","guid":{"rendered":"https:\/\/www.iceagetv.com\/radiosite\/?p=31008"},"modified":"2024-11-07T10:38:46","modified_gmt":"2024-11-07T09:38:46","slug":"la-corrida-bientot-interdite-aux-mineurs-de-moins-de-16-ans-en-raison-des-risques-de-traumatisme-pour-les-plus-jeunes-le-senat-repond-non-pour-linstant-apres-un-examen-hier-en-commissio","status":"publish","type":"post","link":"https:\/\/www.iceagetv.com\/radiosite\/la-corrida-bientot-interdite-aux-mineurs-de-moins-de-16-ans-en-raison-des-risques-de-traumatisme-pour-les-plus-jeunes-le-senat-repond-non-pour-linstant-apres-un-examen-hier-en-commissio\/","title":{"rendered":"La corrida bient\u00f4t interdite aux mineurs de moins de 16 ans, en raison des \u00ab\u00a0risques de traumatisme\u00a0\u00bb pour les plus jeunes ? Le S\u00e9nat r\u00e9pond \u00ab\u00a0non\u00a0\u00bb, pour l&rsquo;instant, apr\u00e8s un examen hier en commission des lois"},"content":{"rendered":"\n<p class=\"\">Le S\u00e9nat a examin\u00e9 hier, en commission, la proposition de loi visant \u00e0 interdire la corrida et les combats de coqs en pr\u00e9sence de mineurs de moins de 16 ans. Cette derni\u00e8re avait \u00e9t\u00e9 d\u00e9pos\u00e9e le 27 mars dernier par les s\u00e9nateurs Samantha Cazebonne (Renaissance) et Arnaud Bazin (LR). Cela fait plus d\u2019une vingtaine d\u2019ann\u00e9es que la lutte contre la corrida et les spectacles associ\u00e9s fait rage, mais en vain.<\/p>\n\n\n\n<p class=\"\">En 2022 encore, le d\u00e9put\u00e9 LFI Aymeric Caron (aujourd\u2019hui apparent\u00e9 au Nouveau front populaire) \u00e9tait parti au front et avait d\u00e9pos\u00e9 une proposition de loi visant \u00e0 abolir la corrida. Il avait finalement retir\u00e9 son texte.<\/p>\n\n\n\n<p class=\"\">Apr\u00e8s un premier examen ce mercredi, le S\u00e9nat a donn\u00e9 son premier feu rouge, indique l&rsquo;AFP, selon diverses sources parlementaires. Pour justifier le rejet, le rapporteur Horizons Louis Vogel a notamment \u00e9pingl\u00e9 les \u00absanctions p\u00e9nales disproportionn\u00e9es\u00bb contenues dans le texte, pouvant aller jusqu&rsquo;\u00e0 cinq ans d&#8217;emprisonnement et 75.000 euros d&rsquo;amende.<\/p>\n\n\n\n<p class=\"\">\u00abL&rsquo;intervention du l\u00e9gislateur dans les traditions locales reconnues comme l\u00e9gitimes ne peut se faire sans concertation avec les collectivit\u00e9s, qui r\u00e9glementent d\u00e9j\u00e0 les spectacles et le fonctionnement des \u00e9coles taurines\u00bb, a encore estim\u00e9 le s\u00e9nateur aupr\u00e8s de l&rsquo;AFP.<\/p>\n\n\n\n<p class=\"\">\u00abIl ne s&rsquo;agit pas l\u00e0 d&rsquo;un d\u00e9bat pour ou contre la corrida mais d&rsquo;une discussion juridique\u00bb, or \u00abil ne faut intervenir dans le cercle familial que d&rsquo;une main tremblante\u00bb, a-t-il ajout\u00e9.<\/p>\n\n\n\n<p class=\"\">Pour d\u00e9fendre cette nouvelle proposition de loi, les s\u00e9nateurs insistent sur les cons\u00e9quences de ces repr\u00e9sentations sur la psychologie de l\u2019enfant.<\/p>\n\n\n\n<p class=\"\">\u00abUn ensemble de psychiatres et psychologues fran\u00e7ais mettent ainsi en garde contre le traumatisme que peut g\u00e9n\u00e9rer le fait d\u2019assister \u00e0 des sc\u00e8nes violentes sous des applaudissements d\u2019adultes de confiance, aupr\u00e8s de qui il sera difficile de faire admettre la tristesse ou l\u2019anxi\u00e9t\u00e9 provoqu\u00e9es (\u2026)\u00bb, avait pr\u00e9cis\u00e9 Samantha Cazebonne dans un communiqu\u00e9 publi\u00e9 en octobre dernier.<\/p>\n","protected":false},"excerpt":{"rendered":"<p>Le S\u00e9nat a examin\u00e9 hier, en commission, la proposition de loi visant \u00e0 interdire la corrida et les combats de coqs en pr\u00e9sence de mineurs de moins de 16 ans. Cette derni\u00e8re avait \u00e9t\u00e9 d\u00e9pos\u00e9e le 27 mars dernier par les s\u00e9nateurs Samantha Cazebonne (Renaissance) et Arnaud Bazin (LR). Cela fait plus d\u2019une vingtaine d\u2019ann\u00e9es [&hellip;]<\/p>\n","protected":false},"author":2,"featured_media":31009,"comment_status":"open","ping_status":"open","sticky":false,"template":"","format":"standard","meta":{"_jetpack_memberships_contains_paid_content":false,"footnotes":"","jetpack_publicize_message":"","jetpack_publicize_feature_enabled":true,"jetpack_social_post_already_shared":true,"jetpack_social_options":{"image_generator_settings":{"template":"highway","enabled":true,"token":"eyJpbWciOiJodHRwczpcL1wvd3d3LmljZWFnZXR2LmNvbVwvcmFkaW9zaXRlXC93cC1jb250ZW50XC91cGxvYWRzXC8yMDI0XC8xMVwvTGEtY29ycmlkYS1iaWVudG90LWludGVyZGl0ZS1hdXgtbWluZXVycy1kZS1tb2lucy1kZS0xNi1hbnMuanBnIiwidHh0IjoiTGEgY29ycmlkYSBiaWVudFx1MDBmNHQgaW50ZXJkaXRlIGF1eCBtaW5ldXJzIGRlIG1vaW5zIGRlIDE2IGFucywgZW4gcmFpc29uIGRlcyAmIzgyMjA7cmlzcXVlcyBkZSB0cmF1bWF0aXNtZSYjODIyMTsgcG91ciBsZXMgcGx1cyBqZXVuZXMgPyBMZSBTXHUwMGU5bmF0IHJcdTAwZTlwb25kICYjODIyMDtub24mIzgyMjE7LCBwb3VyIGwmIzgyMTc7aW5zdGFudCwgYXByXHUwMGU4cyB1biBleGFtZW4gaGllciBlbiBjb21taXNzaW9uIGRlcyBsb2lzIiwidGVtcGxhdGUiOiJoaWdod2F5IiwiYmxvZ19pZCI6MTExMDE2NDYxfQ.Dyn_1hPlTuxSI2F2MxRi7aLSOEhyQupRpKAbZejkYSMMQ"},"version":2},"_wpas_customize_per_network":false},"categories":[405],"tags":[],"class_list":["post-31008","post","type-post","status-publish","format-standard","has-post-thumbnail","hentry","category-actu-france-monde"],"jetpack_publicize_connections":[],"jetpack_featured_media_url":"https:\/\/i0.wp.com\/www.iceagetv.com\/radiosite\/wp-content\/uploads\/2024\/11\/La-corrida-bientot-interdite-aux-mineurs-de-moins-de-16-ans.jpg?fit=679%2C293&ssl=1","jetpack_sharing_enabled":true,"_links":{"self":[{"href":"https:\/\/www.iceagetv.com\/radiosite\/wp-json\/wp\/v2\/posts\/31008","targetHints":{"allow":["GET"]}}],"collection":[{"href":"https:\/\/www.iceagetv.com\/radiosite\/wp-json\/wp\/v2\/posts"}],"about":[{"href":"https:\/\/www.iceagetv.com\/radiosite\/wp-json\/wp\/v2\/types\/post"}],"author":[{"embeddable":true,"href":"https:\/\/www.iceagetv.com\/radiosite\/wp-json\/wp\/v2\/users\/2"}],"replies":[{"embeddable":true,"href":"https:\/\/www.iceagetv.com\/radiosite\/wp-json\/wp\/v2\/comments?post=31008"}],"version-history":[{"count":1,"href":"https:\/\/www.iceagetv.com\/radiosite\/wp-json\/wp\/v2\/posts\/31008\/revisions"}],"predecessor-version":[{"id":31010,"href":"https:\/\/www.iceagetv.com\/radiosite\/wp-json\/wp\/v2\/posts\/31008\/revisions\/31010"}],"wp:featuredmedia":[{"embeddable":true,"href":"https:\/\/www.iceagetv.com\/radiosite\/wp-json\/wp\/v2\/media\/31009"}],"wp:attachment":[{"href":"https:\/\/www.iceagetv.com\/radiosite\/wp-json\/wp\/v2\/media?parent=31008"}],"wp:term":[{"taxonomy":"category","embeddable":true,"href":"https:\/\/www.iceagetv.com\/radiosite\/wp-json\/wp\/v2\/categories?post=31008"},{"taxonomy":"post_tag","embeddable":true,"href":"https:\/\/www.iceagetv.com\/radiosite\/wp-json\/wp\/v2\/tags?post=31008"}],"curies":[{"name":"wp","href":"https:\/\/api.w.org\/{rel}","templated":true}]}}