{"id":31018,"date":"2024-11-07T12:55:20","date_gmt":"2024-11-07T11:55:20","guid":{"rendered":"https:\/\/www.iceagetv.com\/radiosite\/?p=31018"},"modified":"2024-11-07T12:55:24","modified_gmt":"2024-11-07T11:55:24","slug":"luefa-nengagera-aucune-procedure-contre-le-psg-pour-la-banderole-pro-palestine-avec-un-combattant-palestinien-arme-et-israel-raye-de-la-carte-deployee-hier-soir-au-parc-des-princes","status":"publish","type":"post","link":"https:\/\/www.iceagetv.com\/radiosite\/luefa-nengagera-aucune-procedure-contre-le-psg-pour-la-banderole-pro-palestine-avec-un-combattant-palestinien-arme-et-israel-raye-de-la-carte-deployee-hier-soir-au-parc-des-princes\/","title":{"rendered":"L\u2019UEFA n\u2019engagera aucune proc\u00e9dure contre le PSG pour la banderole pro-Palestine, avec un combattant palestinien arm\u00e9 et Isra\u00ebl ray\u00e9 de la carte, d\u00e9ploy\u00e9e hier soir au Parc des Princes"},"content":{"rendered":"\n<p class=\"\"><strong>L&rsquo;UEFA n&rsquo;engagera aucune proc\u00e9dure contre le Paris SG pourle message pro-palestinien d\u00e9ploy\u00e9 mercredi soir&nbsp;par ses supporters avant le match de Ligue des champions contre l&rsquo;Atletico Madrid, a indiqu\u00e9 l&rsquo;instance jeudi \u00e0 l&rsquo;AFP.&nbsp;<\/strong>\u00abIl n&rsquo;y aura pas de cas disciplinaire puisque la banderole d\u00e9ploy\u00e9e ne peut pas \u00eatre consid\u00e9r\u00e9e comme provocatrice ou insultante dans ce cas pr\u00e9cis\u00bb, a pr\u00e9cis\u00e9 son porte-parole.<\/p>\n\n\n\n<p class=\"\">L&rsquo;article 16.4 du r\u00e8glement disciplinaire de l&rsquo;instance europ\u00e9enne permet de sanctionner&nbsp;\u00abtout message provocateur inadapt\u00e9 \u00e0 un \u00e9v\u00e9nement sportif\u00bb, notamment&nbsp;\u00abtout message provocateur de nature politique, id\u00e9ologique, religieuse ou insultante\u00bb.<\/p>\n\n\n\n<p class=\"\">Il ne bannit donc pas toutes les proclamations politiques des enceintes de football, mais uniquement celles jug\u00e9es\u00a0\u00abprovocatrices\u00bb\u00a0ou offensantes, un crit\u00e8re par exemple appliqu\u00e9 aux banderoles et chants homophobes, ainsi qu&rsquo;aux cris de singe des supporters hongrois pendant l&rsquo;Euro-2020.<strong>Le collectif des Ultras parisiens a d\u00e9ploy\u00e9 hier soir au Parc des Princes, lors du match de Ligue des champions entre le PSG et l\u2019Atl\u00e9tico Madrid, une \u00e9norme banderole avec un drapeau palestinien, un combattant palestinien masqu\u00e9 qui pourrait \u00eatre terroriste du Hamas masqu\u00e9 et Isra\u00ebl disparu recouvert par un Keffieh.<\/strong><\/p>\n\n\n\n<p class=\"\">Tr\u00e8s vite, le pr\u00e9sident du Conseil repr\u00e9sentatif des institutions juives de France (Crif) a r\u00e9agi sur X. \u00ab Scandaleuse banderole ce soir au Parc des Princes !<\/p>\n\n\n\n<p class=\"\">Une carte o\u00f9 l\u2019\u00c9tat d\u2019Isra\u00ebl n\u2019existe plus. Un combattant palestinien masqu\u00e9. Ce n\u2019est pas un message de paix mais un appel \u00e0 la haine. Les auteurs de cette banderole doivent \u00eatre sanctionn\u00e9s ! Intol\u00e9rable ! \u00bb, a d\u00e9nonc\u00e9 Yonathan Arfi.<\/p>\n\n\n\n<p class=\"\">Pour m\u00e9moire, le r\u00e8glement de l\u2019UEFA interdit tout message politique dans les enceintes sportives..<\/p>\n\n\n\n<p class=\"\">Nos confr\u00e8res du Figaro s\u2019interrogent ce matin :<\/p>\n\n\n\n<p class=\"\">\u00ab\u00a0Si les dirigeants du PSG, dont le propri\u00e9taire est le Qatar, avancent qu\u2019ils n\u2019\u00e9taient pas au courant, comment les croire ? La pol\u00e9mique est totale.&nbsp;Les questions nombreuses. Aux int\u00e9ress\u00e9s d\u2019assumer et de s\u2019expliquer. \u00ab\u00a0<\/p>\n\n\n\n<p class=\"\">Cette op\u00e9ration d\u2019envergure intervient alors que l\u2019\u00e9quipe de France doit recevoir Isra\u00ebl le 14 novembre et que le conflit au Proche-Orient dure depuis maintenant plus d\u2019un an. Le sort des civils palestiniens inqui\u00e8te au plus haut point.\u00a0\u00bb<\/p>\n","protected":false},"excerpt":{"rendered":"<p>L&rsquo;UEFA n&rsquo;engagera aucune proc\u00e9dure contre le Paris SG pourle message pro-palestinien d\u00e9ploy\u00e9 mercredi soir&nbsp;par ses supporters avant le match de Ligue des champions contre l&rsquo;Atletico Madrid, a indiqu\u00e9 l&rsquo;instance jeudi \u00e0 l&rsquo;AFP.&nbsp;\u00abIl n&rsquo;y aura pas de cas disciplinaire puisque la banderole d\u00e9ploy\u00e9e ne peut pas \u00eatre consid\u00e9r\u00e9e comme provocatrice ou insultante dans ce cas pr\u00e9cis\u00bb, [&hellip;]<\/p>\n","protected":false},"author":2,"featured_media":31020,"comment_status":"open","ping_status":"open","sticky":false,"template":"","format":"standard","meta":{"_jetpack_memberships_contains_paid_content":false,"footnotes":"","jetpack_publicize_message":"","jetpack_publicize_feature_enabled":true,"jetpack_social_post_already_shared":true,"jetpack_social_options":{"image_generator_settings":{"template":"highway","enabled":true,"token":"eyJpbWciOiJodHRwczpcL1wvd3d3LmljZWFnZXR2LmNvbVwvcmFkaW9zaXRlXC93cC1jb250ZW50XC91cGxvYWRzXC8yMDI0XC8xMVwvTFVFRkEtbmVuZ2FnZXJhLWF1Y3VuZS1wcm9jZWR1cmUtY29udHJlLWxlLVBTRy1wb3VyLWxhLWJhbmRlcm9sZS1wcm8tUGFsZXN0aW5lLmpwZyIsInR4dCI6IkxcdTIwMTlVRUZBIG5cdTIwMTllbmdhZ2VyYSBhdWN1bmUgcHJvY1x1MDBlOWR1cmUgY29udHJlIGxlIFBTRyBwb3VyIGxhIGJhbmRlcm9sZSBwcm8tUGFsZXN0aW5lLCBhdmVjIHVuIGNvbWJhdHRhbnQgcGFsZXN0aW5pZW4gYXJtXHUwMGU5IGV0IElzcmFcdTAwZWJsIHJheVx1MDBlOSBkZSBsYSBjYXJ0ZSwgZFx1MDBlOXBsb3lcdTAwZTllIGhpZXIgc29pciBhdSBQYXJjIGRlcyBQcmluY2VzIiwidGVtcGxhdGUiOiJoaWdod2F5IiwiYmxvZ19pZCI6MTExMDE2NDYxfQ.ipl16bQlnOBwN-GD4Nmz__Ja4KpnoRvEaXB5ED9cEUoMQ"},"version":2},"_wpas_customize_per_network":false},"categories":[405],"tags":[],"class_list":["post-31018","post","type-post","status-publish","format-standard","has-post-thumbnail","hentry","category-actu-france-monde"],"jetpack_publicize_connections":[],"jetpack_featured_media_url":"https:\/\/i0.wp.com\/www.iceagetv.com\/radiosite\/wp-content\/uploads\/2024\/11\/LUEFA-nengagera-aucune-procedure-contre-le-PSG-pour-la-banderole-pro-Palestine.jpg?fit=679%2C293&ssl=1","jetpack_sharing_enabled":true,"_links":{"self":[{"href":"https:\/\/www.iceagetv.com\/radiosite\/wp-json\/wp\/v2\/posts\/31018","targetHints":{"allow":["GET"]}}],"collection":[{"href":"https:\/\/www.iceagetv.com\/radiosite\/wp-json\/wp\/v2\/posts"}],"about":[{"href":"https:\/\/www.iceagetv.com\/radiosite\/wp-json\/wp\/v2\/types\/post"}],"author":[{"embeddable":true,"href":"https:\/\/www.iceagetv.com\/radiosite\/wp-json\/wp\/v2\/users\/2"}],"replies":[{"embeddable":true,"href":"https:\/\/www.iceagetv.com\/radiosite\/wp-json\/wp\/v2\/comments?post=31018"}],"version-history":[{"count":1,"href":"https:\/\/www.iceagetv.com\/radiosite\/wp-json\/wp\/v2\/posts\/31018\/revisions"}],"predecessor-version":[{"id":31021,"href":"https:\/\/www.iceagetv.com\/radiosite\/wp-json\/wp\/v2\/posts\/31018\/revisions\/31021"}],"wp:featuredmedia":[{"embeddable":true,"href":"https:\/\/www.iceagetv.com\/radiosite\/wp-json\/wp\/v2\/media\/31020"}],"wp:attachment":[{"href":"https:\/\/www.iceagetv.com\/radiosite\/wp-json\/wp\/v2\/media?parent=31018"}],"wp:term":[{"taxonomy":"category","embeddable":true,"href":"https:\/\/www.iceagetv.com\/radiosite\/wp-json\/wp\/v2\/categories?post=31018"},{"taxonomy":"post_tag","embeddable":true,"href":"https:\/\/www.iceagetv.com\/radiosite\/wp-json\/wp\/v2\/tags?post=31018"}],"curies":[{"name":"wp","href":"https:\/\/api.w.org\/{rel}","templated":true}]}}