{"id":31027,"date":"2024-11-07T17:28:41","date_gmt":"2024-11-07T16:28:41","guid":{"rendered":"https:\/\/www.iceagetv.com\/radiosite\/?p=31027"},"modified":"2024-11-07T17:28:45","modified_gmt":"2024-11-07T16:28:45","slug":"une-enquete-portant-sur-des-faits-de-harcelement-sexuel-aggrave-est-ouverte-contre-le-chanteur-slimane-annonce-le-procureur-de-la-republique-de-saint-etienne-apres-une-plainte-dun-technicien-de","status":"publish","type":"post","link":"https:\/\/www.iceagetv.com\/radiosite\/une-enquete-portant-sur-des-faits-de-harcelement-sexuel-aggrave-est-ouverte-contre-le-chanteur-slimane-annonce-le-procureur-de-la-republique-de-saint-etienne-apres-une-plainte-dun-technicien-de\/","title":{"rendered":"Une enqu\u00eate \u00ab\u00a0portant sur des faits de harc\u00e8lement sexuel aggrav\u00e9\u00a0\u00bb est ouverte contre le chanteur Slimane, annonce le procureur de la R\u00e9publique de Saint-\u00c9tienne apr\u00e8s une plainte d&rsquo;un technicien de sa tourn\u00e9e"},"content":{"rendered":"\n<p class=\"\">Dans un communiqu\u00e9, le procureur de la R\u00e9publique de Saint-Etienne annonce avoir ouvert une enqu\u00eate \u00ab\u00a0portant sur des faits de harc\u00e8lement sexuel aggrav\u00e9 par l&rsquo;utilisation d&rsquo;un support num\u00e9rique ou \u00e9lectronique\u00a0\u00bb contre le chanteur Slimane. Cette enqu\u00eate a \u00e9t\u00e9 confi\u00e9e \u00e0 la Division de la Criminalit\u00e9 Organis\u00e9e et Sp\u00e9cialis\u00e9e de la Direction Interd\u00e9partementale de la Police Nationale de la Loire<\/p>\n\n\n\n<p class=\"\">Le chanteur Slimane fait l\u2019objet d\u2019une plainte pour harc\u00e8lement sexuel, d\u00e9pos\u00e9e par un technicien qui a travaill\u00e9 sur la tourn\u00e9e de l\u2019artiste lors d\u2019un concert \u00e0 Saint-Etienne, a fait savoir mardi 29&nbsp;octobre le parquet de la ville.<\/p>\n\n\n\n<p class=\"\">La plainte \u00e9mane d\u2019une&nbsp;\u00ab&nbsp;avocate repr\u00e9sentant un technicien du spectacle qui d\u00e9clare avoir \u00e9t\u00e9 victime de harc\u00e8lement sexuel de la part du chanteur Slimane, en d\u00e9cembre&nbsp;2023, \u00e0 l\u2019occasion d\u2019un concert au Z\u00e9nith de Saint-Etienne&nbsp;\u00bb, a expliqu\u00e9 le procureur de Saint-Etienne David Charmatz, qui confirmait une information du&nbsp;Parisien.<\/p>\n\n\n\n<p class=\"\">Le magistrat est&nbsp;\u00ab&nbsp;en attente d\u2019\u00e9l\u00e9ments de preuve, sous forme de divers enregistrements, que cette avocate a annonc\u00e9 d\u00e9tenir et doit (lui) faire parvenir&nbsp;\u00bb, pour d\u00e9cider de l\u2019\u00e9ventuelle ouverture d\u2019une enqu\u00eate pr\u00e9liminaire, a-t-il ajout\u00e9.<\/p>\n\n\n\n<p class=\"\">Slimane, 35&nbsp;ans, est en tourn\u00e9e pour son&nbsp;Cupidon tour. Au mois de mai, il avait pris la quatri\u00e8me place de&nbsp;l\u2019Eurovision&nbsp;avec sa chanson&nbsp;Mon amour.<\/p>\n","protected":false},"excerpt":{"rendered":"<p>Dans un communiqu\u00e9, le procureur de la R\u00e9publique de Saint-Etienne annonce avoir ouvert une enqu\u00eate \u00ab\u00a0portant sur des faits de harc\u00e8lement sexuel aggrav\u00e9 par l&rsquo;utilisation d&rsquo;un support num\u00e9rique ou \u00e9lectronique\u00a0\u00bb contre le chanteur Slimane. Cette enqu\u00eate a \u00e9t\u00e9 confi\u00e9e \u00e0 la Division de la Criminalit\u00e9 Organis\u00e9e et Sp\u00e9cialis\u00e9e de la Direction Interd\u00e9partementale de la Police [&hellip;]<\/p>\n","protected":false},"author":2,"featured_media":30889,"comment_status":"open","ping_status":"open","sticky":false,"template":"","format":"standard","meta":{"_jetpack_memberships_contains_paid_content":false,"footnotes":"","jetpack_publicize_message":"","jetpack_publicize_feature_enabled":true,"jetpack_social_post_already_shared":true,"jetpack_social_options":{"image_generator_settings":{"template":"highway","enabled":true,"token":"eyJpbWciOiJodHRwczpcL1wvd3d3LmljZWFnZXR2LmNvbVwvcmFkaW9zaXRlXC93cC1jb250ZW50XC91cGxvYWRzXC8yMDI0XC8xMVwvRW4tcGxlaW5lLXRvdXJtZW50ZS1hcHJlcy1kZXMtYWNjdXNhdGlvbnMtZGUtaGFyY2VsZW1lbnQtU2xpbWFuZS5qcGciLCJ0eHQiOiJVbmUgZW5xdVx1MDBlYXRlICYjODIyMDtwb3J0YW50IHN1ciBkZXMgZmFpdHMgZGUgaGFyY1x1MDBlOGxlbWVudCBzZXh1ZWwgYWdncmF2XHUwMGU5JiM4MjIxOyBlc3Qgb3V2ZXJ0ZSBjb250cmUgbGUgY2hhbnRldXIgU2xpbWFuZSwgYW5ub25jZSBsZSBwcm9jdXJldXIgZGUgbGEgUlx1MDBlOXB1YmxpcXVlIGRlIFNhaW50LVx1MDBjOXRpZW5uZSBhcHJcdTAwZThzIHVuZSBwbGFpbnRlIGQmIzgyMTc7dW4gdGVjaG5pY2llbiBkZSBzYSB0b3Vyblx1MDBlOWUiLCJ0ZW1wbGF0ZSI6ImhpZ2h3YXkiLCJibG9nX2lkIjoxMTEwMTY0NjF9.Mu5jF7cT2Nvc6cB_JOQvP_4NLKOGE-X9z0QnQLqVi3UMQ"},"version":2},"_wpas_customize_per_network":false},"categories":[405],"tags":[],"class_list":["post-31027","post","type-post","status-publish","format-standard","has-post-thumbnail","hentry","category-actu-france-monde"],"jetpack_publicize_connections":[],"jetpack_featured_media_url":"https:\/\/i0.wp.com\/www.iceagetv.com\/radiosite\/wp-content\/uploads\/2024\/11\/En-pleine-tourmente-apres-des-accusations-de-harcelement-Slimane.jpg?fit=679%2C293&ssl=1","jetpack_sharing_enabled":true,"_links":{"self":[{"href":"https:\/\/www.iceagetv.com\/radiosite\/wp-json\/wp\/v2\/posts\/31027","targetHints":{"allow":["GET"]}}],"collection":[{"href":"https:\/\/www.iceagetv.com\/radiosite\/wp-json\/wp\/v2\/posts"}],"about":[{"href":"https:\/\/www.iceagetv.com\/radiosite\/wp-json\/wp\/v2\/types\/post"}],"author":[{"embeddable":true,"href":"https:\/\/www.iceagetv.com\/radiosite\/wp-json\/wp\/v2\/users\/2"}],"replies":[{"embeddable":true,"href":"https:\/\/www.iceagetv.com\/radiosite\/wp-json\/wp\/v2\/comments?post=31027"}],"version-history":[{"count":1,"href":"https:\/\/www.iceagetv.com\/radiosite\/wp-json\/wp\/v2\/posts\/31027\/revisions"}],"predecessor-version":[{"id":31028,"href":"https:\/\/www.iceagetv.com\/radiosite\/wp-json\/wp\/v2\/posts\/31027\/revisions\/31028"}],"wp:featuredmedia":[{"embeddable":true,"href":"https:\/\/www.iceagetv.com\/radiosite\/wp-json\/wp\/v2\/media\/30889"}],"wp:attachment":[{"href":"https:\/\/www.iceagetv.com\/radiosite\/wp-json\/wp\/v2\/media?parent=31027"}],"wp:term":[{"taxonomy":"category","embeddable":true,"href":"https:\/\/www.iceagetv.com\/radiosite\/wp-json\/wp\/v2\/categories?post=31027"},{"taxonomy":"post_tag","embeddable":true,"href":"https:\/\/www.iceagetv.com\/radiosite\/wp-json\/wp\/v2\/tags?post=31027"}],"curies":[{"name":"wp","href":"https:\/\/api.w.org\/{rel}","templated":true}]}}