{"id":31031,"date":"2024-11-07T18:14:00","date_gmt":"2024-11-07T17:14:00","guid":{"rendered":"https:\/\/www.iceagetv.com\/radiosite\/?p=31031"},"modified":"2024-11-07T18:14:04","modified_gmt":"2024-11-07T17:14:04","slug":"israel-deux-gendarmes-francais-arretes-a-jerusalem-sur-un-site-gere-par-la-france-avant-detre-relaches","status":"publish","type":"post","link":"https:\/\/www.iceagetv.com\/radiosite\/israel-deux-gendarmes-francais-arretes-a-jerusalem-sur-un-site-gere-par-la-france-avant-detre-relaches\/","title":{"rendered":"Isra\u00ebl: deux gendarmes fran\u00e7ais arr\u00eat\u00e9s \u00e0 J\u00e9rusalem sur un site g\u00e9r\u00e9 par la France avant d&rsquo;\u00eatre rel\u00e2ch\u00e9s"},"content":{"rendered":"\n<p class=\"\">Deux gendarmes fran\u00e7ais ont \u00e9t\u00e9 arr\u00eat\u00e9s par la police isra\u00e9lienne dans l&rsquo;enceinte d&rsquo;un site g\u00e9r\u00e9 par la France \u00e0 J\u00e9rusalem, en marge d&rsquo;une visite du ministre des Affaires \u00e9trang\u00e8res Jean-No\u00ebl Barrot.<\/p>\n\n\n\n<p class=\"\">De fortes tensions franco-isra\u00e9liennes \u00e0 J\u00e9rusalem. Deux gendarmes fran\u00e7ais ont \u00e9t\u00e9 arr\u00eat\u00e9s par la police isra\u00e9lienne avant d&rsquo;\u00eatre rel\u00e2ch\u00e9s quelques minutes plus tard, ce jeudi 7 novembre, a appris BFMTV d&rsquo;une source proche du dossier.<\/p>\n\n\n\n<p class=\"\">Les faits se sont produits sur le Mont des Oliviers dans un site g\u00e9r\u00e9 par la France. Deux policiers isra\u00e9liens se sont pr\u00e9sent\u00e9s arm\u00e9s au pied de cette emprise fran\u00e7aise, en violation des r\u00e8gles diplomatiques.Deux gardes de s\u00e9curit\u00e9 diplomatique (GSD) fran\u00e7ais, une fonction occup\u00e9e par des policiers et des gendarmes, ont \u00e9t\u00e9 bri\u00e8vement conduits dans un commissariat isra\u00e9lien puis rel\u00e2ch\u00e9s au bout de quelques minutes apr\u00e8s v\u00e9rification des images et vid\u00e9os en leur possession.Cet incident s&rsquo;est produit en marge de la visite \u00e0 J\u00e9rusalem du ministre fran\u00e7ais des Affaires \u00e9trang\u00e8res\u00a0<strong><a href=\"https:\/\/www.bfmtv.com\/international\/moyen-orient\/israel\/guerre-au-proche-orient-jean-noel-barrot-va-se-rendre-en-israel-ce-mercerdi-soir_AN-202411050340.html\">Jean-No\u00ebl Barrot<\/a><\/strong><\/p>\n","protected":false},"excerpt":{"rendered":"<p>Deux gendarmes fran\u00e7ais ont \u00e9t\u00e9 arr\u00eat\u00e9s par la police isra\u00e9lienne dans l&rsquo;enceinte d&rsquo;un site g\u00e9r\u00e9 par la France \u00e0 J\u00e9rusalem, en marge d&rsquo;une visite du ministre des Affaires \u00e9trang\u00e8res Jean-No\u00ebl Barrot. De fortes tensions franco-isra\u00e9liennes \u00e0 J\u00e9rusalem. Deux gendarmes fran\u00e7ais ont \u00e9t\u00e9 arr\u00eat\u00e9s par la police isra\u00e9lienne avant d&rsquo;\u00eatre rel\u00e2ch\u00e9s quelques minutes plus tard, ce [&hellip;]<\/p>\n","protected":false},"author":2,"featured_media":31032,"comment_status":"open","ping_status":"open","sticky":false,"template":"","format":"standard","meta":{"_jetpack_memberships_contains_paid_content":false,"footnotes":"","jetpack_publicize_message":"","jetpack_publicize_feature_enabled":true,"jetpack_social_post_already_shared":true,"jetpack_social_options":{"image_generator_settings":{"template":"highway","enabled":true,"token":"eyJpbWciOiJodHRwczpcL1wvd3d3LmljZWFnZXR2LmNvbVwvcmFkaW9zaXRlXC93cC1jb250ZW50XC91cGxvYWRzXC8yMDI0XC8xMVwvSXNyYWVsLWRldXgtZ2VuZGFybWVzLWZyYW5jYWlzLWFycmV0ZXMtYS1KZXJ1c2FsZW0tc3VyLXVuLXNpdGUtZ2VyZS1wYXItbGEtRnJhbmNlLWF2YW50LWRldHJlLXJlbGFjaGVzLmpwZyIsInR4dCI6IklzcmFcdTAwZWJsOiBkZXV4IGdlbmRhcm1lcyBmcmFuXHUwMGU3YWlzIGFyclx1MDBlYXRcdTAwZTlzIFx1MDBlMCBKXHUwMGU5cnVzYWxlbSBzdXIgdW4gc2l0ZSBnXHUwMGU5clx1MDBlOSBwYXIgbGEgRnJhbmNlIGF2YW50IGQmIzgyMTc7XHUwMGVhdHJlIHJlbFx1MDBlMmNoXHUwMGU5cyIsInRlbXBsYXRlIjoiaGlnaHdheSIsImJsb2dfaWQiOjExMTAxNjQ2MX0.lEvLHhvaTEbKqi6XG6VzyL-90p8Z71JTCc34wyM_7X4MQ"},"version":2},"_wpas_customize_per_network":false},"categories":[405],"tags":[],"class_list":["post-31031","post","type-post","status-publish","format-standard","has-post-thumbnail","hentry","category-actu-france-monde"],"jetpack_publicize_connections":[],"jetpack_featured_media_url":"https:\/\/i0.wp.com\/www.iceagetv.com\/radiosite\/wp-content\/uploads\/2024\/11\/Israel-deux-gendarmes-francais-arretes-a-Jerusalem-sur-un-site-gere-par-la-France-avant-detre-relaches.jpg?fit=763%2C425&ssl=1","jetpack_sharing_enabled":true,"_links":{"self":[{"href":"https:\/\/www.iceagetv.com\/radiosite\/wp-json\/wp\/v2\/posts\/31031","targetHints":{"allow":["GET"]}}],"collection":[{"href":"https:\/\/www.iceagetv.com\/radiosite\/wp-json\/wp\/v2\/posts"}],"about":[{"href":"https:\/\/www.iceagetv.com\/radiosite\/wp-json\/wp\/v2\/types\/post"}],"author":[{"embeddable":true,"href":"https:\/\/www.iceagetv.com\/radiosite\/wp-json\/wp\/v2\/users\/2"}],"replies":[{"embeddable":true,"href":"https:\/\/www.iceagetv.com\/radiosite\/wp-json\/wp\/v2\/comments?post=31031"}],"version-history":[{"count":1,"href":"https:\/\/www.iceagetv.com\/radiosite\/wp-json\/wp\/v2\/posts\/31031\/revisions"}],"predecessor-version":[{"id":31033,"href":"https:\/\/www.iceagetv.com\/radiosite\/wp-json\/wp\/v2\/posts\/31031\/revisions\/31033"}],"wp:featuredmedia":[{"embeddable":true,"href":"https:\/\/www.iceagetv.com\/radiosite\/wp-json\/wp\/v2\/media\/31032"}],"wp:attachment":[{"href":"https:\/\/www.iceagetv.com\/radiosite\/wp-json\/wp\/v2\/media?parent=31031"}],"wp:term":[{"taxonomy":"category","embeddable":true,"href":"https:\/\/www.iceagetv.com\/radiosite\/wp-json\/wp\/v2\/categories?post=31031"},{"taxonomy":"post_tag","embeddable":true,"href":"https:\/\/www.iceagetv.com\/radiosite\/wp-json\/wp\/v2\/tags?post=31031"}],"curies":[{"name":"wp","href":"https:\/\/api.w.org\/{rel}","templated":true}]}}