{"id":31036,"date":"2024-11-08T06:46:29","date_gmt":"2024-11-08T05:46:29","guid":{"rendered":"https:\/\/www.iceagetv.com\/radiosite\/?p=31036"},"modified":"2024-11-08T06:46:33","modified_gmt":"2024-11-08T05:46:33","slug":"amsterdam-des-supporters-israeliens-pris-en-chasse-et-frappes-aux-cris-de-free-palestine-par-des-assaillants-masques-lors-de-graves-accidents-israel-envoie-deux-avions-pour-leur-porter-sec","status":"publish","type":"post","link":"https:\/\/www.iceagetv.com\/radiosite\/amsterdam-des-supporters-israeliens-pris-en-chasse-et-frappes-aux-cris-de-free-palestine-par-des-assaillants-masques-lors-de-graves-accidents-israel-envoie-deux-avions-pour-leur-porter-sec\/","title":{"rendered":"Amsterdam : Des supporters isra\u00e9liens pris en chasse et frapp\u00e9s aux cris de \u00ab\u00a0Free Palestine\u00a0\u00bb par des assaillants masqu\u00e9s lors de \u00ab\u00a0graves accidents\u00a0\u00bb &#8211; Isra\u00ebl envoie deux avions pour leur porter secours"},"content":{"rendered":"\n<p class=\"\"><strong>Le Premier ministre isra\u00e9lien, Benjamin Netanyahu, a \u00e9t\u00e9 inform\u00e9 d&rsquo;un \u00ab\u00a0incident tr\u00e8s violent\u00a0\u00bb visant des ressortissants isra\u00e9liens \u00e0 Amsterdam, aux Pays-Bas, a annonc\u00e9 vendredi son cabinet.<\/strong>&nbsp;Benjamin Netanyahu a d\u00e9p\u00each\u00e9 deux avions sur place afin de porter assistance aux ressortissants isra\u00e9liens, \u00e9tait-il indiqu\u00e9 dans un communiqu\u00e9.<\/p>\n\n\n\n<p class=\"\"><strong>Le minist\u00e8re isra\u00e9lien de la S\u00e9curit\u00e9 nationale a appel\u00e9 les ressortissants isra\u00e9liens se trouvant \u00e0 Amsterdam \u00e0 rester dans leurs chambres d&rsquo;h\u00f4tel<\/strong>\u00a0apr\u00e8s les attaques, a d\u00e9clar\u00e9 le cabinet de Benjamin Netanyahu dans un communiqu\u00e9 distinct. \u00ab\u00a0Des fans qui \u00e9taient all\u00e9s assister \u00e0 un match de football ont \u00e9t\u00e9 confront\u00e9s \u00e0 l&rsquo;antis\u00e9mitisme et ont \u00e9t\u00e9 attaqu\u00e9s avec une cruaut\u00e9 inimaginable simplement parce qu&rsquo;ils \u00e9taient juifs et Isra\u00e9liens\u00a0\u00bb, a dit le ministre de la S\u00e9curit\u00e9 nationale Itamar Ben-Gvir.<\/p>\n\n\n\n<p class=\"\"><strong>Le ministre isra\u00e9lien des Sports, Gideon Saar, a demand\u00e9 au gouvernement n\u00e9erlandais d&rsquo;aider les ressortissants isra\u00e9liens \u00e0 se rendre \u00e0 l&rsquo;a\u00e9roport en toute s\u00e9curit\u00e9<\/strong>, a-t-il dit vendredi \u00e0 son homologue n\u00e9erlandais, Caspar Veldkamp.<\/p>\n\n\n\n<p class=\"\"><strong>Plusieurs supporters du club de football Maccabi Tel Aviv ont \u00e9t\u00e9 attaqu\u00e9s cette nuit dans les rues d\u2019Amsterdam apr\u00e8s la d\u00e9faite de l\u2019\u00e9quipe de football isra\u00e9lienne contre le club local de l\u2019Ajax. Dans la nuit de vendredi, des vid\u00e9os publi\u00e9es sur les r\u00e9seaux sociaux montraient selon le journal \u00abdes agressions brutales par des assaillants masqu\u00e9s, dont certains portaient des drapeaux palestiniens et criaient \u201cLib\u00e9rez la Palestine!\u201d\u00bb<\/strong><\/p>\n\n\n\n<p class=\"\">Selon Haaretz, une dizaine de supporters isra\u00e9liens auraient \u00e9t\u00e9 bless\u00e9s, et le contact aurait \u00e9t\u00e9 perdu avec deux autres. Le quotidien isra\u00e9lien Maariv, qui a recueilli des t\u00e9moignages sur place de supporters, \u00e9voque de son c\u00f4t\u00e9 des \u00abembuscades planifi\u00e9es\u00bb, qui auraient \u00e9t\u00e9 tendues par des individus s\u2019exprimant en langue arabe.<\/p>\n\n\n\n<p class=\"\">Un t\u00e9moin cit\u00e9 par le journal explique qu\u2019un de ses amis a \u00e9t\u00e9 enlev\u00e9. \u00abJ\u2019ai appel\u00e9 sur son t\u00e9l\u00e9phone et les Arabes ont r\u00e9pondu\u00bb, a-t-il expliqu\u00e9. Toujours selon Maariv, qui n\u2019h\u00e9site pas \u00e0 parler de \u00abpogrom\u00bb, plusieurs autres tentatives d\u2019enl\u00e8vements auraient \u00e9t\u00e9 rapport\u00e9es, ainsi que des attaques \u00e0 l\u2019arme blanche et \u00e0 la voiture b\u00e9lier.<\/p>\n","protected":false},"excerpt":{"rendered":"<p>Le Premier ministre isra\u00e9lien, Benjamin Netanyahu, a \u00e9t\u00e9 inform\u00e9 d&rsquo;un \u00ab\u00a0incident tr\u00e8s violent\u00a0\u00bb visant des ressortissants isra\u00e9liens \u00e0 Amsterdam, aux Pays-Bas, a annonc\u00e9 vendredi son cabinet.&nbsp;Benjamin Netanyahu a d\u00e9p\u00each\u00e9 deux avions sur place afin de porter assistance aux ressortissants isra\u00e9liens, \u00e9tait-il indiqu\u00e9 dans un communiqu\u00e9. Le minist\u00e8re isra\u00e9lien de la S\u00e9curit\u00e9 nationale a appel\u00e9 les [&hellip;]<\/p>\n","protected":false},"author":2,"featured_media":31037,"comment_status":"open","ping_status":"open","sticky":false,"template":"","format":"standard","meta":{"_jetpack_memberships_contains_paid_content":false,"footnotes":"","jetpack_publicize_message":"","jetpack_publicize_feature_enabled":true,"jetpack_social_post_already_shared":true,"jetpack_social_options":{"image_generator_settings":{"template":"highway","enabled":true,"token":"eyJpbWciOiJodHRwczpcL1wvd3d3LmljZWFnZXR2LmNvbVwvcmFkaW9zaXRlXC93cC1jb250ZW50XC91cGxvYWRzXC8yMDI0XC8xMVwvYW1zdGVyZGFtX3NkXzAuanBnIiwidHh0IjoiQW1zdGVyZGFtIDogRGVzIHN1cHBvcnRlcnMgaXNyYVx1MDBlOWxpZW5zIHByaXMgZW4gY2hhc3NlIGV0IGZyYXBwXHUwMGU5cyBhdXggY3JpcyBkZSAmIzgyMjA7RnJlZSBQYWxlc3RpbmUmIzgyMjE7IHBhciBkZXMgYXNzYWlsbGFudHMgbWFzcXVcdTAwZTlzIGxvcnMgZGUgJiM4MjIwO2dyYXZlcyBhY2NpZGVudHMmIzgyMjE7ICYjODIxMTsgSXNyYVx1MDBlYmwgZW52b2llIGRldXggYXZpb25zIHBvdXIgbGV1ciBwb3J0ZXIgc2Vjb3VycyIsInRlbXBsYXRlIjoiaGlnaHdheSIsImJsb2dfaWQiOjExMTAxNjQ2MX0.mZrAOYvjFin3mhzGjVvjVMGB6dokXxDY2tfXdKPR290MQ"},"version":2},"_wpas_customize_per_network":false},"categories":[405],"tags":[],"class_list":["post-31036","post","type-post","status-publish","format-standard","has-post-thumbnail","hentry","category-actu-france-monde"],"jetpack_publicize_connections":[],"jetpack_featured_media_url":"https:\/\/i0.wp.com\/www.iceagetv.com\/radiosite\/wp-content\/uploads\/2024\/11\/amsterdam_sd_0.jpg?fit=920%2C397&ssl=1","jetpack_sharing_enabled":true,"_links":{"self":[{"href":"https:\/\/www.iceagetv.com\/radiosite\/wp-json\/wp\/v2\/posts\/31036","targetHints":{"allow":["GET"]}}],"collection":[{"href":"https:\/\/www.iceagetv.com\/radiosite\/wp-json\/wp\/v2\/posts"}],"about":[{"href":"https:\/\/www.iceagetv.com\/radiosite\/wp-json\/wp\/v2\/types\/post"}],"author":[{"embeddable":true,"href":"https:\/\/www.iceagetv.com\/radiosite\/wp-json\/wp\/v2\/users\/2"}],"replies":[{"embeddable":true,"href":"https:\/\/www.iceagetv.com\/radiosite\/wp-json\/wp\/v2\/comments?post=31036"}],"version-history":[{"count":1,"href":"https:\/\/www.iceagetv.com\/radiosite\/wp-json\/wp\/v2\/posts\/31036\/revisions"}],"predecessor-version":[{"id":31038,"href":"https:\/\/www.iceagetv.com\/radiosite\/wp-json\/wp\/v2\/posts\/31036\/revisions\/31038"}],"wp:featuredmedia":[{"embeddable":true,"href":"https:\/\/www.iceagetv.com\/radiosite\/wp-json\/wp\/v2\/media\/31037"}],"wp:attachment":[{"href":"https:\/\/www.iceagetv.com\/radiosite\/wp-json\/wp\/v2\/media?parent=31036"}],"wp:term":[{"taxonomy":"category","embeddable":true,"href":"https:\/\/www.iceagetv.com\/radiosite\/wp-json\/wp\/v2\/categories?post=31036"},{"taxonomy":"post_tag","embeddable":true,"href":"https:\/\/www.iceagetv.com\/radiosite\/wp-json\/wp\/v2\/tags?post=31036"}],"curies":[{"name":"wp","href":"https:\/\/api.w.org\/{rel}","templated":true}]}}