{"id":3105,"date":"2015-10-16T14:48:06","date_gmt":"2015-10-16T14:48:06","guid":{"rendered":"http:\/\/www.iceagetv.com\/radiosite\/?p=3105"},"modified":"2015-10-16T14:48:06","modified_gmt":"2015-10-16T14:48:06","slug":"regionales-2015-le-drian-officialise-sa-candidature-a-la-tete-de-la-bretagne","status":"publish","type":"post","link":"https:\/\/www.iceagetv.com\/radiosite\/regionales-2015-le-drian-officialise-sa-candidature-a-la-tete-de-la-bretagne\/","title":{"rendered":"R\u00e9gionales 2015 : Le Drian officialise sa candidature \u00e0 la t\u00eate de la Bretagne"},"content":{"rendered":"<p>\n\tLe ministre a pr&eacute;cis&eacute; que, en cas de victoire, Fran&ccedil;ois Hollande d&eacute;ciderait s&#39;il continue ou non &agrave; exercer ses fonctions &agrave; la D&eacute;fenseDepuis le d&eacute;but de la semaine, les journalistes n&#39;utilisaient d&eacute;j&agrave; plus le conditionnel.Ses proches avaient l&acirc;ch&eacute; le morceau d&egrave;s mercredi. Vendredi, &agrave; Guidel, pr&egrave;s de son fief de Lorient, devant ses militants,&nbsp;Jean-Yves Le Drian&nbsp;a officialis&eacute; ce que tout le monde savait : il sera bien candidat &agrave; la pr&eacute;sidence de la r&eacute;gion Bretagne, assurant en plus qu&#39;il exercera bien le mandat s&#39;il est &eacute;lu. &quot;Si les Bretonnes et les Bretons m&#39;accordent leur confiance, je serai et resterai pr&eacute;sident de la r&eacute;gion&quot;, a-t-il d&eacute;clar&eacute;.\n<\/p>\n<p>\n\tQuid de la d&eacute;mission ?\n<\/p>\n<p>\n\tLa question du maintien de l&#39;actuel ministre de la D&eacute;fense dans le gouvernement s&#39;il remporte la Bretagne est sur toutes les l&egrave;vres. Ses opposants fustigent d&eacute;j&agrave; la double casquette de ministre-candidat et ses camarades socialistes refusent l&#39;id&eacute;e d&#39;un cumul des postes de ministre et de pr&eacute;sident de r&eacute;gion. &quot;Je connais les r&egrave;gles relatives au cumul. J&#39;assume mes responsabilit&eacute;s. Il reviendra au pr&eacute;sident de la R&eacute;publique, si je suis &eacute;lu, de prendre les d&eacute;cisions qui conviennent le moment venu&quot;, a d&eacute;clar&eacute; Jean-Yves Le Drian.\n<\/p>\n<p>\n\t&quot;Un mois pour convaincre&quot;\n<\/p>\n<p>\n\tLe plus gros de la campagne Le Drian d&eacute;marre &agrave; deux mois du premier tour des r&eacute;gionales. Visites sur le terrain, rencontres avec les Bretons, il nous reste un mois pour convaincre&quot;, confie Lo&iuml;g Chesnais-Girard, le directeur de campagne, contact&eacute; par Le Point.fr. L&agrave; o&ugrave; ses deux adversaires principaux &#8211; le d&eacute;put&eacute; des R&eacute;publicainsMarc Le Fur&nbsp;et le leader des Bonnets rouges&nbsp;Christian Troadec&nbsp;&#8211; ont d&eacute;j&agrave; commenc&eacute; leur campagne, l&#39;&eacute;quipe de Jean-Yves Le Drian a du pain sur la planche. &quot;Le projet politique est pr&ecirc;t, on peaufine le programme qui sera pr&eacute;sent&eacute; aux &eacute;lecteurs d&#39;ici quelques semaines. Quant &agrave; la liste, elle est quasiment pr&ecirc;te et on l&#39;annonce dans 15 jours&quot;, indique son collaborateur.<\/p>\n","protected":false},"excerpt":{"rendered":"<p>Le ministre a pr&eacute;cis&eacute; que, en cas de victoire, Fran&ccedil;ois Hollande d&eacute;ciderait s&#39;il continue ou non &agrave; exercer ses fonctions &agrave; la D&eacute;fenseDepuis le d&eacute;but de la semaine, les journalistes n&#39;utilisaient d&eacute;j&agrave; plus le conditionnel.Ses proches avaient l&acirc;ch&eacute; le morceau d&egrave;s mercredi. Vendredi, &agrave; Guidel, pr&egrave;s de son fief de Lorient, devant ses militants,&nbsp;Jean-Yves Le [&hellip;]<\/p>\n","protected":false},"author":2,"featured_media":3106,"comment_status":"open","ping_status":"open","sticky":false,"template":"","format":"standard","meta":{"_jetpack_memberships_contains_paid_content":false,"footnotes":"","jetpack_publicize_message":"","jetpack_publicize_feature_enabled":true,"jetpack_social_post_already_shared":false,"jetpack_social_options":{"image_generator_settings":{"template":"highway","default_image_id":0,"font":"","enabled":false},"version":2},"_wpas_customize_per_network":false},"categories":[405],"tags":[699],"class_list":["post-3105","post","type-post","status-publish","format-standard","has-post-thumbnail","hentry","category-actu-france-monde","tag-regionales-2015"],"jetpack_publicize_connections":[],"jetpack_featured_media_url":"https:\/\/i0.wp.com\/www.iceagetv.com\/radiosite\/wp-content\/uploads\/2015\/10\/regional-2015.jpg?fit=660%2C281&ssl=1","jetpack_sharing_enabled":true,"_links":{"self":[{"href":"https:\/\/www.iceagetv.com\/radiosite\/wp-json\/wp\/v2\/posts\/3105","targetHints":{"allow":["GET"]}}],"collection":[{"href":"https:\/\/www.iceagetv.com\/radiosite\/wp-json\/wp\/v2\/posts"}],"about":[{"href":"https:\/\/www.iceagetv.com\/radiosite\/wp-json\/wp\/v2\/types\/post"}],"author":[{"embeddable":true,"href":"https:\/\/www.iceagetv.com\/radiosite\/wp-json\/wp\/v2\/users\/2"}],"replies":[{"embeddable":true,"href":"https:\/\/www.iceagetv.com\/radiosite\/wp-json\/wp\/v2\/comments?post=3105"}],"version-history":[{"count":1,"href":"https:\/\/www.iceagetv.com\/radiosite\/wp-json\/wp\/v2\/posts\/3105\/revisions"}],"predecessor-version":[{"id":3107,"href":"https:\/\/www.iceagetv.com\/radiosite\/wp-json\/wp\/v2\/posts\/3105\/revisions\/3107"}],"wp:featuredmedia":[{"embeddable":true,"href":"https:\/\/www.iceagetv.com\/radiosite\/wp-json\/wp\/v2\/media\/3106"}],"wp:attachment":[{"href":"https:\/\/www.iceagetv.com\/radiosite\/wp-json\/wp\/v2\/media?parent=3105"}],"wp:term":[{"taxonomy":"category","embeddable":true,"href":"https:\/\/www.iceagetv.com\/radiosite\/wp-json\/wp\/v2\/categories?post=3105"},{"taxonomy":"post_tag","embeddable":true,"href":"https:\/\/www.iceagetv.com\/radiosite\/wp-json\/wp\/v2\/tags?post=3105"}],"curies":[{"name":"wp","href":"https:\/\/api.w.org\/{rel}","templated":true}]}}