{"id":31062,"date":"2024-11-10T11:38:17","date_gmt":"2024-11-10T10:38:17","guid":{"rendered":"https:\/\/www.iceagetv.com\/radiosite\/?p=31062"},"modified":"2024-11-10T11:38:21","modified_gmt":"2024-11-10T10:38:21","slug":"circulation-44-des-cyclistes-reconnaissent-etre-deja-passes-au-feu-rouge","status":"publish","type":"post","link":"https:\/\/www.iceagetv.com\/radiosite\/circulation-44-des-cyclistes-reconnaissent-etre-deja-passes-au-feu-rouge\/","title":{"rendered":"Circulation : 44% des cyclistes reconnaissent \u00eatre d\u00e9j\u00e0 pass\u00e9s au feu rouge"},"content":{"rendered":"\n<p class=\"\">Entre pi\u00e9tons, cyclistes et automobilistes, la cohabitation n\u2019est pas toujours facile. La mort de Paul Varry, un cycliste militant associatif \u00e9cras\u00e9 mi-octobre \u00e0 Paris par un conducteur de SUV, a relanc\u00e9 le d\u00e9bat sur la place \u00e0 donner aux v\u00e9los dans et en dehors des villes.<\/p>\n\n\n\n<p class=\"\">Pour une part non n\u00e9gligeable de cyclistes, le feu rouge semble parfois \u00eatre ignor\u00e9. En effet, au regard d&rsquo;une \u00e9tude de la fondation&nbsp;<a href=\"https:\/\/www.vinci-autoroutes.com\/fr\/actualites\/securite\/enquete-sur-le-partage-de-la-route\/\" target=\"_blank\" rel=\"noreferrer noopener\">Vinci Autoroutes<\/a>, parue le 29 octobre dernier, 44% des usagers de v\u00e9los de l&rsquo;Hexagone reconnaissent avoir continu\u00e9 de p\u00e9daler alors que le feu n&rsquo;\u00e9tait pas vert.<\/p>\n\n\n\n<p class=\"\">Et alors que les mobilit\u00e9s alternatives aux transports en commun se sont d\u00e9velopp\u00e9es dans les villes et les plus petites communes, les cyclistes ne sont pas les seuls \u00e0 s&rsquo;asseoir sur le code de la route.<\/p>\n\n\n\n<p class=\"\">Selon le m\u00eame sondage, les conducteurs de motos et de scooters sont ainsi 57% \u00e0 admettre avoir d\u00e9j\u00e0 emprunt\u00e9 les pistes cyclables, qui leur sont pourtant interdites. Les automobilistes, eux, ne sont pas en reste : 12% de ceux qui ont \u00e9t\u00e9 sond\u00e9s expliquent utiliser les voies destin\u00e9es aux v\u00e9los pour s&rsquo;arr\u00eater ou pour stationner.<\/p>\n\n\n\n<h2 class=\"wp-block-heading\">Une mission lanc\u00e9e par le gouvernement<\/h2>\n\n\n\n<p class=\"\">Mais la rupture n&rsquo;est pas compl\u00e8tement consomm\u00e9e et surtout, le dialogue reste encore possible.&nbsp;<\/p>\n\n\n\n<p class=\"\">\u00abLes v\u00e9los m\u00e9riteraient de respecter un peu plus les signalisations\u00bb, reconna\u00eet, aupr\u00e8s de CNEWS, un quadrag\u00e9naire parisien juch\u00e9 sur sa bicyclette, casque viss\u00e9 sur la t\u00eate.<\/p>\n","protected":false},"excerpt":{"rendered":"<p>Entre pi\u00e9tons, cyclistes et automobilistes, la cohabitation n\u2019est pas toujours facile. La mort de Paul Varry, un cycliste militant associatif \u00e9cras\u00e9 mi-octobre \u00e0 Paris par un conducteur de SUV, a relanc\u00e9 le d\u00e9bat sur la place \u00e0 donner aux v\u00e9los dans et en dehors des villes. Pour une part non n\u00e9gligeable de cyclistes, le feu [&hellip;]<\/p>\n","protected":false},"author":2,"featured_media":31065,"comment_status":"open","ping_status":"open","sticky":false,"template":"","format":"standard","meta":{"_jetpack_memberships_contains_paid_content":false,"footnotes":"","jetpack_publicize_message":"","jetpack_publicize_feature_enabled":true,"jetpack_social_post_already_shared":true,"jetpack_social_options":{"image_generator_settings":{"template":"highway","enabled":true,"token":"eyJpbWciOiJodHRwczpcL1wvd3d3LmljZWFnZXR2LmNvbVwvcmFkaW9zaXRlXC93cC1jb250ZW50XC91cGxvYWRzXC8yMDI0XC8xMVwvcF9McmtOSGYuanBnIiwidHh0IjoiQ2lyY3VsYXRpb24gOiA0NCUgZGVzIGN5Y2xpc3RlcyByZWNvbm5haXNzZW50IFx1MDBlYXRyZSBkXHUwMGU5alx1MDBlMCBwYXNzXHUwMGU5cyBhdSBmZXUgcm91Z2UiLCJ0ZW1wbGF0ZSI6ImhpZ2h3YXkiLCJibG9nX2lkIjoxMTEwMTY0NjF9.bMugPZ9ZxSeLiV-QPlq9Q9eqiaCZgI9gCTBHsKG6iZgMQ"},"version":2},"_wpas_customize_per_network":false},"categories":[405],"tags":[],"class_list":["post-31062","post","type-post","status-publish","format-standard","has-post-thumbnail","hentry","category-actu-france-monde"],"jetpack_publicize_connections":[],"jetpack_featured_media_url":"https:\/\/i0.wp.com\/www.iceagetv.com\/radiosite\/wp-content\/uploads\/2024\/11\/p_LrkNHf.jpg?fit=680%2C453&ssl=1","jetpack_sharing_enabled":true,"_links":{"self":[{"href":"https:\/\/www.iceagetv.com\/radiosite\/wp-json\/wp\/v2\/posts\/31062","targetHints":{"allow":["GET"]}}],"collection":[{"href":"https:\/\/www.iceagetv.com\/radiosite\/wp-json\/wp\/v2\/posts"}],"about":[{"href":"https:\/\/www.iceagetv.com\/radiosite\/wp-json\/wp\/v2\/types\/post"}],"author":[{"embeddable":true,"href":"https:\/\/www.iceagetv.com\/radiosite\/wp-json\/wp\/v2\/users\/2"}],"replies":[{"embeddable":true,"href":"https:\/\/www.iceagetv.com\/radiosite\/wp-json\/wp\/v2\/comments?post=31062"}],"version-history":[{"count":1,"href":"https:\/\/www.iceagetv.com\/radiosite\/wp-json\/wp\/v2\/posts\/31062\/revisions"}],"predecessor-version":[{"id":31066,"href":"https:\/\/www.iceagetv.com\/radiosite\/wp-json\/wp\/v2\/posts\/31062\/revisions\/31066"}],"wp:featuredmedia":[{"embeddable":true,"href":"https:\/\/www.iceagetv.com\/radiosite\/wp-json\/wp\/v2\/media\/31065"}],"wp:attachment":[{"href":"https:\/\/www.iceagetv.com\/radiosite\/wp-json\/wp\/v2\/media?parent=31062"}],"wp:term":[{"taxonomy":"category","embeddable":true,"href":"https:\/\/www.iceagetv.com\/radiosite\/wp-json\/wp\/v2\/categories?post=31062"},{"taxonomy":"post_tag","embeddable":true,"href":"https:\/\/www.iceagetv.com\/radiosite\/wp-json\/wp\/v2\/tags?post=31062"}],"curies":[{"name":"wp","href":"https:\/\/api.w.org\/{rel}","templated":true}]}}