{"id":31099,"date":"2024-11-11T17:02:34","date_gmt":"2024-11-11T16:02:34","guid":{"rendered":"https:\/\/www.iceagetv.com\/radiosite\/?p=31099"},"modified":"2024-11-11T17:02:38","modified_gmt":"2024-11-11T16:02:38","slug":"suppression-dun-jour-ferie-apres-le-lundi-de-pentecote-au-tour-du-11-novembre","status":"publish","type":"post","link":"https:\/\/www.iceagetv.com\/radiosite\/suppression-dun-jour-ferie-apres-le-lundi-de-pentecote-au-tour-du-11-novembre\/","title":{"rendered":"Suppression d&rsquo;un jour f\u00e9ri\u00e9: apr\u00e8s le lundi de Pentec\u00f4te, au tour du 11-Novembre?"},"content":{"rendered":"\n<p class=\"\">Invit\u00e9 de la matinale de France Inter, Jean-Fran\u00e7ois Cop\u00e9 , l&rsquo;ancien ministre d\u00e9l\u00e9gu\u00e9 au Budget a estim\u00e9 qu&rsquo;il n&rsquo;\u00e9tait pas n\u00e9cessaire de conserver le 11-Novembre comme jour f\u00e9ri\u00e9 afin de comm\u00e9morer l&rsquo;armistice de 1918.<\/p>\n\n\n\n<p class=\"\">Jean-Fran\u00e7ois Cop\u00e9 relance le d\u00e9bat autour de la suppression d&rsquo;un second jour f\u00e9ri\u00e9. En ce jour de comm\u00e9moration de l&rsquo;Armistice du 11 novembre 1918, le maire de Meaux o\u00f9 se trouve un mus\u00e9e consacr\u00e9 \u00e0 la Premi\u00e8re Guerre mondiale \u00e9tait invit\u00e9 au micro de France Inter. Celui qui \u00e9tait ministre d\u00e9l\u00e9gu\u00e9 au Budget sous le second mandat de Jacques Chirac s&rsquo;est notamment exprim\u00e9 sur la piste de la suppression d&rsquo;un deuxi\u00e8me jour f\u00e9ri\u00e9 laquelle refait surface depuis quelques semaines, en plein d\u00e9bats l\u00e9gislatifs sur le budget 2025.<\/p>\n\n\n\n<blockquote class=\"wp-block-quote is-layout-flow wp-block-quote-is-layout-flow\">\n<p class=\"\">\u00ab\u00a0Il n&rsquo;y a jamais de bon jour f\u00e9ri\u00e9 \u00e0 supprimer, il n&rsquo;y a jamais de bonnes \u00e9conomies, a-t-il soulign\u00e9. On n&rsquo;a pas besoin d&rsquo;un jour f\u00e9ri\u00e9 pour comm\u00e9morer le 11-Novembre, ou alors \u00e7a voudrait dire qu&rsquo;on a 65 millions de Fran\u00e7ais au pied des monuments aux morts.\u00a0\u00bb<\/p>\n<cite>Une telle mesure permettrait de g\u00e9n\u00e9rer\u00a0<a href=\"https:\/\/www.bfmtv.com\/economie\/economie-social\/suppression-d-un-2e-jour-ferie-la-journee-de-solidarite-du-lundi-de-pentecote-fonctionne-t-elle_AD-202410290587.html\">environ 3 milliards d&rsquo;euros de recettes dans les caisses de la S\u00e9curit\u00e9 sociale<\/a>\u00a0d&rsquo;apr\u00e8s les projections du premier jour de solidarit\u00e9 instaur\u00e9 en 2004 le lundi de Pentec\u00f4te. Mais elle est bien loin de faire l&rsquo;unanimit\u00e9. Invit\u00e9 de France Bleu Lorraine Nord, le pr\u00e9sident g\u00e9n\u00e9ral du Souvenir Fran\u00e7ais Serge Barcellini estime que \u00ab\u00a0le 11-Novembre est intouchable\u00a0\u00bb. \u00ab\u00a0Je pense qu&rsquo;on est incapable de retoucher \u00e0 la journ\u00e9e f\u00e9ri\u00e9e du 11-Novembre, qui est une journ\u00e9e f\u00e9ri\u00e9e qui a \u00e9t\u00e9 exig\u00e9e par le monde ancien combattant en 1922\u00a0\u00bb, ajoute-t-il, comparant le 11-Novembre au Memorial Day am\u00e9ricain ou anglais.En revanche, le repr\u00e9sentant du Souvenir Fran\u00e7ais consid\u00e8re que la journ\u00e9e f\u00e9ri\u00e9e du 8-Mai est davantage susceptible de faire l&rsquo;objet d&rsquo;une suppression comme ce fut d\u00e9j\u00e0 le cas entre 1959 et 1981. \u00ab\u00a0Le 8-Mai est une journ\u00e9e beaucoup plus complexe et on peut imaginer que certains vont penser \u00e0 re-supprimer la journ\u00e9e f\u00e9ri\u00e9e du 8-Mai\u00a0\u00bb, indique-t-il tout en rappelant que la mise en place d&rsquo;une telle mesure d\u00e8s 2025 para\u00eet improbable en raison du \u00ab\u00a080\u00e8me anniversaire de la victoire sur le nazisme\u00a0\u00bb \u00e0 venir.<br>Bercy ouvert \u00e0 la discussion parlementaire<br>La semaine derni\u00e8re, le ministre de l&rsquo;\u00c9conomie et des Finances Antoine Armand a confirm\u00e9 dans\u00a0<em><a href=\"https:\/\/www.lesechos.fr\/economie-france\/budget-fiscalite\/antoine-armand-lobjectif-doit-etre-daccroitre-le-nombre-dheures-travaillees-sur-lannee-pour-financer-notre-modele-de-protection-sociale-2129377\" target=\"_blank\" rel=\"noreferrer noopener\">Les Echos<\/a><\/em>\u00a0que l&rsquo;abandon d&rsquo;un deuxi\u00e8me jour f\u00e9ri\u00e9 \u00e9tait \u00ab\u00a0une piste parmi d&rsquo;autres\u00a0\u00bb afin d&rsquo;augmenter la dur\u00e9e du travail. Quelques jours auparavant, le patron de Bercy avait d\u00e9j\u00e0 jug\u00e9 \u00ab\u00a0la proposition tr\u00e8s int\u00e9ressante, \u00e0 regarder de pr\u00e8s\u00a0\u00bb. De son c\u00f4t\u00e9, le ministre du Budget Laurent Saint-Martin semble aussi ouvert \u00e0 une discussion parlementaire sur cette mesure, jugeant, de mani\u00e8re g\u00e9n\u00e9rale, que travailler davantage pour participer \u00e0 l&rsquo;effort de redressement va \u00ab\u00a0dans le bon sens\u00a0\u00bb. \u00ab\u00a0Cela fait partie des d\u00e9bats qu&rsquo;on aura au Parlement\u00a0\u00bb, avait-il d\u00e9clar\u00e9 sur TF1.<br><br>\u00ab\u00a0Je pense que tout ce qui permet \u00e0 notre pays de montrer qu&rsquo;on peut travailler davantage pour participer \u00e0 l&rsquo;effort de redressement va dans le bon sens.\u00a0\u00bb<br>Fin septembre,\u00a0<a href=\"https:\/\/www.bfmtv.com\/economie\/economie-social\/un-rapport-du-senat-propose-une-deuxieme-journee-de-solidarite-pour-financer-les-ehpad_AD-202409270238.html\">un rapport du S\u00e9nat recommandait de \u00ab\u00a0reconstruire\u00a0\u00bb le mod\u00e8le des Ehpad<\/a>\u00a0en cr\u00e9ant notamment une deuxi\u00e8me journ\u00e9e de solidarit\u00e9 \u00ab\u00a0qui pourrait se traduire par la suppression d&rsquo;un jour f\u00e9ri\u00e9\u00a0\u00bb avec \u00e0 la cl\u00e9 \u00ab\u00a02,4 milliards d&rsquo;euros de recettes suppl\u00e9mentaires.\u00a0\u00bb<\/cite><\/blockquote>\n","protected":false},"excerpt":{"rendered":"<p>Invit\u00e9 de la matinale de France Inter, Jean-Fran\u00e7ois Cop\u00e9 , l&rsquo;ancien ministre d\u00e9l\u00e9gu\u00e9 au Budget a estim\u00e9 qu&rsquo;il n&rsquo;\u00e9tait pas n\u00e9cessaire de conserver le 11-Novembre comme jour f\u00e9ri\u00e9 afin de comm\u00e9morer l&rsquo;armistice de 1918. Jean-Fran\u00e7ois Cop\u00e9 relance le d\u00e9bat autour de la suppression d&rsquo;un second jour f\u00e9ri\u00e9. En ce jour de comm\u00e9moration de l&rsquo;Armistice du [&hellip;]<\/p>\n","protected":false},"author":2,"featured_media":31100,"comment_status":"open","ping_status":"open","sticky":false,"template":"","format":"standard","meta":{"_jetpack_memberships_contains_paid_content":false,"footnotes":"","jetpack_publicize_message":"","jetpack_publicize_feature_enabled":true,"jetpack_social_post_already_shared":true,"jetpack_social_options":{"image_generator_settings":{"template":"highway","enabled":true,"token":"eyJpbWciOiJodHRwczpcL1wvd3d3LmljZWFnZXR2LmNvbVwvcmFkaW9zaXRlXC93cC1jb250ZW50XC91cGxvYWRzXC8yMDI0XC8xMVwvam91ci1mZXJpZXIuanBnIiwidHh0IjoiU3VwcHJlc3Npb24gZCYjODIxNzt1biBqb3VyIGZcdTAwZTlyaVx1MDBlOTogYXByXHUwMGU4cyBsZSBsdW5kaSBkZSBQZW50ZWNcdTAwZjR0ZSwgYXUgdG91ciBkdSAxMS1Ob3ZlbWJyZT8iLCJ0ZW1wbGF0ZSI6ImhpZ2h3YXkiLCJibG9nX2lkIjoxMTEwMTY0NjF9.hHH7YJXDTWyyst8_MZVoYYJPE3MRjr_7SjuyQlIHl80MQ"},"version":2},"_wpas_customize_per_network":false},"categories":[405],"tags":[],"class_list":["post-31099","post","type-post","status-publish","format-standard","has-post-thumbnail","hentry","category-actu-france-monde"],"jetpack_publicize_connections":[],"jetpack_featured_media_url":"https:\/\/i0.wp.com\/www.iceagetv.com\/radiosite\/wp-content\/uploads\/2024\/11\/jour-ferier.jpg?fit=786%2C257&ssl=1","jetpack_sharing_enabled":true,"_links":{"self":[{"href":"https:\/\/www.iceagetv.com\/radiosite\/wp-json\/wp\/v2\/posts\/31099","targetHints":{"allow":["GET"]}}],"collection":[{"href":"https:\/\/www.iceagetv.com\/radiosite\/wp-json\/wp\/v2\/posts"}],"about":[{"href":"https:\/\/www.iceagetv.com\/radiosite\/wp-json\/wp\/v2\/types\/post"}],"author":[{"embeddable":true,"href":"https:\/\/www.iceagetv.com\/radiosite\/wp-json\/wp\/v2\/users\/2"}],"replies":[{"embeddable":true,"href":"https:\/\/www.iceagetv.com\/radiosite\/wp-json\/wp\/v2\/comments?post=31099"}],"version-history":[{"count":1,"href":"https:\/\/www.iceagetv.com\/radiosite\/wp-json\/wp\/v2\/posts\/31099\/revisions"}],"predecessor-version":[{"id":31101,"href":"https:\/\/www.iceagetv.com\/radiosite\/wp-json\/wp\/v2\/posts\/31099\/revisions\/31101"}],"wp:featuredmedia":[{"embeddable":true,"href":"https:\/\/www.iceagetv.com\/radiosite\/wp-json\/wp\/v2\/media\/31100"}],"wp:attachment":[{"href":"https:\/\/www.iceagetv.com\/radiosite\/wp-json\/wp\/v2\/media?parent=31099"}],"wp:term":[{"taxonomy":"category","embeddable":true,"href":"https:\/\/www.iceagetv.com\/radiosite\/wp-json\/wp\/v2\/categories?post=31099"},{"taxonomy":"post_tag","embeddable":true,"href":"https:\/\/www.iceagetv.com\/radiosite\/wp-json\/wp\/v2\/tags?post=31099"}],"curies":[{"name":"wp","href":"https:\/\/api.w.org\/{rel}","templated":true}]}}