{"id":31103,"date":"2024-11-11T17:52:38","date_gmt":"2024-11-11T16:52:38","guid":{"rendered":"https:\/\/www.iceagetv.com\/radiosite\/?p=31103"},"modified":"2024-11-11T17:52:41","modified_gmt":"2024-11-11T16:52:41","slug":"colere-gare-saint-charles-a-marseille-la-stele-rendant-hommage-aux-victimes-dattentats-a-ete-vandalisee-le-monument-avait-ete-installe-en-2021-apres-la-mort-de-laura-et-mauranne-poignardees-pa","status":"publish","type":"post","link":"https:\/\/www.iceagetv.com\/radiosite\/colere-gare-saint-charles-a-marseille-la-stele-rendant-hommage-aux-victimes-dattentats-a-ete-vandalisee-le-monument-avait-ete-installe-en-2021-apres-la-mort-de-laura-et-mauranne-poignardees-pa\/","title":{"rendered":"Col\u00e8re Gare Saint-Charles \u00e0 Marseille : La st\u00e8le rendant hommage aux victimes d&rsquo;attentats a \u00e9t\u00e9 vandalis\u00e9e &#8211; Le monument avait \u00e9t\u00e9 install\u00e9 en 2021, apr\u00e8s la mort de Laura et Mauranne, poignard\u00e9es par un terroriste"},"content":{"rendered":"\n<p class=\"\">La plaque \u00ab\u00a0A la m\u00e9moire des victimes d&rsquo;attentats terroristes\u00a0\u00bb a \u00e9t\u00e9 arrach\u00e9e, le drapeau fran\u00e7ais en plexiglas partiellement brul\u00e9. Le monument m\u00e9moriel a \u00e9t\u00e9 vandalis\u00e9, sur le parvis de la gare Saint-Charles \u00e0 Marseille, a indiqu\u00e9 ce lundi 11 novembre dans un tweet le pr\u00e9fet de police, qui s&rsquo;est rendu sur place.<\/p>\n\n\n\n<p class=\"\">Il \u00ab\u00a0condamne avec la plus grande fermet\u00e9\u00a0\u00bb cet acte de vandalisme, pr\u00e9cisant que \u00ab\u00a0les auteurs sont activement recherch\u00e9s et devront r\u00e9pondre de leurs actes\u00a0\u00bb.<\/p>\n\n\n\n<p class=\"\">Ce monument en plexiglas et sa plaque en inox avaient \u00e9t\u00e9 install\u00e9s par le conseil D\u00e9partemental le 11 mars 2021,lors de la journ\u00e9e nationale des victimes du terrorisme en souvenir de Mauranne, 22 ans, et Laura, 20 ans, deux cousines originaires d&rsquo;Eguilles, tu\u00e9es au couteau le 1\u1d49\u02b3 octobre 2017 par un terroriste se r\u00e9clamant de l&rsquo;\u00c9tat islamique.<\/p>\n\n\n\n<p class=\"\">\u00ab\u00a0S\u2019attaquer \u00e0 notre m\u00e9moire est un acte de l\u00e2chet\u00e9, une honte que je condamne avec la plus grande fermet\u00e9\u00a0\u00bb, a r\u00e9agi le maire Beno\u00eet Payan sur le r\u00e9seau social X.&nbsp;\u00ab\u00a0D\u00e8s qu\u2019ils ont \u00e9t\u00e9 alert\u00e9s, les services de la Ville de Marseille&nbsp;se sont mobilis\u00e9s, \u00e0 ma demande, pour remplacer cette plaque m\u00e9morielle dans les plus brefs d\u00e9lais\u00a0\u00bb,&nbsp;a-t-il ajout\u00e9.<\/p>\n\n\n\n<p class=\"\">On ignore quand cet acte de vandalisme a \u00e9t\u00e9 commis.<\/p>\n","protected":false},"excerpt":{"rendered":"<p>La plaque \u00ab\u00a0A la m\u00e9moire des victimes d&rsquo;attentats terroristes\u00a0\u00bb a \u00e9t\u00e9 arrach\u00e9e, le drapeau fran\u00e7ais en plexiglas partiellement brul\u00e9. Le monument m\u00e9moriel a \u00e9t\u00e9 vandalis\u00e9, sur le parvis de la gare Saint-Charles \u00e0 Marseille, a indiqu\u00e9 ce lundi 11 novembre dans un tweet le pr\u00e9fet de police, qui s&rsquo;est rendu sur place. Il \u00ab\u00a0condamne avec [&hellip;]<\/p>\n","protected":false},"author":2,"featured_media":31104,"comment_status":"open","ping_status":"open","sticky":false,"template":"","format":"standard","meta":{"_jetpack_memberships_contains_paid_content":false,"footnotes":"","jetpack_publicize_message":"","jetpack_publicize_feature_enabled":true,"jetpack_social_post_already_shared":true,"jetpack_social_options":{"image_generator_settings":{"template":"highway","enabled":true,"token":"eyJpbWciOiJodHRwczpcL1wvd3d3LmljZWFnZXR2LmNvbVwvcmFkaW9zaXRlXC93cC1jb250ZW50XC91cGxvYWRzXC8yMDI0XC8xMVwvdlVkZG04eFAuanBnIiwidHh0IjoiQ29sXHUwMGU4cmUgR2FyZSBTYWludC1DaGFybGVzIFx1MDBlMCBNYXJzZWlsbGUgOiBMYSBzdFx1MDBlOGxlIHJlbmRhbnQgaG9tbWFnZSBhdXggdmljdGltZXMgZCYjODIxNzthdHRlbnRhdHMgYSBcdTAwZTl0XHUwMGU5IHZhbmRhbGlzXHUwMGU5ZSAmIzgyMTE7IExlIG1vbnVtZW50IGF2YWl0IFx1MDBlOXRcdTAwZTkgaW5zdGFsbFx1MDBlOSBlbiAyMDIxLCBhcHJcdTAwZThzIGxhIG1vcnQgZGUgTGF1cmEgZXQgTWF1cmFubmUsIHBvaWduYXJkXHUwMGU5ZXMgcGFyIHVuIHRlcnJvcmlzdGUiLCJ0ZW1wbGF0ZSI6ImhpZ2h3YXkiLCJibG9nX2lkIjoxMTEwMTY0NjF9.WCHBFCwNew4NwyYSMgvZ1IpKHyudc0AapDExQp0UVA4MQ"},"version":2},"_wpas_customize_per_network":false},"categories":[405],"tags":[],"class_list":["post-31103","post","type-post","status-publish","format-standard","has-post-thumbnail","hentry","category-actu-france-monde"],"jetpack_publicize_connections":[],"jetpack_featured_media_url":"https:\/\/i0.wp.com\/www.iceagetv.com\/radiosite\/wp-content\/uploads\/2024\/11\/vUddm8xP.jpg?fit=679%2C293&ssl=1","jetpack_sharing_enabled":true,"_links":{"self":[{"href":"https:\/\/www.iceagetv.com\/radiosite\/wp-json\/wp\/v2\/posts\/31103","targetHints":{"allow":["GET"]}}],"collection":[{"href":"https:\/\/www.iceagetv.com\/radiosite\/wp-json\/wp\/v2\/posts"}],"about":[{"href":"https:\/\/www.iceagetv.com\/radiosite\/wp-json\/wp\/v2\/types\/post"}],"author":[{"embeddable":true,"href":"https:\/\/www.iceagetv.com\/radiosite\/wp-json\/wp\/v2\/users\/2"}],"replies":[{"embeddable":true,"href":"https:\/\/www.iceagetv.com\/radiosite\/wp-json\/wp\/v2\/comments?post=31103"}],"version-history":[{"count":1,"href":"https:\/\/www.iceagetv.com\/radiosite\/wp-json\/wp\/v2\/posts\/31103\/revisions"}],"predecessor-version":[{"id":31105,"href":"https:\/\/www.iceagetv.com\/radiosite\/wp-json\/wp\/v2\/posts\/31103\/revisions\/31105"}],"wp:featuredmedia":[{"embeddable":true,"href":"https:\/\/www.iceagetv.com\/radiosite\/wp-json\/wp\/v2\/media\/31104"}],"wp:attachment":[{"href":"https:\/\/www.iceagetv.com\/radiosite\/wp-json\/wp\/v2\/media?parent=31103"}],"wp:term":[{"taxonomy":"category","embeddable":true,"href":"https:\/\/www.iceagetv.com\/radiosite\/wp-json\/wp\/v2\/categories?post=31103"},{"taxonomy":"post_tag","embeddable":true,"href":"https:\/\/www.iceagetv.com\/radiosite\/wp-json\/wp\/v2\/tags?post=31103"}],"curies":[{"name":"wp","href":"https:\/\/api.w.org\/{rel}","templated":true}]}}