{"id":3112,"date":"2015-10-17T07:35:57","date_gmt":"2015-10-17T07:35:57","guid":{"rendered":"http:\/\/www.iceagetv.com\/radiosite\/?p=3112"},"modified":"2015-10-17T07:35:57","modified_gmt":"2015-10-17T07:35:57","slug":"pourquoi-france-televisions-a-deprogramme-marine-le-pen-du-1213-dimanche","status":"publish","type":"post","link":"https:\/\/www.iceagetv.com\/radiosite\/pourquoi-france-televisions-a-deprogramme-marine-le-pen-du-1213-dimanche\/","title":{"rendered":"Pourquoi France T\u00e9l\u00e9visions a d\u00e9programm\u00e9 Marine Le Pen du 12\/13 dimanche"},"content":{"rendered":"<p>\n\t&nbsp;Invit&eacute;e le 22 octobre prochain des&nbsp;Paroles et des actes, la pr&eacute;sidente du Front national ne sera finalement pas au JT de la mi-journ&eacute;e de France 3 dimanche.Jeudi, Francis Letellier annon&ccedil;ait sur son compte Twitter qu&#39;il recevrait&nbsp;Marine Le Pen&nbsp;&agrave; 12h10 dans le12\/13 dimanchequ&#39;il pr&eacute;sente sur France 3. Ce vendredi, de la m&ecirc;me mani&egrave;re et sans explications, le journaliste a &eacute;crit que son invit&eacute; serait finalement Nicolas Dupont-Aignan, pr&eacute;sident de Debout la France et t&ecirc;te de liste de son parti pour les r&eacute;gionales en Ile-de-France.\n<\/p>\n<p>\n\tPourquoi ce changement de derni&egrave;re minute? SelonL&#39;Opinion, la direction de France 3 a jug&eacute; &laquo;malencontreux&raquo; l&#39;accumulation des passages de Marine Le Pen sur les cha&icirc;nes de France T&eacute;l&eacute;visions. Apr&egrave;s avoir &eacute;t&eacute; invit&eacute;e de&nbsp;C Politiquesur France 5 le 11 octobre dernier, la pr&eacute;sidente du Front national sera le 22 octobre sur France 2 dans&nbsp;Des paroles et des actes.\n<\/p>\n<p>\n\t&laquo;Il fallait &eacute;viter une situation de concurrence entre plusieurs cha&icirc;nes du groupe dans un temps rapproch&eacute;&raquo; a d&eacute;clar&eacute; &agrave;L&#39;Opinion&nbsp;Claire S&eacute;bastien, r&eacute;dactrice-en-chef du&nbsp;12\/13 dimanche.&nbsp;Cette d&eacute;cision fait &eacute;galement suite au m&eacute;contentement provoqu&eacute; par le cinqui&egrave;me passage de Marine Le Pen dans&nbsp;Des paroles et des actes.Jeudi,&nbsp;Xavier Bertrand&nbsp;avait adress&eacute; une lettre &agrave; Delphine Ernotte, pr&eacute;sident de France T&eacute;l&eacute;visions, et &agrave; Olivier Schrameck, pr&eacute;sident du CSA, pour d&eacute;plorer un manque d&#39;&eacute;quit&eacute;. Adversaire de Marine Le Pen aux r&eacute;gionales en Nord-Pas-de-Calais et Picardie, l&#39;ancien ministre &eacute;crivait notamment que &laquo;si cette &eacute;mission &eacute;tait maintenue dans sa forme, cela signifierait tout simplement que France T&eacute;l&eacute;visions a volontairement choisi de favoriser Mme Le Pen&raquo;.\n<\/p>\n<p>\n\tDans&nbsp;C &agrave; vous&nbsp;vendredi soir,&nbsp;David Pujadas&nbsp;a expliqu&eacute; avoir besoin de &laquo;t&ecirc;tes d&#39;affiche&raquo; et de &laquo;personnalit&eacute;s politiques d&#39;envergure&raquo; dans&nbsp;Des paroles et des actes. Une stature que, au sein du Front national, seule Marine Le Pen poss&egrave;derait selon le journaliste. &laquo;Ce qui est important de prendre en compte, c&#39;est le temps de parole des formations politiques, a-t-il soulign&eacute;. Avec 12% pour le Front national, on est plut&ocirc;t dans la partie basse de la fourchette autoris&eacute;e.&raquo;<\/p>\n","protected":false},"excerpt":{"rendered":"<p>&nbsp;Invit&eacute;e le 22 octobre prochain des&nbsp;Paroles et des actes, la pr&eacute;sidente du Front national ne sera finalement pas au JT de la mi-journ&eacute;e de France 3 dimanche.Jeudi, Francis Letellier annon&ccedil;ait sur son compte Twitter qu&#39;il recevrait&nbsp;Marine Le Pen&nbsp;&agrave; 12h10 dans le12\/13 dimanchequ&#39;il pr&eacute;sente sur France 3. Ce vendredi, de la m&ecirc;me mani&egrave;re et sans explications, [&hellip;]<\/p>\n","protected":false},"author":2,"featured_media":3113,"comment_status":"open","ping_status":"open","sticky":false,"template":"","format":"standard","meta":{"_jetpack_memberships_contains_paid_content":false,"footnotes":"","jetpack_publicize_message":"","jetpack_publicize_feature_enabled":true,"jetpack_social_post_already_shared":false,"jetpack_social_options":{"image_generator_settings":{"template":"highway","default_image_id":0,"font":"","enabled":false},"version":2},"_wpas_customize_per_network":false},"categories":[68],"tags":[701],"class_list":["post-3112","post","type-post","status-publish","format-standard","has-post-thumbnail","hentry","category-actu-culturelle","tag-marine-le-pen"],"jetpack_publicize_connections":[],"jetpack_featured_media_url":"https:\/\/i0.wp.com\/www.iceagetv.com\/radiosite\/wp-content\/uploads\/2015\/10\/Marine-Le-Pen.jpg?fit=805%2C453&ssl=1","jetpack_sharing_enabled":true,"_links":{"self":[{"href":"https:\/\/www.iceagetv.com\/radiosite\/wp-json\/wp\/v2\/posts\/3112","targetHints":{"allow":["GET"]}}],"collection":[{"href":"https:\/\/www.iceagetv.com\/radiosite\/wp-json\/wp\/v2\/posts"}],"about":[{"href":"https:\/\/www.iceagetv.com\/radiosite\/wp-json\/wp\/v2\/types\/post"}],"author":[{"embeddable":true,"href":"https:\/\/www.iceagetv.com\/radiosite\/wp-json\/wp\/v2\/users\/2"}],"replies":[{"embeddable":true,"href":"https:\/\/www.iceagetv.com\/radiosite\/wp-json\/wp\/v2\/comments?post=3112"}],"version-history":[{"count":1,"href":"https:\/\/www.iceagetv.com\/radiosite\/wp-json\/wp\/v2\/posts\/3112\/revisions"}],"predecessor-version":[{"id":3114,"href":"https:\/\/www.iceagetv.com\/radiosite\/wp-json\/wp\/v2\/posts\/3112\/revisions\/3114"}],"wp:featuredmedia":[{"embeddable":true,"href":"https:\/\/www.iceagetv.com\/radiosite\/wp-json\/wp\/v2\/media\/3113"}],"wp:attachment":[{"href":"https:\/\/www.iceagetv.com\/radiosite\/wp-json\/wp\/v2\/media?parent=3112"}],"wp:term":[{"taxonomy":"category","embeddable":true,"href":"https:\/\/www.iceagetv.com\/radiosite\/wp-json\/wp\/v2\/categories?post=3112"},{"taxonomy":"post_tag","embeddable":true,"href":"https:\/\/www.iceagetv.com\/radiosite\/wp-json\/wp\/v2\/tags?post=3112"}],"curies":[{"name":"wp","href":"https:\/\/api.w.org\/{rel}","templated":true}]}}