{"id":31121,"date":"2024-11-12T14:30:14","date_gmt":"2024-11-12T13:30:14","guid":{"rendered":"https:\/\/www.iceagetv.com\/radiosite\/?p=31121"},"modified":"2024-11-12T14:30:18","modified_gmt":"2024-11-12T13:30:18","slug":"marco-mouly-le-roi-de-larnaque-condamne-a-trois-ans-de-prison-et-vise-par-un-mandat-darret-pour-escroquerie-et-organisation-frauduleuse-dinsolvabilite-par-debiteur","status":"publish","type":"post","link":"https:\/\/www.iceagetv.com\/radiosite\/marco-mouly-le-roi-de-larnaque-condamne-a-trois-ans-de-prison-et-vise-par-un-mandat-darret-pour-escroquerie-et-organisation-frauduleuse-dinsolvabilite-par-debiteur\/","title":{"rendered":"Marco Mouly, le \u00ab\u00a0roi de l\u2019arnaque\u00a0\u00bb, condamn\u00e9 \u00e0 trois ans de prison et vis\u00e9 par un mandat d\u2019arr\u00eat pour \u00ab\u00a0escroquerie et organisation frauduleuse d\u2019insolvabilit\u00e9 par d\u00e9biteur\u00a0\u00bb"},"content":{"rendered":"\n<p class=\"\">Ce mardi, Marc Mouly, connu pour son escroquerie d\u2019ampleur \u00e0 la taxe carbone, a \u00e9t\u00e9 condamn\u00e9 \u00e0 trois ans de prison pour \u00ab\u00a0escroquerie et organisation frauduleuse d\u2019insolvabilit\u00e9 par d\u00e9biteur\u00a0\u00bb. Il est \u00e9galement vis\u00e9 par un mandat d&rsquo;arr\u00eat.<\/p>\n\n\n\n<p class=\"\">L&rsquo;homme de 59 ans, de retour en d\u00e9tention en mars \u00e0 la suite de la r\u00e9vocation partielle d&rsquo;une peine de sursis datant de 2019, avait \u00e9t\u00e9 remis en libert\u00e9 le 2 novembre. Selon&nbsp;<a href=\"https:\/\/www.leparisien.fr\/faits-divers\/marco-mouly-le-roi-de-larnaque-condamne-a-trois-ans-de-prison-pour-avoir-organise-son-insolvabilite-12-11-2024-6GW3RW6W4RFOFDM5CJRC5MA5LU.php\" target=\"_blank\" rel=\"noreferrer noopener\">Le Parisien<\/a>, Marco Mouly n\u2019a pas l\u2019intention de se rendre et pourrait entamer une nouvelle cavale.&nbsp;<\/p>\n\n\n\n<p class=\"\">Le parquet avait requis 4 ans de prison ainsi que l&rsquo;interdiction d\u00e9finitive de g\u00e9rer une soci\u00e9t\u00e9 \u00e0 son encontre, pr\u00e9cisant qu&rsquo;il aurait volontairement \u00e9vit\u00e9 d&rsquo;obtenir \u00abdes revenus pouvant \u00eatre saisis\u00bb, emp\u00eachant le remboursement de ses dettes judiciaires.<\/p>\n\n\n\n<p class=\"\">Fin juin 2017, Marco Mouly avait \u00e9t\u00e9 condamn\u00e9 en appel \u00e0 huit ans d&#8217;emprisonnement ainsi qu&rsquo;\u00e0 un million d&rsquo;euros de dommages et int\u00e9r\u00eats dans l&rsquo;affaire dite de la \u00abtaxe carbone\u00bb, vaste fraude \u00e0 la TVA sur le march\u00e9 des droits \u00e0 polluer. Il avait aussi \u00e9t\u00e9 condamn\u00e9 solidairement avec les autres copr\u00e9venus \u00e0 payer une amende de plus de 283 millions d&rsquo;euros \u00e0 l&rsquo;\u00c9tat fran\u00e7ais.<\/p>\n","protected":false},"excerpt":{"rendered":"<p>Ce mardi, Marc Mouly, connu pour son escroquerie d\u2019ampleur \u00e0 la taxe carbone, a \u00e9t\u00e9 condamn\u00e9 \u00e0 trois ans de prison pour \u00ab\u00a0escroquerie et organisation frauduleuse d\u2019insolvabilit\u00e9 par d\u00e9biteur\u00a0\u00bb. Il est \u00e9galement vis\u00e9 par un mandat d&rsquo;arr\u00eat. L&rsquo;homme de 59 ans, de retour en d\u00e9tention en mars \u00e0 la suite de la r\u00e9vocation partielle d&rsquo;une [&hellip;]<\/p>\n","protected":false},"author":2,"featured_media":31122,"comment_status":"open","ping_status":"open","sticky":false,"template":"","format":"standard","meta":{"_jetpack_memberships_contains_paid_content":false,"footnotes":"","jetpack_publicize_message":"","jetpack_publicize_feature_enabled":true,"jetpack_social_post_already_shared":true,"jetpack_social_options":{"image_generator_settings":{"template":"highway","enabled":true,"token":"eyJpbWciOiJodHRwczpcL1wvd3d3LmljZWFnZXR2LmNvbVwvcmFkaW9zaXRlXC93cC1jb250ZW50XC91cGxvYWRzXC8yMDI0XC8xMVwvYUpsUkExbnQuanBnIiwidHh0IjoiTWFyY28gTW91bHksIGxlICYjODIyMDtyb2kgZGUgbFx1MjAxOWFybmFxdWUmIzgyMjE7LCBjb25kYW1uXHUwMGU5IFx1MDBlMCB0cm9pcyBhbnMgZGUgcHJpc29uIGV0IHZpc1x1MDBlOSBwYXIgdW4gbWFuZGF0IGRcdTIwMTlhcnJcdTAwZWF0IHBvdXIgJiM4MjIwO2VzY3JvcXVlcmllIGV0IG9yZ2FuaXNhdGlvbiBmcmF1ZHVsZXVzZSBkXHUyMDE5aW5zb2x2YWJpbGl0XHUwMGU5IHBhciBkXHUwMGU5Yml0ZXVyJiM4MjIxOyIsInRlbXBsYXRlIjoiaGlnaHdheSIsImJsb2dfaWQiOjExMTAxNjQ2MX0.c6NUy37QglkQN1_rcpFZ1H8CS8kIejQTgLgo41mPChwMQ"},"version":2},"_wpas_customize_per_network":false},"categories":[405],"tags":[],"class_list":["post-31121","post","type-post","status-publish","format-standard","has-post-thumbnail","hentry","category-actu-france-monde"],"jetpack_publicize_connections":[],"jetpack_featured_media_url":"https:\/\/i0.wp.com\/www.iceagetv.com\/radiosite\/wp-content\/uploads\/2024\/11\/aJlRA1nt.jpg?fit=679%2C293&ssl=1","jetpack_sharing_enabled":true,"_links":{"self":[{"href":"https:\/\/www.iceagetv.com\/radiosite\/wp-json\/wp\/v2\/posts\/31121","targetHints":{"allow":["GET"]}}],"collection":[{"href":"https:\/\/www.iceagetv.com\/radiosite\/wp-json\/wp\/v2\/posts"}],"about":[{"href":"https:\/\/www.iceagetv.com\/radiosite\/wp-json\/wp\/v2\/types\/post"}],"author":[{"embeddable":true,"href":"https:\/\/www.iceagetv.com\/radiosite\/wp-json\/wp\/v2\/users\/2"}],"replies":[{"embeddable":true,"href":"https:\/\/www.iceagetv.com\/radiosite\/wp-json\/wp\/v2\/comments?post=31121"}],"version-history":[{"count":1,"href":"https:\/\/www.iceagetv.com\/radiosite\/wp-json\/wp\/v2\/posts\/31121\/revisions"}],"predecessor-version":[{"id":31123,"href":"https:\/\/www.iceagetv.com\/radiosite\/wp-json\/wp\/v2\/posts\/31121\/revisions\/31123"}],"wp:featuredmedia":[{"embeddable":true,"href":"https:\/\/www.iceagetv.com\/radiosite\/wp-json\/wp\/v2\/media\/31122"}],"wp:attachment":[{"href":"https:\/\/www.iceagetv.com\/radiosite\/wp-json\/wp\/v2\/media?parent=31121"}],"wp:term":[{"taxonomy":"category","embeddable":true,"href":"https:\/\/www.iceagetv.com\/radiosite\/wp-json\/wp\/v2\/categories?post=31121"},{"taxonomy":"post_tag","embeddable":true,"href":"https:\/\/www.iceagetv.com\/radiosite\/wp-json\/wp\/v2\/tags?post=31121"}],"curies":[{"name":"wp","href":"https:\/\/api.w.org\/{rel}","templated":true}]}}