{"id":31127,"date":"2024-11-12T16:45:11","date_gmt":"2024-11-12T15:45:11","guid":{"rendered":"https:\/\/www.iceagetv.com\/radiosite\/?p=31127"},"modified":"2024-11-12T16:45:15","modified_gmt":"2024-11-12T15:45:15","slug":"match-france-israel-apres-emmanuel-macron-et-nicolas-sarkozy-francois-hollande-change-davis-et-prevoit-finalement-lui-aussi-dy-assister-la-maire-de-paris-anne-hidalgo-na-pas-encore","status":"publish","type":"post","link":"https:\/\/www.iceagetv.com\/radiosite\/match-france-israel-apres-emmanuel-macron-et-nicolas-sarkozy-francois-hollande-change-davis-et-prevoit-finalement-lui-aussi-dy-assister-la-maire-de-paris-anne-hidalgo-na-pas-encore\/","title":{"rendered":"Match France-Isra\u00ebl : Apr\u00e8s Emmanuel Macron et Nicolas Sarkozy, Fran\u00e7ois Hollande change d&rsquo;avis et pr\u00e9voit finalement lui aussi d\u2019y assister &#8211; La Maire de Paris, Anne Hidalgo n&rsquo;a pas encore donn\u00e9 de r\u00e9ponse"},"content":{"rendered":"\n<p class=\"\"><strong>Selon le\u00a0<a href=\"https:\/\/www.leparisien.fr\/politique\/france-israel-apres-emmanuel-macron-et-nicolas-sarkozy-francois-hollande-prevoit-lui-aussi-dassister-au-match-12-11-2024-CLKSEZGPQNHMNF4TJITP6C3WTQ.php\" target=\"_blank\" rel=\"noreferrer noopener\">Parisien<\/a>, Fran\u00e7ois Hollande pr\u00e9voit finalement d\u2019assister \u00e0 l\u2019\u00e9v\u00e9nement. Initialement, l\u2019ancien pr\u00e9sident de la R\u00e9publique \u00e9tait retenu pour un autre \u00ab engagement pr\u00e9vu de longue date \u00bb, indique son entourage \u00e0 nos confr\u00e8res. Mais le d\u00e9put\u00e9 socialiste a chang\u00e9 d\u2019avis. \u00ab Le pr\u00e9sident (Fran\u00e7ois Hollande) a tout \u00e0 fait conscience de la dimension que prend le match en termes d\u2019enjeu. Un symbole qui incarne la lutte contre l\u2019antis\u00e9mitisme, et pour laquelle il est et sera toujours engag\u00e9 \u00bb, explique son cabinet.<\/strong><\/p>\n\n\n\n<p class=\"\">Dimanche soir, le Pr\u00e9sident de la R\u00e9publique a annonc\u00e9 qu&rsquo;il serait pr\u00e9sent au Sade de France jeudi pour assister au match sous-tension France-Isra\u00ebl qui va voir la mobilisation de plus de 4.000 policiers. Mais il ne sera pas le seul car les m\u00e9dias annoncent la pr\u00e9sence \u00e9galement de plusieurs possibilit\u00e9s.<\/p>\n\n\n\n<p class=\"\">Ainsi, CNews fait savoir que le Premier ministre Michel Barnier sera \u00e9galement dans les tribunes ainsi que la porte-parole du gouvernement Maud Bregeon \u00e9galement.<\/p>\n\n\n\n<p class=\"\">Selon le Parisien, l\u2019ancien pr\u00e9sident de la R\u00e9publique Nicolas Sarkozy assistera lui aussi au match. le quotidien pr\u00e9cise , qu&rsquo;il n\u2019avait d\u2019abord pas pr\u00e9vu de s\u2019y rendre, \u00ab\u00a0mais dans ce contexte de grande tension, il \u00e9tait d\u2019autant plus important d\u2019\u00eatre pr\u00e9sent en soutien\u00a0\u00bb.<\/p>\n\n\n\n<p class=\"\">En revanche, il faut noter l&rsquo;absence de Fran\u00e7ois Hollande puisque l&rsquo;ancien Pr\u00e9sident a fait savoir de fa\u00e7on assez vague \u00ab\u00a0qu&rsquo;il \u00e9tait pris par un autre engagement\u00a0\u00bb.&nbsp;La maire de Paris&nbsp;Anne Hidalgo&nbsp;n\u2019a rien pas donn\u00e9 de r\u00e9ponse dans l&rsquo;imm\u00e9diat concernant son \u00e9ventuelle pr\u00e9sence dans les tribunes.<\/p>\n\n\n\n<p class=\"\">Quant \u00e0 Ya\u00ebl Braun-Pivet, la pr\u00e9sidente de l\u2019Assembl\u00e9e nationale, et son homologue du S\u00e9nat G\u00e9rard Larcher, ils seront au m\u00eame moment dans l\u2019avion retour de leur d\u00e9placement de cinq jours en Nouvelle-Cal\u00e9donie, donc absents.<\/p>\n","protected":false},"excerpt":{"rendered":"<p>Selon le\u00a0Parisien, Fran\u00e7ois Hollande pr\u00e9voit finalement d\u2019assister \u00e0 l\u2019\u00e9v\u00e9nement. Initialement, l\u2019ancien pr\u00e9sident de la R\u00e9publique \u00e9tait retenu pour un autre \u00ab engagement pr\u00e9vu de longue date \u00bb, indique son entourage \u00e0 nos confr\u00e8res. Mais le d\u00e9put\u00e9 socialiste a chang\u00e9 d\u2019avis. \u00ab Le pr\u00e9sident (Fran\u00e7ois Hollande) a tout \u00e0 fait conscience de la dimension que prend [&hellip;]<\/p>\n","protected":false},"author":2,"featured_media":31128,"comment_status":"open","ping_status":"open","sticky":false,"template":"","format":"standard","meta":{"_jetpack_memberships_contains_paid_content":false,"footnotes":"","jetpack_publicize_message":"","jetpack_publicize_feature_enabled":true,"jetpack_social_post_already_shared":true,"jetpack_social_options":{"image_generator_settings":{"template":"highway","enabled":true,"token":"eyJpbWciOiJodHRwczpcL1wvd3d3LmljZWFnZXR2LmNvbVwvcmFkaW9zaXRlXC93cC1jb250ZW50XC91cGxvYWRzXC8yMDI0XC8xMVwvNDY2MDg3NzczXzEwOTc4NzMzOTkwMTQ3MjhfNTc3MjQ0NDUyMTk0OTc5NzU5OF9uLmpwZyIsInR4dCI6Ik1hdGNoIEZyYW5jZS1Jc3JhXHUwMGVibCA6IEFwclx1MDBlOHMgRW1tYW51ZWwgTWFjcm9uIGV0IE5pY29sYXMgU2Fya296eSwgRnJhblx1MDBlN29pcyBIb2xsYW5kZSBjaGFuZ2UgZCYjODIxNzthdmlzIGV0IHByXHUwMGU5dm9pdCBmaW5hbGVtZW50IGx1aSBhdXNzaSBkXHUyMDE5eSBhc3Npc3RlciAmIzgyMTE7IExhIE1haXJlIGRlIFBhcmlzLCBBbm5lIEhpZGFsZ28gbiYjODIxNzthIHBhcyBlbmNvcmUgZG9ublx1MDBlOSBkZSByXHUwMGU5cG9uc2UiLCJ0ZW1wbGF0ZSI6ImhpZ2h3YXkiLCJibG9nX2lkIjoxMTEwMTY0NjF9.IuvOcHRz4oElxR7noHPw8z4RstsWoC-MR4tIkiJyIOMMQ"},"version":2},"_wpas_customize_per_network":false},"categories":[405],"tags":[],"class_list":["post-31127","post","type-post","status-publish","format-standard","has-post-thumbnail","hentry","category-actu-france-monde"],"jetpack_publicize_connections":[],"jetpack_featured_media_url":"https:\/\/i0.wp.com\/www.iceagetv.com\/radiosite\/wp-content\/uploads\/2024\/11\/466087773_1097873399014728_5772444521949797598_n.jpg?fit=446%2C588&ssl=1","jetpack_sharing_enabled":true,"_links":{"self":[{"href":"https:\/\/www.iceagetv.com\/radiosite\/wp-json\/wp\/v2\/posts\/31127","targetHints":{"allow":["GET"]}}],"collection":[{"href":"https:\/\/www.iceagetv.com\/radiosite\/wp-json\/wp\/v2\/posts"}],"about":[{"href":"https:\/\/www.iceagetv.com\/radiosite\/wp-json\/wp\/v2\/types\/post"}],"author":[{"embeddable":true,"href":"https:\/\/www.iceagetv.com\/radiosite\/wp-json\/wp\/v2\/users\/2"}],"replies":[{"embeddable":true,"href":"https:\/\/www.iceagetv.com\/radiosite\/wp-json\/wp\/v2\/comments?post=31127"}],"version-history":[{"count":1,"href":"https:\/\/www.iceagetv.com\/radiosite\/wp-json\/wp\/v2\/posts\/31127\/revisions"}],"predecessor-version":[{"id":31129,"href":"https:\/\/www.iceagetv.com\/radiosite\/wp-json\/wp\/v2\/posts\/31127\/revisions\/31129"}],"wp:featuredmedia":[{"embeddable":true,"href":"https:\/\/www.iceagetv.com\/radiosite\/wp-json\/wp\/v2\/media\/31128"}],"wp:attachment":[{"href":"https:\/\/www.iceagetv.com\/radiosite\/wp-json\/wp\/v2\/media?parent=31127"}],"wp:term":[{"taxonomy":"category","embeddable":true,"href":"https:\/\/www.iceagetv.com\/radiosite\/wp-json\/wp\/v2\/categories?post=31127"},{"taxonomy":"post_tag","embeddable":true,"href":"https:\/\/www.iceagetv.com\/radiosite\/wp-json\/wp\/v2\/tags?post=31127"}],"curies":[{"name":"wp","href":"https:\/\/api.w.org\/{rel}","templated":true}]}}