{"id":31146,"date":"2024-11-13T14:34:43","date_gmt":"2024-11-13T13:34:43","guid":{"rendered":"https:\/\/www.iceagetv.com\/radiosite\/?p=31146"},"modified":"2024-11-13T14:34:46","modified_gmt":"2024-11-13T13:34:46","slug":"la-detention-du-militant-ecologiste-paul-watson-detenu-depuis-juillet-est-prolongee-jusquau-4-decembre-prochain-au-groenland","status":"publish","type":"post","link":"https:\/\/www.iceagetv.com\/radiosite\/la-detention-du-militant-ecologiste-paul-watson-detenu-depuis-juillet-est-prolongee-jusquau-4-decembre-prochain-au-groenland\/","title":{"rendered":"La d\u00e9tention du militant \u00e9cologiste Paul Watson, d\u00e9tenu depuis juillet, est prolong\u00e9e jusqu&rsquo;au 4 d\u00e9cembre prochain au Groenland"},"content":{"rendered":"\n<p class=\"\">Le militant \u00e9cologiste Paul Watson restera en d\u00e9tention jusqu\u2019au 4 d\u00e9cembre, a d\u00e9cid\u00e9 mercredi la justice groenlandaise, dans l\u2019attente de la d\u00e9cision du gouvernement danois sur la demande d\u2019extradition du Japon li\u00e9e \u00e0 son combat pour les baleines.<\/p>\n\n\n\n<p class=\"\">\u00ab Le tribunal du Groenland a d\u00e9cid\u00e9 aujourd\u2019hui que Paul Watson serait maintenu en d\u00e9tention jusqu\u2019au 4 d\u00e9cembre 2024 afin d\u2019assurer sa pr\u00e9sence dans le processus d\u2019extradition \u00bb, a indiqu\u00e9 la police dans un communiqu\u00e9 pr\u00e9cisant que, \u00ab pour des raisons pratiques \u00bb, la prochaine audience sur sa d\u00e9tention se tiendra le 2 d\u00e9cembre.<\/p>\n\n\n\n<p class=\"\">Le militant am\u00e9ricano-canadien de 73 ans, qui a r\u00e9cemment demand\u00e9 la nationalit\u00e9 fran\u00e7aise, a \u00e9t\u00e9 arr\u00eat\u00e9 le 21 juillet \u00e0 Nuuk, capitale du Groenland, territoire autonome danois. Il \u00e9tait en route avec son navire le John Paul DeJoria pour intercepter un nouveau navire-usine baleinier nippon.<\/p>\n\n\n\n<p class=\"\">C\u2019est dans une autre affaire relative \u00e0 la chasse \u00e0 la baleine, remontant \u00e0 2010, que le Japon demande son extradition. La d\u00e9cision du tribunal de Nuuk, la cinqui\u00e8me dans ce sens depuis l\u2019arrestation du fondateur de Sea Shepherd, \u00e9tait attendue. M. Watson a fait appel devant la cour d\u2019appel du Groenland.<\/p>\n\n\n\n<p class=\"\">Les pr\u00e9c\u00e9dentes d\u00e9cisions de d\u00e9tention provisoire font elles l\u2019objet d\u2019une proc\u00e9dure d\u2019appel diff\u00e9rente, devant la Cour supr\u00eame du Danemark. \u00ab Au fur et \u00e0 mesure que le temps passe, le sentiment d\u2019injustice prend de plus en plus d\u2019ampleur \u00bb, avait relev\u00e9 Lamya Essemlali, la pr\u00e9sidente de Sea Shepherd France, avant l\u2019audience.<\/p>\n","protected":false},"excerpt":{"rendered":"<p>Le militant \u00e9cologiste Paul Watson restera en d\u00e9tention jusqu\u2019au 4 d\u00e9cembre, a d\u00e9cid\u00e9 mercredi la justice groenlandaise, dans l\u2019attente de la d\u00e9cision du gouvernement danois sur la demande d\u2019extradition du Japon li\u00e9e \u00e0 son combat pour les baleines. \u00ab Le tribunal du Groenland a d\u00e9cid\u00e9 aujourd\u2019hui que Paul Watson serait maintenu en d\u00e9tention jusqu\u2019au 4 [&hellip;]<\/p>\n","protected":false},"author":2,"featured_media":31147,"comment_status":"open","ping_status":"open","sticky":false,"template":"","format":"standard","meta":{"_jetpack_memberships_contains_paid_content":false,"footnotes":"","jetpack_publicize_message":"","jetpack_publicize_feature_enabled":true,"jetpack_social_post_already_shared":true,"jetpack_social_options":{"image_generator_settings":{"template":"highway","enabled":true,"token":"eyJpbWciOiJodHRwczpcL1wvd3d3LmljZWFnZXR2LmNvbVwvcmFkaW9zaXRlXC93cC1jb250ZW50XC91cGxvYWRzXC8yMDI0XC8xMVwvNGtKUXBPbWwuanBnIiwidHh0IjoiTGEgZFx1MDBlOXRlbnRpb24gZHUgbWlsaXRhbnQgXHUwMGU5Y29sb2dpc3RlIFBhdWwgV2F0c29uLCBkXHUwMGU5dGVudSBkZXB1aXMganVpbGxldCwgZXN0IHByb2xvbmdcdTAwZTllIGp1c3F1JiM4MjE3O2F1IDQgZFx1MDBlOWNlbWJyZSBwcm9jaGFpbiBhdSBHcm9lbmxhbmQiLCJ0ZW1wbGF0ZSI6ImhpZ2h3YXkiLCJibG9nX2lkIjoxMTEwMTY0NjF9.R-EEpMT-gKxIzMWvPX-t7-7D9gdd0OCw4lncmso0gzcMQ"},"version":2},"_wpas_customize_per_network":false},"categories":[405],"tags":[],"class_list":["post-31146","post","type-post","status-publish","format-standard","has-post-thumbnail","hentry","category-actu-france-monde"],"jetpack_publicize_connections":[],"jetpack_featured_media_url":"https:\/\/i0.wp.com\/www.iceagetv.com\/radiosite\/wp-content\/uploads\/2024\/11\/4kJQpOml.jpg?fit=679%2C293&ssl=1","jetpack_sharing_enabled":true,"_links":{"self":[{"href":"https:\/\/www.iceagetv.com\/radiosite\/wp-json\/wp\/v2\/posts\/31146","targetHints":{"allow":["GET"]}}],"collection":[{"href":"https:\/\/www.iceagetv.com\/radiosite\/wp-json\/wp\/v2\/posts"}],"about":[{"href":"https:\/\/www.iceagetv.com\/radiosite\/wp-json\/wp\/v2\/types\/post"}],"author":[{"embeddable":true,"href":"https:\/\/www.iceagetv.com\/radiosite\/wp-json\/wp\/v2\/users\/2"}],"replies":[{"embeddable":true,"href":"https:\/\/www.iceagetv.com\/radiosite\/wp-json\/wp\/v2\/comments?post=31146"}],"version-history":[{"count":1,"href":"https:\/\/www.iceagetv.com\/radiosite\/wp-json\/wp\/v2\/posts\/31146\/revisions"}],"predecessor-version":[{"id":31148,"href":"https:\/\/www.iceagetv.com\/radiosite\/wp-json\/wp\/v2\/posts\/31146\/revisions\/31148"}],"wp:featuredmedia":[{"embeddable":true,"href":"https:\/\/www.iceagetv.com\/radiosite\/wp-json\/wp\/v2\/media\/31147"}],"wp:attachment":[{"href":"https:\/\/www.iceagetv.com\/radiosite\/wp-json\/wp\/v2\/media?parent=31146"}],"wp:term":[{"taxonomy":"category","embeddable":true,"href":"https:\/\/www.iceagetv.com\/radiosite\/wp-json\/wp\/v2\/categories?post=31146"},{"taxonomy":"post_tag","embeddable":true,"href":"https:\/\/www.iceagetv.com\/radiosite\/wp-json\/wp\/v2\/tags?post=31146"}],"curies":[{"name":"wp","href":"https:\/\/api.w.org\/{rel}","templated":true}]}}