{"id":31153,"date":"2024-11-13T20:08:36","date_gmt":"2024-11-13T19:08:36","guid":{"rendered":"https:\/\/www.iceagetv.com\/radiosite\/?p=31153"},"modified":"2024-11-13T20:08:40","modified_gmt":"2024-11-13T19:08:40","slug":"urgent-proces-du-rassemblement-national-le-parquet-requiert-cinq-ans-de-prison-dont-trois-avec-sursis-5-ans-dineligibilite-et-300-000-euros-damende-contre-marine-le-pen","status":"publish","type":"post","link":"https:\/\/www.iceagetv.com\/radiosite\/urgent-proces-du-rassemblement-national-le-parquet-requiert-cinq-ans-de-prison-dont-trois-avec-sursis-5-ans-dineligibilite-et-300-000-euros-damende-contre-marine-le-pen\/","title":{"rendered":"URGENT &#8211; Proc\u00e8s du Rassemblement National : Le parquet requiert cinq ans de prison, dont trois avec sursis, 5 ans d&rsquo;in\u00e9ligibilit\u00e9 et 300.000 euros d&rsquo;amende contre Marine Le Pen."},"content":{"rendered":"\n<p class=\"\"><strong>Le parquet requiert cinq ans de prison, dont trois avec sursis, pour Marine Le Pen. Cette peine demeure\u00a0\u00ab\u00a0am\u00e9nageable\u00a0\u00bb\u00a0pr\u00e9cise le parquet. Il r\u00e9clame \u00e9galement \u00e9galement 300.000 euros d&rsquo;amende en plus de cinq ans d&rsquo;in\u00e9ligibilit\u00e9L&rsquo;in\u00e9ligibilit\u00e9 est demand\u00e9e pour tous les pr\u00e9venus.\u00a0<\/strong>Dans le cadre du proc\u00e8s des assistants parlementaires RN, le parquet a requis ce jeudi 14 novembre une peine d&rsquo;in\u00e9ligibilit\u00e9 \u00e0 l\u2019encontre de Marine Le Pen et 24 autres pr\u00e9venus.<strong>Les r\u00e9quisitions ont d\u00e9but\u00e9 avec une longue liste pour chacun des pr\u00e9venus<\/strong><\/p>\n\n\n\n<p class=\"\"><strong>Apr\u00e8s un mois et demi de proc\u00e8s, c\u2019est l\u2019heure des r\u00e9quisitions pour Marine Le Pen, le Rassemblement national et 24 autres pr\u00e9venus, accus\u00e9s d\u2019avoir d\u00e9tourn\u00e9 des fonds du Parlement europ\u00e9en au profit du parti. Les r\u00e9quisitions \u00e0 deux voix ont commenc\u00e9 vers 9H30 mercredi, et vont durer toute la journ\u00e9e.<\/strong><\/p>\n\n\n\n<p class=\"\">Apr\u00e8s des consid\u00e9rations g\u00e9n\u00e9rales, les deux repr\u00e9sentants du parquet, Louise Neyton et Nicolas Barret, devraient commencer par d\u00e9velopper leur analyse du \u00ab&nbsp;syst\u00e8me&nbsp;\u00bb qui a selon eux \u00e9t\u00e9 mis en place au Front national (devenu Rassemblement national) entre 2004 et 2016.<\/p>\n\n\n\n<p class=\"\">Selon l\u2019accusation, un \u00ab&nbsp;syst\u00e8me de gestion centralis\u00e9&nbsp;\u00bb a \u00e9t\u00e9 \u00e9tabli pour \u00ab&nbsp;vider&nbsp;\u00bb les enveloppes de 21.000 euros par mois auxquelles les d\u00e9put\u00e9s europ\u00e9ens avaient le droit, pour r\u00e9mun\u00e9rer des assistants parlementaires \u00ab&nbsp;fictifs&nbsp;\u00bb qui travaillaient en r\u00e9alit\u00e9 pour le parti (en tant que garde du corps, graphiste ou secr\u00e9taire), en vue de \u00ab&nbsp;soulager les finances&nbsp;\u00bb.<\/p>\n\n\n\n<p class=\"\">Les procureurs devraient ensuite s\u2019attarder sur le cas de chacun des pr\u00e9venus&nbsp;: les neuf ex-eurod\u00e9put\u00e9s frontistes, leurs 12 anciens assistants parlementaires, les experts-comptables et le tr\u00e9sorier, et enfin le parti lui-m\u00eame. Au total, on compte 26 pr\u00e9venus, jug\u00e9s devant le tribunal correctionnel pour d\u00e9tournement de fonds publics, complicit\u00e9 ou recel de ce d\u00e9lit.<\/p>\n\n\n\n<p class=\"\">Enfin, en fin d\u2019apr\u00e8s-midi ou d\u00e9but de soir\u00e9e, les procureurs devraient annoncer les peines requises contre chacun. Ils encourent des peines allant jusqu\u2019\u00e0 10 ans d\u2019emprisonnement, un million d\u2019euros d\u2019amende et une peine d\u2019in\u00e9ligibilit\u00e9 &#8211; qui pourrait s\u00e9rieusement entraver les ambitions de Marine Le Pen \u00e0 la pr\u00e9sidentielle de 2027.<\/p>\n\n\n\n<p class=\"\">Si une telle peine \u00e9tait prononc\u00e9e, elle aurait \u00ab&nbsp;des cons\u00e9quences extr\u00eamement graves&nbsp;\u00bb, a-t-elle plaid\u00e9 \u00e0 la barre. \u00ab&nbsp;Cela aurait pour effet de me priver d\u2019\u00eatre candidate \u00e0 la pr\u00e9sidentielle, voil\u00e0&nbsp;\u00bb.<\/p>\n\n\n\n<p class=\"\">\u00ab&nbsp;Derri\u00e8re il y a 11 millions de personnes qui ont vot\u00e9 pour le mouvement que je repr\u00e9sente. Donc demain potentiellement, ce sont des millions et des millions de Fran\u00e7ais qui de fait se verraient priver de leur candidat \u00e0 la pr\u00e9sidentielle&nbsp;\u00bb, avait-elle soutenu.<\/p>\n","protected":false},"excerpt":{"rendered":"<p>Le parquet requiert cinq ans de prison, dont trois avec sursis, pour Marine Le Pen. Cette peine demeure\u00a0\u00ab\u00a0am\u00e9nageable\u00a0\u00bb\u00a0pr\u00e9cise le parquet. Il r\u00e9clame \u00e9galement \u00e9galement 300.000 euros d&rsquo;amende en plus de cinq ans d&rsquo;in\u00e9ligibilit\u00e9L&rsquo;in\u00e9ligibilit\u00e9 est demand\u00e9e pour tous les pr\u00e9venus.\u00a0Dans le cadre du proc\u00e8s des assistants parlementaires RN, le parquet a requis ce jeudi 14 novembre [&hellip;]<\/p>\n","protected":false},"author":2,"featured_media":31154,"comment_status":"open","ping_status":"open","sticky":false,"template":"","format":"standard","meta":{"_jetpack_memberships_contains_paid_content":false,"footnotes":"","jetpack_publicize_message":"","jetpack_publicize_feature_enabled":true,"jetpack_social_post_already_shared":true,"jetpack_social_options":{"image_generator_settings":{"template":"highway","enabled":true,"token":"eyJpbWciOiJodHRwczpcL1wvd3d3LmljZWFnZXR2LmNvbVwvcmFkaW9zaXRlXC93cC1jb250ZW50XC91cGxvYWRzXC8yMDI0XC8xMVwvcm14V1F0R2IuanBnIiwidHh0IjoiVVJHRU5UICYjODIxMTsgUHJvY1x1MDBlOHMgZHUgUmFzc2VtYmxlbWVudCBOYXRpb25hbCA6IExlIHBhcnF1ZXQgcmVxdWllcnQgY2lucSBhbnMgZGUgcHJpc29uLCBkb250IHRyb2lzIGF2ZWMgc3Vyc2lzLCA1IGFucyBkJiM4MjE3O2luXHUwMGU5bGlnaWJpbGl0XHUwMGU5IGV0IDMwMC4wMDAgZXVyb3MgZCYjODIxNzthbWVuZGUgY29udHJlIE1hcmluZSBMZSBQZW4uIiwidGVtcGxhdGUiOiJoaWdod2F5IiwiYmxvZ19pZCI6MTExMDE2NDYxfQ.CxebShGbN1uMFAtfUjYr6fc5r5aS2DZkFl0oVJ7OzEQMQ"},"version":2},"_wpas_customize_per_network":false},"categories":[405],"tags":[],"class_list":["post-31153","post","type-post","status-publish","format-standard","has-post-thumbnail","hentry","category-actu-france-monde"],"jetpack_publicize_connections":[],"jetpack_featured_media_url":"https:\/\/i0.wp.com\/www.iceagetv.com\/radiosite\/wp-content\/uploads\/2024\/11\/rmxWQtGb.jpg?fit=679%2C293&ssl=1","jetpack_sharing_enabled":true,"_links":{"self":[{"href":"https:\/\/www.iceagetv.com\/radiosite\/wp-json\/wp\/v2\/posts\/31153","targetHints":{"allow":["GET"]}}],"collection":[{"href":"https:\/\/www.iceagetv.com\/radiosite\/wp-json\/wp\/v2\/posts"}],"about":[{"href":"https:\/\/www.iceagetv.com\/radiosite\/wp-json\/wp\/v2\/types\/post"}],"author":[{"embeddable":true,"href":"https:\/\/www.iceagetv.com\/radiosite\/wp-json\/wp\/v2\/users\/2"}],"replies":[{"embeddable":true,"href":"https:\/\/www.iceagetv.com\/radiosite\/wp-json\/wp\/v2\/comments?post=31153"}],"version-history":[{"count":1,"href":"https:\/\/www.iceagetv.com\/radiosite\/wp-json\/wp\/v2\/posts\/31153\/revisions"}],"predecessor-version":[{"id":31155,"href":"https:\/\/www.iceagetv.com\/radiosite\/wp-json\/wp\/v2\/posts\/31153\/revisions\/31155"}],"wp:featuredmedia":[{"embeddable":true,"href":"https:\/\/www.iceagetv.com\/radiosite\/wp-json\/wp\/v2\/media\/31154"}],"wp:attachment":[{"href":"https:\/\/www.iceagetv.com\/radiosite\/wp-json\/wp\/v2\/media?parent=31153"}],"wp:term":[{"taxonomy":"category","embeddable":true,"href":"https:\/\/www.iceagetv.com\/radiosite\/wp-json\/wp\/v2\/categories?post=31153"},{"taxonomy":"post_tag","embeddable":true,"href":"https:\/\/www.iceagetv.com\/radiosite\/wp-json\/wp\/v2\/tags?post=31153"}],"curies":[{"name":"wp","href":"https:\/\/api.w.org\/{rel}","templated":true}]}}