{"id":31162,"date":"2024-11-14T11:10:26","date_gmt":"2024-11-14T10:10:26","guid":{"rendered":"https:\/\/www.iceagetv.com\/radiosite\/?p=31162"},"modified":"2024-11-14T11:10:29","modified_gmt":"2024-11-14T10:10:29","slug":"toulouse-un-crs-hors-service-reconnu-comme-policier-violemment-agresse-par-une-quinzaine-dindividus-masques-devant-sa-compagne-trois-personnes-interpellees","status":"publish","type":"post","link":"https:\/\/www.iceagetv.com\/radiosite\/toulouse-un-crs-hors-service-reconnu-comme-policier-violemment-agresse-par-une-quinzaine-dindividus-masques-devant-sa-compagne-trois-personnes-interpellees\/","title":{"rendered":"Toulouse: Un CRS hors service, reconnu comme policier, violemment agress\u00e9 par une quinzaine d\u2019individus masqu\u00e9s devant sa compagne &#8211; Trois personnes interpell\u00e9es"},"content":{"rendered":"\n<p class=\"\">Mardi, vers 18h30, un CRS qui \u00e9tait hors service a \u00e9t\u00e9 violemment agress\u00e9 \u00e0 Toulouse (Haute-Garonne). Selon le&nbsp;<a href=\"https:\/\/www.lejdd.fr\/societe\/toulouse-reconnu-comme-policier-un-crs-au-repos-agresse-par-une-quinzaine-de-personnes-devant-sa-compagne-151685\" target=\"_blank\" rel=\"noreferrer noopener\">JDD<\/a>, il se trouvait dans sa voiture quand il a \u00e9t\u00e9 agress\u00e9 par une quinzaine de personnes, aux visages masqu\u00e9s.<\/p>\n\n\n\n<p class=\"\">Le policier a \u00e9t\u00e9 bless\u00e9 \u00e0 la m\u00e2choire. Sa compagne \u00ab\u00a0n\u2019est pas bless\u00e9e physiquement, mais elle est psychologiquement choqu\u00e9e\u00a0\u00bb, rapporte le responsable CRS au syndicat Alliance, Brice Berthoumieu, aupr\u00e8s de nos confr\u00e8res. Pour lui, son coll\u00e8gue a \u00e9t\u00e9 agress\u00e9 \u00ab\u00a0parce qu\u2019il a \u00e9t\u00e9 reconnu\u00a0\u00bb.&nbsp;<\/p>\n\n\n\n<p class=\"\">Trois personnes &#8211; des hommes \u00e2g\u00e9s d&rsquo;une vingtaine d&rsquo;ann\u00e9es &#8211; ont \u00e9t\u00e9 interpell\u00e9es et plac\u00e9es en garde \u00e0 vue. Une enqu\u00eate a \u00e9t\u00e9 ouverte.<\/p>\n\n\n\n<p class=\"\">\u00ab\u00a0Ce n\u2019est pas la premi\u00e8re fois que des coll\u00e8gues sont violent\u00e9s parce qu\u2019ils sont reconnus, notamment s\u2019ils reviennent dans le secteur o\u00f9 ils doivent travailler\u00a0\u00bb, poursuit le syndicaliste. \u00ab\u00a0Ils n\u2019ont plus peur d\u2019agresser les policiers, m\u00eame en dehors de la fonction et aupr\u00e8s de leur famille\u00a0\u00bb, ajoute-t-il.<\/p>\n","protected":false},"excerpt":{"rendered":"<p>Mardi, vers 18h30, un CRS qui \u00e9tait hors service a \u00e9t\u00e9 violemment agress\u00e9 \u00e0 Toulouse (Haute-Garonne). Selon le&nbsp;JDD, il se trouvait dans sa voiture quand il a \u00e9t\u00e9 agress\u00e9 par une quinzaine de personnes, aux visages masqu\u00e9s. Le policier a \u00e9t\u00e9 bless\u00e9 \u00e0 la m\u00e2choire. Sa compagne \u00ab\u00a0n\u2019est pas bless\u00e9e physiquement, mais elle est psychologiquement [&hellip;]<\/p>\n","protected":false},"author":2,"featured_media":30869,"comment_status":"open","ping_status":"open","sticky":false,"template":"","format":"standard","meta":{"_jetpack_memberships_contains_paid_content":false,"footnotes":"","jetpack_publicize_message":"","jetpack_publicize_feature_enabled":true,"jetpack_social_post_already_shared":true,"jetpack_social_options":{"image_generator_settings":{"template":"highway","enabled":true,"token":"eyJpbWciOiJodHRwczpcL1wvd3d3LmljZWFnZXR2LmNvbVwvcmFkaW9zaXRlXC93cC1jb250ZW50XC91cGxvYWRzXC8yMDI0XC8xMVwvZXZScmVjLVcuanBnIiwidHh0IjoiVG91bG91c2U6IFVuIENSUyBob3JzIHNlcnZpY2UsIHJlY29ubnUgY29tbWUgcG9saWNpZXIsIHZpb2xlbW1lbnQgYWdyZXNzXHUwMGU5IHBhciB1bmUgcXVpbnphaW5lIGRcdTIwMTlpbmRpdmlkdXMgbWFzcXVcdTAwZTlzIGRldmFudCBzYSBjb21wYWduZSAmIzgyMTE7IFRyb2lzIHBlcnNvbm5lcyBpbnRlcnBlbGxcdTAwZTllcyIsInRlbXBsYXRlIjoiaGlnaHdheSIsImJsb2dfaWQiOjExMTAxNjQ2MX0.xgGe0LhjUjo7-FN-b1amsbexMH4lP47m5mmH164p3YMMQ"},"version":2},"_wpas_customize_per_network":false},"categories":[405],"tags":[],"class_list":["post-31162","post","type-post","status-publish","format-standard","has-post-thumbnail","hentry","category-actu-france-monde"],"jetpack_publicize_connections":[],"jetpack_featured_media_url":"https:\/\/i0.wp.com\/www.iceagetv.com\/radiosite\/wp-content\/uploads\/2024\/11\/evRrec-W.jpg?fit=679%2C293&ssl=1","jetpack_sharing_enabled":true,"_links":{"self":[{"href":"https:\/\/www.iceagetv.com\/radiosite\/wp-json\/wp\/v2\/posts\/31162","targetHints":{"allow":["GET"]}}],"collection":[{"href":"https:\/\/www.iceagetv.com\/radiosite\/wp-json\/wp\/v2\/posts"}],"about":[{"href":"https:\/\/www.iceagetv.com\/radiosite\/wp-json\/wp\/v2\/types\/post"}],"author":[{"embeddable":true,"href":"https:\/\/www.iceagetv.com\/radiosite\/wp-json\/wp\/v2\/users\/2"}],"replies":[{"embeddable":true,"href":"https:\/\/www.iceagetv.com\/radiosite\/wp-json\/wp\/v2\/comments?post=31162"}],"version-history":[{"count":1,"href":"https:\/\/www.iceagetv.com\/radiosite\/wp-json\/wp\/v2\/posts\/31162\/revisions"}],"predecessor-version":[{"id":31163,"href":"https:\/\/www.iceagetv.com\/radiosite\/wp-json\/wp\/v2\/posts\/31162\/revisions\/31163"}],"wp:featuredmedia":[{"embeddable":true,"href":"https:\/\/www.iceagetv.com\/radiosite\/wp-json\/wp\/v2\/media\/30869"}],"wp:attachment":[{"href":"https:\/\/www.iceagetv.com\/radiosite\/wp-json\/wp\/v2\/media?parent=31162"}],"wp:term":[{"taxonomy":"category","embeddable":true,"href":"https:\/\/www.iceagetv.com\/radiosite\/wp-json\/wp\/v2\/categories?post=31162"},{"taxonomy":"post_tag","embeddable":true,"href":"https:\/\/www.iceagetv.com\/radiosite\/wp-json\/wp\/v2\/tags?post=31162"}],"curies":[{"name":"wp","href":"https:\/\/api.w.org\/{rel}","templated":true}]}}