{"id":31193,"date":"2024-11-15T11:53:31","date_gmt":"2024-11-15T10:53:31","guid":{"rendered":"https:\/\/www.iceagetv.com\/radiosite\/?p=31193"},"modified":"2024-11-15T11:53:35","modified_gmt":"2024-11-15T10:53:35","slug":"colere-des-agriculteurs-ou-en-sont-les-mesures-annoncees-par-le-gouvernement-et-que-reclame-encore-le-secteur","status":"publish","type":"post","link":"https:\/\/www.iceagetv.com\/radiosite\/colere-des-agriculteurs-ou-en-sont-les-mesures-annoncees-par-le-gouvernement-et-que-reclame-encore-le-secteur\/","title":{"rendered":"Col\u00e8re des agriculteurs\u00a0: o\u00f9 en sont les mesures annonc\u00e9es par le gouvernement et que r\u00e9clame encore le secteur\u00a0?"},"content":{"rendered":"\n<p class=\"\">Depuis la crise de l&rsquo;hiver dernier, les agriculteurs ont obtenu des aides d&rsquo;urgence et de premi\u00e8res mesures de simplification, mais ils sont pr\u00eats \u00e0 ressortir dans la rue d\u00e8s ce lundi. Ils exigent encore la disparition d&rsquo;un projet d&rsquo;accord de libre-\u00e9change et la garantie d&rsquo;un revenu d\u00e9cent.Moins d&rsquo;un an apr\u00e8s la mobilisation des agriculteurs l&rsquo;hiver dernier,\u00a0<a href=\"https:\/\/www.francebleu.fr\/infos\/agriculture-peche\/crise-agricole-la-fnsea-appelle-a-la-mobilisation-nationale-a-partir-de-lundi-3732045\" target=\"_blank\" rel=\"noreferrer noopener\">un nouvel \u00e9pisode d&rsquo;actions se profile \u00e0 partir de ce lundi<\/a>.\u00a0<a href=\"https:\/\/www.francebleu.fr\/infos\/economie-social\/agriculture-les-syndicats-majoritaires-appellent-a-des-manifestations-a-partir-du-15-novembre-5354404\" target=\"_blank\" rel=\"noreferrer noopener\">Fin octobre<\/a>, l&rsquo;alliance syndicale agricole majoritaire form\u00e9e par la FNSEA et les Jeunes Agriculteurs, qui a organis\u00e9 des blocages exceptionnels dans toute la France d\u00e9but 2024, a appel\u00e9 son\u00a0<em>\u00ab\u00a0r\u00e9seau\u00a0\u00bb<\/em>\u00a0\u00e0 ressortir les tracteurs et \u00e0 reprendre les manifestations. Les deux syndicats ont assur\u00e9 que ce nouveau mouvement des agriculteurs allait\u00a0<em>\u00ab\u00a0durer jusque mi-d\u00e9cembre<\/em>\u00ab\u00a0, avec des manifestations ponctuelles dans les d\u00e9partements, pour d\u00e9noncer des trait\u00e9s de libre-\u00e9change, les\u00a0<em>\u00ab\u00a0contraintes\u00a0\u00bb<\/em>\u00a0impos\u00e9es aux agriculteurs et demander un soutien sur\u00a0<em>\u00ab\u00a0la question du revenu\u00a0\u00bb<\/em>.<\/p>\n\n\n\n<p class=\"\">Qu&rsquo;est-ce qui pousse encore les agriculteurs \u00e0 se mobiliser&nbsp;? Quelles sont les mesures d\u00e9j\u00e0 annonc\u00e9es par les gouvernements successifs&nbsp;? Quelles sont celles qui doivent arriver prochainement&nbsp;? France Bleu fait le point.<\/p>\n\n\n\n<h2 class=\"wp-block-heading\">La loi d&rsquo;orientation agricole examin\u00e9e avec du retard<\/h2>\n\n\n\n<p class=\"\">Le retard pris par&nbsp;<a href=\"https:\/\/www.francebleu.fr\/infos\/agriculture-peche\/agriculture-ce-que-l-on-sait-sur-le-projet-de-loi-presente-en-conseil-des-ministres-ce-mercredi-7350140\" target=\"_blank\" rel=\"noreferrer noopener\">la loi d&rsquo;orientation agricole<\/a>, \u00e0 cause de la&nbsp;<a href=\"https:\/\/www.francebleu.fr\/infos\/politique\/direct-video-elections-europeennes-suivez-l-allocution-d-emmanuel-macron-9625454\" target=\"_blank\" rel=\"noreferrer noopener\">dissolution de l&rsquo;Assembl\u00e9e<\/a>, agace profond\u00e9ment les agriculteurs. Le texte reprendra finalement son chemin parlementaire \u00e0 partir du&nbsp;<strong>mardi 14 janvier 2025 au S\u00e9nat<\/strong>. Un retard pr\u00e9judiciable pour le chef des d\u00e9put\u00e9s MoDem Marc Fesneau, ex-ministre de l&rsquo;Agriculture, qui avait port\u00e9 ce texte au printemps \u00e0 l&rsquo;Assembl\u00e9e. Il a jug\u00e9&nbsp;<em>\u00ab\u00a0dommage que l&rsquo;on attende janvier\u00a0\u00bb<\/em>&nbsp;sur ce texte qui apporte \u00ab\u00a0<em>des r\u00e9ponses sur la simplification (et) l&rsquo;installation des jeunes\u00a0\u00bb<\/em>&nbsp;agriculteurs.<\/p>\n\n\n\n<p class=\"\">Promis et \u00e9labor\u00e9 pour r\u00e9pondre \u00e0 la col\u00e8re du secteur, il place l&rsquo;agriculture au rang d&rsquo;int\u00e9r\u00eat g\u00e9n\u00e9ral majeur. Il est b\u00e2ti autour de la notion de \u00ab\u00a0souverainet\u00e9 alimentaire\u00a0\u00bb, met en place un guichet unique pour l&rsquo;installation de nouveaux agriculteurs et facilite la construction de b\u00e2timents d&rsquo;\u00e9levage ou de r\u00e9serves d&rsquo;eau. Le projet de loi entend donner un cadre d&rsquo;action au monde agricole pour relever deux d\u00e9fis majeurs\u00a0:\u00a0<strong>attirer des bras<\/strong>, alors qu&rsquo;un tiers des quelque 500.000 agriculteurs sera en \u00e2ge de partir \u00e0 la retraite d&rsquo;ici dix ans, et\u00a0<strong>adapter les syst\u00e8mes de production<\/strong>\u00a0au changement climatique, notamment via les progr\u00e8s techniques (num\u00e9rique, g\u00e9n\u00e9tique, robotique). \u00c0 ce stade, il fixe comme objectif \u00ab\u00a0<em>400.000 exploitations agricoles\u00a0\u00bb<\/em>\u00a0d&rsquo;ici 2035.<\/p>\n\n\n\n<p class=\"\">Le texte cr\u00e9e aussi&nbsp;<strong>un nouveau dipl\u00f4me de niveau bac+3<\/strong>&nbsp;et instaure un r\u00e9seau \u00ab\u00a0France services agriculture\u00a0\u00bb : un guichet unique pour les pr\u00e9tendants \u00e0 l&rsquo;installation ou \u00e0 la transmission d&rsquo;exploitations. La FNSEA estimait que le principal obstacle \u00e0 la plantation de haies \u00e9tait le millefeuille administratif, avec&nbsp;<em>\u00ab\u00a014 r\u00e9glementations diff\u00e9rentes\u00a0\u00bb<\/em>. Avec la loi agricole, ce&nbsp;<em>\u00ab\u00a0corpus\u00a0\u00bb<\/em>&nbsp;doit \u00eatre unifi\u00e9 dans une&nbsp;<em>\u00ab\u00a0r\u00e9glementation unique\u00a0\u00bb.<\/em><\/p>\n\n\n\n<h2 class=\"wp-block-heading\">Un texte \u00ab\u00a0anti-entraves\u00a0\u00bb bient\u00f4t \u00e9tudi\u00e9 au S\u00e9nat<\/h2>\n\n\n\n<p class=\"\">Avant le retour de la loi d&rsquo;orientation agricole en janvier, un&nbsp;texte visant \u00e0 r\u00e9duire les \u00ab\u00a0entraves\u00a0\u00bb \u00e0 la production agricole doit \u00eatre examin\u00e9 avant la fin de l&rsquo;ann\u00e9e au S\u00e9nat.&nbsp;Il reprend&nbsp;<strong>plusieurs revendications de la FNSEA<\/strong>, en r\u00e9autorisant&nbsp;<a href=\"https:\/\/www.francebleu.fr\/infos\/agriculture-peche\/la-france-renonce-a-autoriser-les-neonicotinoides-pour-les-semences-de-betteraves-6403334\" target=\"_blank\" rel=\"noreferrer noopener\">l&rsquo;utilisation d&rsquo;insecticides n\u00e9onicotino\u00efdes<\/a>&nbsp;n&rsquo;\u00e9tant pas interdits dans le reste de l&rsquo;Union europ\u00e9enne. La ministre de l&rsquo;Agriculture avait d&rsquo;ailleurs regrett\u00e9 les restrictions trop importantes de l&rsquo;usage de certains pesticides, d\u00e9plorant une&nbsp;<em>\u00ab\u00a0surtransposition\u00a0\u00bb<\/em>&nbsp;des r\u00e8gles impos\u00e9es par l&rsquo;UE qui p\u00e9naliserait certaines fili\u00e8res.&nbsp;<em>\u00ab\u00a0La situation de certaines fili\u00e8res, franchement, fend le c\u0153ur\u00a0\u00bb<\/em>, a soulign\u00e9 Annie Genevard. Elle a \u00e9voqu\u00e9 le cas de la fili\u00e8re des noisettes o\u00f9 les exploitants&nbsp;<em>\u00ab\u00a0n&rsquo;ont rien pour traiter, alors que tous les concurrents europ\u00e9ens, eux, traitent\u00a0\u00bb.<\/em><\/p>\n\n\n\n<p class=\"\">Le texte \u00ab\u00a0anti-entraves\u00a0\u00bb pourrait aussi permettre au minist\u00e8re de l&rsquo;Agriculture de suspendre, dans certaines conditions, une d\u00e9cision de l&rsquo;agence sanitaire Anses en mati\u00e8re d&rsquo;homologation de produits phytopharmaceutiques. Toujours sur le volet \u00ab\u00a0phyto\u00a0\u00bb, le texte revient sur l&rsquo;interdiction des remises, rabais et ristournes sur la vente de ces produits. Une mesure facilitant les projets de stockage de l&rsquo;eau (les bassines)&nbsp;<em>\u00ab\u00a0pr\u00e9sentant un int\u00e9r\u00eat g\u00e9n\u00e9ral majeur\u00a0\u00bb<\/em>&nbsp;est \u00e9galement introduite.<\/p>\n\n\n\n<h2 class=\"wp-block-heading\">Le contr\u00f4le unique act\u00e9 par le gouvernement<\/h2>\n\n\n\n<p class=\"\">Les agriculteurs attendaient des&nbsp;<strong><em>\u00ab\u00a0actions concr\u00e8tes dans les cours de ferme<\/em>\u00ab\u00a0<\/strong>&nbsp;et notamment des&nbsp;<em>\u00ab\u00a0mesures de simplification\u00a0\u00bb<\/em>&nbsp;dont certaines ne co\u00fbtent rien, expliquait en octobre le pr\u00e9sident de la FNSEA. Le secteur demandait&nbsp;<strong>la mise en place du contr\u00f4le unique<\/strong>, alors que les agriculteurs&nbsp;<em>\u00ab\u00a0peuvent \u00eatre soumis \u00e0 pr\u00e8s de 35 \u00e0 40 contr\u00f4les diff\u00e9rents dans la m\u00eame ann\u00e9e\u00a0\u00bb<\/em>, a d\u00e9clar\u00e9 Arnaud Rousseau.<\/p>\n\n\n\n<p class=\"\">En r\u00e9ponse \u00e0 cette\u00a0<strong>demande de longue date,<\/strong>\u00a0la ministre Annie Genevard a annonc\u00e9 jeudi 31 octobre l&rsquo;instauration d'\u00a0\u00bb<em>un contr\u00f4le administratif unique\u00a0\u00bb<\/em>\u00a0sur\u00a0les exploitations, en signant une circulaire. C&rsquo;est le pr\u00e9fet de d\u00e9partement qui devra g\u00e9rer ce contr\u00f4le unique\u00a0: il se\u00a0<em>\u00ab\u00a0trouve d\u00e9sormais investi d&rsquo;un r\u00f4le de coordination qui a pour objectif de limiter la pression du contr\u00f4le sur place \u00e0 une seule visite par an et par exploitation\u00a0\u00bb,<\/em>\u00a0a-t-elle indiqu\u00e9.<\/p>\n\n\n\n<h2 class=\"wp-block-heading\">Des all\u00e9gements fiscaux pr\u00e9vus dans le budget<\/h2>\n\n\n\n<p class=\"\">Alors que les entreprises sont appel\u00e9es \u00e0 contribuer au redressement des finances publiques, le budget d\u00e9battu par les d\u00e9put\u00e9s \u00e0 l&rsquo;Assembl\u00e9e nationale introduit des all\u00e8gements pour les agriculteurs. Le texte pr\u00e9voit l&rsquo;abandon de la hausse de la fiscalit\u00e9 sur le gazole non routier (GNR), le carburant des tracteurs, d\u00e9j\u00e0 act\u00e9 par Gabriel Attal&nbsp;<a href=\"https:\/\/www.francebleu.fr\/infos\/agriculture-peche\/direct-video-colere-des-agriculteurs-suivez-les-annonces-de-gabriel-attal-1912900\" target=\"_blank\" rel=\"noreferrer noopener\">en janvier 2023<\/a>, la r\u00e9duction de l&rsquo;assiette imposable des \u00e9leveurs bovins ou encore des mesures d&rsquo;incitation \u00e0 la transmission des exploitations.&nbsp;La Coordination rurale (CR) r\u00e9clame, elle, toujours un&nbsp;<em>\u00ab\u00a0GNR plafonn\u00e9 \u00e0 un euro TTC\u00a0\u00bb.<\/em><\/p>\n\n\n\n<p class=\"\">Par ailleurs, les agriculteurs (non-salari\u00e9s) vont commencer \u00e0 b\u00e9n\u00e9ficier, \u00e0 partir de 2026, d&rsquo;une retraite align\u00e9e sur le r\u00e9gime g\u00e9n\u00e9ral,\u00a0<strong>prenant en compte les 25 meilleures ann\u00e9es de revenu<\/strong>. Mais pour des raisons techniques, la r\u00e9forme (vot\u00e9e d\u00e9but 2023, et qui attendait toujours son application) ne pourra \u00eatre r\u00e9ellement mise en \u0153uvre de mani\u00e8re\u00a0<em>\u00ab\u00a0op\u00e9rationnelle\u00a0\u00bb<\/em>\u00a0qu&rsquo;en 2028.<\/p>\n\n\n\n<h2 class=\"wp-block-heading\">Des tr\u00e9soreries toujours en p\u00e9ril, une enveloppe pour les exploitations en difficult\u00e9<\/h2>\n\n\n\n<p class=\"\">Malgr\u00e9 ces annonces et en attendant la loi d&rsquo;orientation agricole, la situation sur le terrain reste explosive. Si le contr\u00f4le unique,&nbsp;<em>\u00ab\u00a0c&rsquo;est d\u00e9j\u00e0 un premier pas\u00a0\u00bb<\/em>&nbsp;pour Guillaume Houdy, copr\u00e9sident des Jeunes Agriculteurs Ile-de-France Ouest,&nbsp;<em>\u00ab\u00a0il faudra que \u00e7a aille bien au-del\u00e0<\/em>, a-t-il affirm\u00e9.&nbsp;<em>Le probl\u00e8me principal aujourd&rsquo;hui c&rsquo;est le revenu des agriculteurs\u00a0\u00bb.<\/em>&nbsp;Certaines peinent toujours \u00e0 se d\u00e9gager un salaire et les tr\u00e9soreries de nombreuses exploitations restent en grande difficult\u00e9,&nbsp;alors que le secteur est touch\u00e9 par des mauvaises nouvelles successives.&nbsp;La France a connu&nbsp;<a href=\"https:\/\/www.francebleu.fr\/infos\/agriculture-peche\/agriculture-une-recolte-de-ble-catastrophique-cette-annee-au-plus-bas-depuis-plus-de-40-ans-9986725\" target=\"_blank\" rel=\"noreferrer noopener\">sa pire r\u00e9colte de bl\u00e9 en 40 ans<\/a>,&nbsp;<a href=\"https:\/\/www.francebleu.fr\/infos\/agriculture-peche\/vin-la-production-viticole-attendue-en-recul-de-23-en-france-a-cause-de-conditions-meteorologiques-defavorables-1998793\" target=\"_blank\" rel=\"noreferrer noopener\">la production viticole 2024 en France est attendue en recul de 23%<\/a>&nbsp;sur un an et&nbsp;<a href=\"https:\/\/www.francebleu.fr\/infos\/agriculture-peche\/video-maladie-hemorragique-epizootique-et-fievre-catarrhale-ovine-ces-epidemies-qui-font-peur-aux-eleveurs-1337418\" target=\"_blank\" rel=\"noreferrer noopener\">les \u00e9pid\u00e9mies animales<\/a>, qui provoquent l&rsquo;affaiblissement ou la mort des b\u00eates, sont en recrudescence. Les semis de bl\u00e9 d&rsquo;hiver pourraient aussi \u00eatre menac\u00e9s si les sols restent gorg\u00e9s d&rsquo;eau,&nbsp;<strong>apr\u00e8s des mois de pluies quasi incessantes.<\/strong><\/p>\n","protected":false},"excerpt":{"rendered":"<p>Depuis la crise de l&rsquo;hiver dernier, les agriculteurs ont obtenu des aides d&rsquo;urgence et de premi\u00e8res mesures de simplification, mais ils sont pr\u00eats \u00e0 ressortir dans la rue d\u00e8s ce lundi. Ils exigent encore la disparition d&rsquo;un projet d&rsquo;accord de libre-\u00e9change et la garantie d&rsquo;un revenu d\u00e9cent.Moins d&rsquo;un an apr\u00e8s la mobilisation des agriculteurs l&rsquo;hiver [&hellip;]<\/p>\n","protected":false},"author":2,"featured_media":31194,"comment_status":"open","ping_status":"open","sticky":false,"template":"","format":"standard","meta":{"_jetpack_memberships_contains_paid_content":false,"footnotes":"","jetpack_publicize_message":"","jetpack_publicize_feature_enabled":true,"jetpack_social_post_already_shared":true,"jetpack_social_options":{"image_generator_settings":{"template":"highway","enabled":true,"token":"eyJpbWciOiJodHRwczpcL1wvd3d3LmljZWFnZXR2LmNvbVwvcmFkaW9zaXRlXC93cC1jb250ZW50XC91cGxvYWRzXC8yMDI0XC8xMVwvQ29sZXJlLWRlcy1hZ3JpY3VsdGV1cnMuanBnIiwidHh0IjoiQ29sXHUwMGU4cmUgZGVzIGFncmljdWx0ZXVyc1x1MDBhMDogb1x1MDBmOSBlbiBzb250IGxlcyBtZXN1cmVzIGFubm9uY1x1MDBlOWVzIHBhciBsZSBnb3V2ZXJuZW1lbnQgZXQgcXVlIHJcdTAwZTljbGFtZSBlbmNvcmUgbGUgc2VjdGV1clx1MDBhMD8iLCJ0ZW1wbGF0ZSI6ImhpZ2h3YXkiLCJibG9nX2lkIjoxMTEwMTY0NjF9.3m5gCS7JUfJNVuvCJNcaxU5I2IFHyWiE3pZDezdy5RMMQ"},"version":2},"_wpas_customize_per_network":false},"categories":[405],"tags":[],"class_list":["post-31193","post","type-post","status-publish","format-standard","has-post-thumbnail","hentry","category-actu-france-monde"],"jetpack_publicize_connections":[],"jetpack_featured_media_url":"https:\/\/i0.wp.com\/www.iceagetv.com\/radiosite\/wp-content\/uploads\/2024\/11\/Colere-des-agriculteurs.jpg?fit=583%2C337&ssl=1","jetpack_sharing_enabled":true,"_links":{"self":[{"href":"https:\/\/www.iceagetv.com\/radiosite\/wp-json\/wp\/v2\/posts\/31193","targetHints":{"allow":["GET"]}}],"collection":[{"href":"https:\/\/www.iceagetv.com\/radiosite\/wp-json\/wp\/v2\/posts"}],"about":[{"href":"https:\/\/www.iceagetv.com\/radiosite\/wp-json\/wp\/v2\/types\/post"}],"author":[{"embeddable":true,"href":"https:\/\/www.iceagetv.com\/radiosite\/wp-json\/wp\/v2\/users\/2"}],"replies":[{"embeddable":true,"href":"https:\/\/www.iceagetv.com\/radiosite\/wp-json\/wp\/v2\/comments?post=31193"}],"version-history":[{"count":1,"href":"https:\/\/www.iceagetv.com\/radiosite\/wp-json\/wp\/v2\/posts\/31193\/revisions"}],"predecessor-version":[{"id":31195,"href":"https:\/\/www.iceagetv.com\/radiosite\/wp-json\/wp\/v2\/posts\/31193\/revisions\/31195"}],"wp:featuredmedia":[{"embeddable":true,"href":"https:\/\/www.iceagetv.com\/radiosite\/wp-json\/wp\/v2\/media\/31194"}],"wp:attachment":[{"href":"https:\/\/www.iceagetv.com\/radiosite\/wp-json\/wp\/v2\/media?parent=31193"}],"wp:term":[{"taxonomy":"category","embeddable":true,"href":"https:\/\/www.iceagetv.com\/radiosite\/wp-json\/wp\/v2\/categories?post=31193"},{"taxonomy":"post_tag","embeddable":true,"href":"https:\/\/www.iceagetv.com\/radiosite\/wp-json\/wp\/v2\/tags?post=31193"}],"curies":[{"name":"wp","href":"https:\/\/api.w.org\/{rel}","templated":true}]}}