{"id":31231,"date":"2024-11-17T13:04:05","date_gmt":"2024-11-17T12:04:05","guid":{"rendered":"https:\/\/www.iceagetv.com\/radiosite\/?p=31231"},"modified":"2024-11-17T13:04:09","modified_gmt":"2024-11-17T12:04:09","slug":"deces-de-la-rouennaise-denise-holstein-lune-des-dernieres-rescapees-francaises-dauschwitz","status":"publish","type":"post","link":"https:\/\/www.iceagetv.com\/radiosite\/deces-de-la-rouennaise-denise-holstein-lune-des-dernieres-rescapees-francaises-dauschwitz\/","title":{"rendered":"D\u00e9c\u00e8s de la Rouennaise Denise Holstein, l&rsquo;une des derni\u00e8res rescap\u00e9es fran\u00e7aises d&rsquo;Auschwitz"},"content":{"rendered":"\n<p class=\"\">Denis Holstein, n\u00e9e \u00e0 Rouen (Seine-Maritime), survivante d&rsquo;Auschwitz, est d\u00e9c\u00e9d\u00e9e samedi 16 novembre 2024 \u00e0 l&rsquo;\u00e2ge de 97 ans.<\/p>\n\n\n\n<p class=\"\"><strong>Denis Holstein<\/strong>, n\u00e9e le 6 f\u00e9vrier 1927 \u00e0&nbsp;<a href=\"https:\/\/actu.fr\/normandie\/rouen_76540\">Rouen (Seine-Maritime)<\/a>, survivante d\u2019Auschwitz, est d\u00e9c\u00e9d\u00e9e samedi 16 novembre 2024 \u00e0 l\u2019\u00e2ge de 97 ans.<\/p>\n\n\n\n<p class=\"\">\u00c0 l\u2019\u00e2ge de 15 ans, elle est arr\u00eat\u00e9e avec sa famille. S\u00e9par\u00e9e de ses parents \u00e0&nbsp;<a href=\"https:\/\/actu.fr\/ile-de-france\/seine-saint-denis_93\">Drancy (Seine-Saint-Denis)<\/a>, Denise Holstein est d\u00e9port\u00e9e \u00e0 la fin du mois de juillet 1944 \u00e0<strong>&nbsp;Auschwitz puis \u00e0 Bergen-Belsen<\/strong>, d\u2019o\u00f9 elle sera lib\u00e9r\u00e9e le 15 avril 1945 par l\u2019arm\u00e9e britannique. \u00c0 sa sortie, elle ne pesait plus que 35 kg, soit la moiti\u00e9 de son poids un an plus t\u00f4t.&nbsp;<\/p>\n\n\n\n<h2 class=\"wp-block-heading\">Des t\u00e9moignages et des hommages<\/h2>\n\n\n\n<p class=\"\">Denise Holstein t\u00e9moigne de son histoire depuis les ann\u00e9es 1990,&nbsp;<a href=\"https:\/\/actu.fr\/normandie\/elbeuf_76231\/shoah-a-elbeuf-il-y-a-80-ans-sarah-jean-serge-et-28-autres-juifs-ont-ete-arretes-dans-l-agglo_57013106.html\">dans les \u00e9tablissements scolaires<\/a>, les m\u00e9dias, et dans deux ouvrages. En 2019, la Ville de Rouen<a href=\"https:\/\/actu.fr\/normandie\/rouen_76540\/matrimoine-plaque-visite-theatralise-hommage-trois-illustres-rouennaises-rouen_21889449.html\">&nbsp;avait d\u00e9voil\u00e9e une plaque en son hommage<\/a>, pr\u00e8s de l\u2019immeuble o\u00f9 sa famille vivait avant la guerre.&nbsp;<\/p>\n\n\n\n<p class=\"\">Le maire de Rouen&nbsp;<a href=\"https:\/\/actu.fr\/tag\/nicolas-mayer-rossignol\">Nicolas Mayer-Rossignol<\/a>&nbsp;a r\u00e9agi sur X (ex-Twitter) :&nbsp;\u00ab&nbsp;<strong>Denise Holstein \u00e9tait une grande dame de Rouen.<\/strong>&nbsp;Nous sommes fiers qu\u2019une salle municipale porte son nom, et qu\u2019une plaque comm\u00e9morative square Verdrel honore sa m\u00e9moire.&nbsp;\u00bb<\/p>\n","protected":false},"excerpt":{"rendered":"<p>Denis Holstein, n\u00e9e \u00e0 Rouen (Seine-Maritime), survivante d&rsquo;Auschwitz, est d\u00e9c\u00e9d\u00e9e samedi 16 novembre 2024 \u00e0 l&rsquo;\u00e2ge de 97 ans. Denis Holstein, n\u00e9e le 6 f\u00e9vrier 1927 \u00e0&nbsp;Rouen (Seine-Maritime), survivante d\u2019Auschwitz, est d\u00e9c\u00e9d\u00e9e samedi 16 novembre 2024 \u00e0 l\u2019\u00e2ge de 97 ans. \u00c0 l\u2019\u00e2ge de 15 ans, elle est arr\u00eat\u00e9e avec sa famille. S\u00e9par\u00e9e de ses [&hellip;]<\/p>\n","protected":false},"author":2,"featured_media":31232,"comment_status":"open","ping_status":"open","sticky":false,"template":"","format":"standard","meta":{"_jetpack_memberships_contains_paid_content":false,"footnotes":"","jetpack_publicize_message":"","jetpack_publicize_feature_enabled":true,"jetpack_social_post_already_shared":true,"jetpack_social_options":{"image_generator_settings":{"template":"highway","enabled":true,"token":"eyJpbWciOiJodHRwczpcL1wvd3d3LmljZWFnZXR2LmNvbVwvcmFkaW9zaXRlXC93cC1jb250ZW50XC91cGxvYWRzXC8yMDI0XC8xMVwvRGVjZXMtZGUtbGEtUm91ZW5uYWlzZS1EZW5pc2UtSG9sc3RlaW4uanBnIiwidHh0IjoiRFx1MDBlOWNcdTAwZThzIGRlIGxhIFJvdWVubmFpc2UgRGVuaXNlIEhvbHN0ZWluLCBsJiM4MjE3O3VuZSBkZXMgZGVybmlcdTAwZThyZXMgcmVzY2FwXHUwMGU5ZXMgZnJhblx1MDBlN2Fpc2VzIGQmIzgyMTc7QXVzY2h3aXR6IiwidGVtcGxhdGUiOiJoaWdod2F5IiwiYmxvZ19pZCI6MTExMDE2NDYxfQ.EuhePgMaITSed1bw3Kj_Ap3V4b1zISW0yjbpTeAUwcUMQ"},"version":2},"_wpas_customize_per_network":false},"categories":[405],"tags":[],"class_list":["post-31231","post","type-post","status-publish","format-standard","has-post-thumbnail","hentry","category-actu-france-monde"],"jetpack_publicize_connections":[],"jetpack_featured_media_url":"https:\/\/i0.wp.com\/www.iceagetv.com\/radiosite\/wp-content\/uploads\/2024\/11\/Deces-de-la-Rouennaise-Denise-Holstein.jpg?fit=960%2C640&ssl=1","jetpack_sharing_enabled":true,"_links":{"self":[{"href":"https:\/\/www.iceagetv.com\/radiosite\/wp-json\/wp\/v2\/posts\/31231","targetHints":{"allow":["GET"]}}],"collection":[{"href":"https:\/\/www.iceagetv.com\/radiosite\/wp-json\/wp\/v2\/posts"}],"about":[{"href":"https:\/\/www.iceagetv.com\/radiosite\/wp-json\/wp\/v2\/types\/post"}],"author":[{"embeddable":true,"href":"https:\/\/www.iceagetv.com\/radiosite\/wp-json\/wp\/v2\/users\/2"}],"replies":[{"embeddable":true,"href":"https:\/\/www.iceagetv.com\/radiosite\/wp-json\/wp\/v2\/comments?post=31231"}],"version-history":[{"count":1,"href":"https:\/\/www.iceagetv.com\/radiosite\/wp-json\/wp\/v2\/posts\/31231\/revisions"}],"predecessor-version":[{"id":31233,"href":"https:\/\/www.iceagetv.com\/radiosite\/wp-json\/wp\/v2\/posts\/31231\/revisions\/31233"}],"wp:featuredmedia":[{"embeddable":true,"href":"https:\/\/www.iceagetv.com\/radiosite\/wp-json\/wp\/v2\/media\/31232"}],"wp:attachment":[{"href":"https:\/\/www.iceagetv.com\/radiosite\/wp-json\/wp\/v2\/media?parent=31231"}],"wp:term":[{"taxonomy":"category","embeddable":true,"href":"https:\/\/www.iceagetv.com\/radiosite\/wp-json\/wp\/v2\/categories?post=31231"},{"taxonomy":"post_tag","embeddable":true,"href":"https:\/\/www.iceagetv.com\/radiosite\/wp-json\/wp\/v2\/tags?post=31231"}],"curies":[{"name":"wp","href":"https:\/\/api.w.org\/{rel}","templated":true}]}}