{"id":31237,"date":"2024-11-17T16:35:07","date_gmt":"2024-11-17T15:35:07","guid":{"rendered":"https:\/\/www.iceagetv.com\/radiosite\/?p=31237"},"modified":"2024-11-17T16:35:11","modified_gmt":"2024-11-17T15:35:11","slug":"colere-des-agriculteurs-tolerance-zero-en-cas-de-blocage-durable-previent-bruno-retailleau","status":"publish","type":"post","link":"https:\/\/www.iceagetv.com\/radiosite\/colere-des-agriculteurs-tolerance-zero-en-cas-de-blocage-durable-previent-bruno-retailleau\/","title":{"rendered":"Col\u00e8re des agriculteurs : \u00ab\u00a0tol\u00e9rance z\u00e9ro\u00a0\u00bb en cas de \u00ab\u00a0blocage durable\u00a0\u00bb, pr\u00e9vient Bruno Retailleau"},"content":{"rendered":"\n<p class=\"\">Alors que le mouvement des agriculteurs commencent d\u00e8s ce week-end, le ministre de l&rsquo;Int\u00e9rieur a pos\u00e9 trois limites \u00e0 ne pas franchir ce dimanche 17 novembre 2024.<\/p>\n\n\n\n<p class=\"\">Le ministre de l\u2019Int\u00e9rieur&nbsp;<a href=\"https:\/\/actu.fr\/tag\/bruno-retailleau\">Bruno Retailleau<\/a>&nbsp;a pr\u00e9venu ce dimanche 17 novembre 2024 les agriculteurs qu\u2019il y aurait&nbsp;<strong>une \u00ab&nbsp;tol\u00e9rance z\u00e9ro&nbsp;\u00bb en cas de \u00ab&nbsp;blocage durable&nbsp;\u00bb des routes<\/strong>, avant un nouveau cycle de mobilisation du secteur qui d\u00e9butera lundi.<\/p>\n\n\n\n<p class=\"\">Bruno Retailleau a re\u00e7u cette semaine des responsables\u00a0<a href=\"https:\/\/actu.fr\/tag\/syndicats\">syndicaux<\/a>\u00a0agricoles pour \u00ab\u00a0avoir\u00a0<strong>un dialogue<\/strong>\u00a0et pour leur dire aussi les limites\u00a0\u00bb, a-t-il d\u00e9clar\u00e9 sur\u00a0<em>RTL<\/em>.<\/p>\n\n\n\n<h2 class=\"wp-block-heading\">Des convois de tracteurs en \u00cele-de-France<\/h2>\n\n\n\n<p class=\"\">Les agriculteurs se mobilisent d\u00e8s ce dimanche 16h, avec&nbsp;<strong>des convois de tracteurs attendus dans l\u2019ouest de l\u2019\u00cele-de-France<\/strong>&nbsp;(Yvelines et Essonne). Il pourrait y avoir une centaine de v\u00e9hicules<\/p>\n\n\n\n<p class=\"\">La manifestation est cens\u00e9e normalement finir lundi \u00e0 14h. D\u2019ici l\u00e0, le r\u00e9seau Sytadyn invite les automobilistes \u00e0 \u00e9viter&nbsp;<a href=\"https:\/\/twitter.com\/sytadin\/status\/1857786073700512153?ref_src=twsrc%5Etfw%7Ctwcamp%5Etweetembed%7Ctwterm%5E1857786073700512153%7Ctwgr%5E81d99f668429059e087ffe959851a2b2c8e97e7e%7Ctwcon%5Es1_&amp;ref_url=https%3A%2F%2Fwww.francetvinfo.fr%2Feconomie%2Fcrise%2Fblocus-des-agriculteurs%2Fcolere-des-agriculteurs-convois-de-tracteurs-rassemblements-blocage-du-fret-a-quoi-faut-il-s-attendre-des-ce-dimanche-et-dans-la-semaine-a-venir_6902804.html\">certains axes routiers<\/a>.<\/p>\n\n\n\n<p class=\"\">\u00c0 Montpellier, les manifestations agricoles vont commencer d\u00e8s la semaine prochaine comme l\u2019indique\u00a0<a href=\"https:\/\/actu.fr\/occitanie\/montpellier_34172\/herault-colere-paysanne-debut-de-semaine-agite-manifestation-a-montpellier-et-blocages_61868113.html\"><em>le M\u00e9tropolitain<\/em><\/a>.\u00a0<\/p>\n\n\n\n<h2 class=\"wp-block-heading\">Pas de blocage au programme, dit la FNSEA<\/h2>\n\n\n\n<p class=\"\">Si le droit de manifester est garanti par la Constitution, le ministre a \u00e9voqu\u00e9 \u00ab&nbsp;trois limites :&nbsp;<strong>pas d\u2019atteintes aux biens, pas d\u2019atteintes aux personnes, et pas d\u2019enkystement,<\/strong>&nbsp;pas de blocage durable parce que sinon ce sera tol\u00e9rance z\u00e9ro&nbsp;\u00bb, a-t-il poursuivi, ajoutant qu\u2019il n\u2019h\u00e9sitera pas \u00ab&nbsp;\u00e0 mobiliser&nbsp;\u00bb les forces de l\u2019ordre pour r\u00e9tablir la circulation.<\/p>\n\n\n\n<p class=\"\">Sur&nbsp;<em>BFMTV<\/em>, Arnaud Rousseau, le pr\u00e9sident de la FNSEA, a de son c\u00f4t\u00e9 recens\u00e9 d\u00e9j\u00e0&nbsp;<a href=\"https:\/\/actu.fr\/societe\/colere-des-agriculteurs-le-president-de-la-fnsea-appelle-a-la-mobilisation-nationale-a-partir-du-18-novembre_61856314.html\">plus de 80 actions ce dimanche apr\u00e8s-midi<\/a>, \u00ab&nbsp;lundi, voire mardi&nbsp;\u00bb. Selon lui, des&nbsp;<strong>\u00ab&nbsp;restrictions de circulation&nbsp;\u00bb<\/strong>&nbsp;sont \u00ab&nbsp;probables&nbsp;\u00bb. Cependant, aucun blocage n\u2019est au programme.<\/p>\n\n\n\n<p class=\"\">La Coordination Rurale, autre syndicat agricole class\u00e9 \u00e0 gauche, ne semble n\u00e9anmoins pas \u00eatre sur la m\u00eame longueur d\u2019onde. Vendredi 15 novembre 2024, sa pr\u00e9sidente\u00a0<a href=\"https:\/\/actu.fr\/economie\/pour-une-agriculture-viable-et-vivable-la-finisterienne-veronique-le-floch-a-la-tete-de-la-coordination-rurale_59605578.html\">V\u00e9ronique Le Floc\u2019h<\/a>\u00a0a promis de mener un\u00a0<strong>\u00ab\u00a0blocage du fret alimentaire\u00a0\u00bb<\/strong>\u00a0\u00e0 partir de mercredi au cas o\u00f9 les revendications des agriculteurs n\u2019\u00e9taient pas satisfaites, aupr\u00e8s de\u00a0<a href=\"https:\/\/www.ouest-france.fr\/economie\/agriculture\/crise-agricole\/pour-la-presidente-de-la-coordination-rurale-les-tracteurs-iront-jusqua-lelysee-sil-le-faut-b507c05a-a352-11ef-b729-1d466315993e\"><em>Ouest-France<\/em><\/a>.<\/p>\n\n\n\n<h2 class=\"wp-block-heading\">Quelles sont les revendications pour le mouvement ?<\/h2>\n\n\n\n<p class=\"\">Moins d\u2019un an&nbsp;<a href=\"https:\/\/actu.fr\/societe\/colere-des-agriculteurs-les-blocages-et-manifestations-prevus-ce-vendredi-dans-chaque-region_60613409.html\">apr\u00e8s un mouvement in\u00e9dit de col\u00e8re dans les campagnes<\/a>, qui avait abouti en janvier<strong>&nbsp;\u00e0 des blocages de sections d\u2019autoroutes<\/strong>&nbsp;dans le pays, les principaux syndicats agricoles appellent leurs troupes \u00e0 manifester \u00e0 nouveau.&nbsp;<\/p>\n\n\n\n<p class=\"\">Ils d\u00e9noncent toujours la bureaucratie et la faiblesse des revenus des agriculteurs, estimant qu\u2019en d\u00e9pit d\u2019aides d\u2019urgence et d\u2019annonces du gouvernement, le compte n\u2019y est pas.<\/p>\n\n\n\n<p class=\"\">Ils rejettent \u00e9galement en bloc l\u2019accord de libre-\u00e9change entre l\u2019UE et des pays latino-am\u00e9ricains du&nbsp;<strong>Mercosur<\/strong>, comme le gouvernement qui leur assure utiliser \u00ab&nbsp;tous les moyens&nbsp;\u00bb pour le bloquer.<\/p>\n","protected":false},"excerpt":{"rendered":"<p>Alors que le mouvement des agriculteurs commencent d\u00e8s ce week-end, le ministre de l&rsquo;Int\u00e9rieur a pos\u00e9 trois limites \u00e0 ne pas franchir ce dimanche 17 novembre 2024. Le ministre de l\u2019Int\u00e9rieur&nbsp;Bruno Retailleau&nbsp;a pr\u00e9venu ce dimanche 17 novembre 2024 les agriculteurs qu\u2019il y aurait&nbsp;une \u00ab&nbsp;tol\u00e9rance z\u00e9ro&nbsp;\u00bb en cas de \u00ab&nbsp;blocage durable&nbsp;\u00bb des routes, avant un nouveau [&hellip;]<\/p>\n","protected":false},"author":2,"featured_media":31238,"comment_status":"open","ping_status":"open","sticky":false,"template":"","format":"standard","meta":{"_jetpack_memberships_contains_paid_content":false,"footnotes":"","jetpack_publicize_message":"","jetpack_publicize_feature_enabled":true,"jetpack_social_post_already_shared":true,"jetpack_social_options":{"image_generator_settings":{"template":"highway","enabled":true,"token":"eyJpbWciOiJodHRwczpcL1wvd3d3LmljZWFnZXR2LmNvbVwvcmFkaW9zaXRlXC93cC1jb250ZW50XC91cGxvYWRzXC8yMDI0XC8xMVwvYmY4NmM0NDAyYWI1NmI4OTZjNDQwMmFiNWQwYTZjdi05NjB4NjQwLTEuanBnIiwidHh0IjoiQ29sXHUwMGU4cmUgZGVzIGFncmljdWx0ZXVycyA6ICYjODIyMDt0b2xcdTAwZTlyYW5jZSB6XHUwMGU5cm8mIzgyMjE7IGVuIGNhcyBkZSAmIzgyMjA7YmxvY2FnZSBkdXJhYmxlJiM4MjIxOywgcHJcdTAwZTl2aWVudCBCcnVubyBSZXRhaWxsZWF1IiwidGVtcGxhdGUiOiJoaWdod2F5IiwiYmxvZ19pZCI6MTExMDE2NDYxfQ.nsR_UITxg7eUu4toyE8z6EA_7OH2sjuueE2fSFwQcUQMQ"},"version":2},"_wpas_customize_per_network":false},"categories":[405],"tags":[],"class_list":["post-31237","post","type-post","status-publish","format-standard","has-post-thumbnail","hentry","category-actu-france-monde"],"jetpack_publicize_connections":[],"jetpack_featured_media_url":"https:\/\/i0.wp.com\/www.iceagetv.com\/radiosite\/wp-content\/uploads\/2024\/11\/bf86c4402ab56b896c4402ab5d0a6cv-960x640-1.jpg?fit=960%2C640&ssl=1","jetpack_sharing_enabled":true,"_links":{"self":[{"href":"https:\/\/www.iceagetv.com\/radiosite\/wp-json\/wp\/v2\/posts\/31237","targetHints":{"allow":["GET"]}}],"collection":[{"href":"https:\/\/www.iceagetv.com\/radiosite\/wp-json\/wp\/v2\/posts"}],"about":[{"href":"https:\/\/www.iceagetv.com\/radiosite\/wp-json\/wp\/v2\/types\/post"}],"author":[{"embeddable":true,"href":"https:\/\/www.iceagetv.com\/radiosite\/wp-json\/wp\/v2\/users\/2"}],"replies":[{"embeddable":true,"href":"https:\/\/www.iceagetv.com\/radiosite\/wp-json\/wp\/v2\/comments?post=31237"}],"version-history":[{"count":1,"href":"https:\/\/www.iceagetv.com\/radiosite\/wp-json\/wp\/v2\/posts\/31237\/revisions"}],"predecessor-version":[{"id":31239,"href":"https:\/\/www.iceagetv.com\/radiosite\/wp-json\/wp\/v2\/posts\/31237\/revisions\/31239"}],"wp:featuredmedia":[{"embeddable":true,"href":"https:\/\/www.iceagetv.com\/radiosite\/wp-json\/wp\/v2\/media\/31238"}],"wp:attachment":[{"href":"https:\/\/www.iceagetv.com\/radiosite\/wp-json\/wp\/v2\/media?parent=31237"}],"wp:term":[{"taxonomy":"category","embeddable":true,"href":"https:\/\/www.iceagetv.com\/radiosite\/wp-json\/wp\/v2\/categories?post=31237"},{"taxonomy":"post_tag","embeddable":true,"href":"https:\/\/www.iceagetv.com\/radiosite\/wp-json\/wp\/v2\/tags?post=31237"}],"curies":[{"name":"wp","href":"https:\/\/api.w.org\/{rel}","templated":true}]}}