{"id":31262,"date":"2024-11-19T13:06:55","date_gmt":"2024-11-19T12:06:55","guid":{"rendered":"https:\/\/www.iceagetv.com\/radiosite\/?p=31262"},"modified":"2024-11-19T13:07:01","modified_gmt":"2024-11-19T12:07:01","slug":"savoie-un-accident-sest-produit-ce-matin-avec-le-telepherique-de-val-thorens-qui-sest-encastre-en-gare-darrivee-deux-blesses-graves-et-quatre-personnes-legerement-blessees","status":"publish","type":"post","link":"https:\/\/www.iceagetv.com\/radiosite\/savoie-un-accident-sest-produit-ce-matin-avec-le-telepherique-de-val-thorens-qui-sest-encastre-en-gare-darrivee-deux-blesses-graves-et-quatre-personnes-legerement-blessees\/","title":{"rendered":"Savoie: Un accident s\u2019est produit ce matin avec le t\u00e9l\u00e9ph\u00e9rique de Val Thorens qui s\u2019est encastr\u00e9 en gare d&rsquo;arriv\u00e9e &#8211; Deux bless\u00e9s graves et quatre personnes l\u00e9g\u00e8rement bless\u00e9es"},"content":{"rendered":"\n<p class=\"\"><strong>Voici le communiqu\u00e9 de la pr\u00e9fecture de Savoie<\/strong><\/p>\n\n\n\n<p class=\"\">Dans des conditions m\u00e9t\u00e9orologiques sur place tr\u00e8s difficiles \u00e0 plus de 3000 m\u00e8tres, un accident s&rsquo;est produit aux alentours de 7h30, ce mardi 19 novembre 2024, dans la station de Val Thorens. Une cabine du t\u00e9l\u00e9ph\u00e9rique Cime Caron qui \u00e9tait utilis\u00e9e dans le cadre d\u2019un chantier en cours et transportant 16 ouvriers, a heurt\u00e9 la gare d&rsquo;arriv\u00e9e.<\/p>\n\n\n\n<p class=\"\">2 personnes sont gravement bless\u00e9es sans pronostic vital engag\u00e9 et 4 l\u00e9g\u00e8rement bless\u00e9es. Le Pr\u00e9fet de la Savoie a activ\u00e9 sa cellule de gestion de crise, le centre op\u00e9rationnel d\u00e9partemental, et le plan nombreuses victimes (NOVI), afin de coordonner les servicesde secours, en lien avec les maires des communes concern\u00e9es.<\/p>\n\n\n\n<p class=\"\">D&rsquo;importants moyens du service d\u00e9partemental d&rsquo;incendie et de secours et du SAMU de la Savoie sont engag\u00e9s afin de prendre en charge les victimes. Les pisteurs secouristes de la station, la CRS Alpes et le PGHM sont \u00e9galement sur place. L&rsquo;ensemble des victimes et personnes impliqu\u00e9es est en cours d&rsquo;\u00e9vacuation par la t\u00e9l\u00e9cabine Orelle-Caron.<strong>Un bilan de la pr\u00e9fecture fait \u00e9tat de deux bless\u00e9s graves &#8211; sans pronostic vital engag\u00e9 &#8211; et quatre personnes l\u00e9g\u00e8rement bless\u00e9es.<\/strong>La pr\u00e9fecture de Savoie indique que l&rsquo;accident s&rsquo;est produit dans des conditions m\u00e9t\u00e9orologiques tr\u00e8s difficiles \u00e0 plus de 3000 m\u00e8tres. La cabine du t\u00e9l\u00e9ph\u00e9rique transportait 16 ouvriers, quand elle a heurt\u00e9 la gare d&rsquo;arriv\u00e9e, pr\u00e9cise-t-elle dans un communiqu\u00e9 rapport\u00e9 par Le Dauphin\u00e9 Lib\u00e9r\u00e9.<\/p>\n\n\n\n<p class=\"\"><strong>Ce matin, un grave accident s&rsquo;est produit sur le domaine de Val Thorens. Selon&nbsp;<a href=\"https:\/\/www.ledauphine.com\/faits-divers-justice\/2024\/11\/19\/la-plus-grosse-telecabine-de-val-thorens-s-encastre-des-blesses-graves\" target=\"_blank\" rel=\"noreferrer noopener\">Le Dauphin\u00e9 Lib\u00e9r\u00e9<\/a>, les faits se sont produits avec une cabine des remont\u00e9es m\u00e9caniques : elle s&rsquo;est encastr\u00e9e \u00e0 l&rsquo;arriv\u00e9e en gare de la cime Caron.<\/strong><\/p>\n\n\n\n<p class=\"\">\u00ab\u00a0Une vingtaine de personnes seraient concern\u00e9es par l\u2019accident et il y a des bless\u00e9s graves\u00a0\u00bb, pr\u00e9cisent nos confr\u00e8res. Les secours sont sur place.<\/p>\n\n\n\n<p class=\"\">Le Dauphin\u00e9 Lib\u00e9r\u00e9 indique que \u00ab\u00a0les \u00e9lus d\u2019Orelle ont \u00e9t\u00e9 mobilis\u00e9s afin de faciliter l\u2019\u00e9vacuation de bless\u00e9s c\u00f4t\u00e9 Maurienne\u00a0\u00bb.<\/p>\n","protected":false},"excerpt":{"rendered":"<p>Voici le communiqu\u00e9 de la pr\u00e9fecture de Savoie Dans des conditions m\u00e9t\u00e9orologiques sur place tr\u00e8s difficiles \u00e0 plus de 3000 m\u00e8tres, un accident s&rsquo;est produit aux alentours de 7h30, ce mardi 19 novembre 2024, dans la station de Val Thorens. Une cabine du t\u00e9l\u00e9ph\u00e9rique Cime Caron qui \u00e9tait utilis\u00e9e dans le cadre d\u2019un chantier en [&hellip;]<\/p>\n","protected":false},"author":2,"featured_media":31263,"comment_status":"open","ping_status":"open","sticky":false,"template":"","format":"standard","meta":{"_jetpack_memberships_contains_paid_content":false,"footnotes":"","jetpack_publicize_message":"","jetpack_publicize_feature_enabled":true,"jetpack_social_post_already_shared":true,"jetpack_social_options":{"image_generator_settings":{"template":"highway","enabled":true,"token":"eyJpbWciOiJodHRwczpcL1wvd3d3LmljZWFnZXR2LmNvbVwvcmFkaW9zaXRlXC93cC1jb250ZW50XC91cGxvYWRzXC8yMDI0XC8xMVwvVW4tYWNjaWRlbnQtc2VzdC1wcm9kdWl0LWNlLW1hdGluLWF2ZWMtbGUtdGVsZXBoZXJpcXVlLWRlLVZhbC1UaG9yZW5zLmpwZyIsInR4dCI6IlNhdm9pZTogVW4gYWNjaWRlbnQgc1x1MjAxOWVzdCBwcm9kdWl0IGNlIG1hdGluIGF2ZWMgbGUgdFx1MDBlOWxcdTAwZTlwaFx1MDBlOXJpcXVlIGRlIFZhbCBUaG9yZW5zIHF1aSBzXHUyMDE5ZXN0IGVuY2FzdHJcdTAwZTkgZW4gZ2FyZSBkJiM4MjE3O2Fycml2XHUwMGU5ZSAmIzgyMTE7IERldXggYmxlc3NcdTAwZTlzIGdyYXZlcyBldCBxdWF0cmUgcGVyc29ubmVzIGxcdTAwZTlnXHUwMGU4cmVtZW50IGJsZXNzXHUwMGU5ZXMiLCJ0ZW1wbGF0ZSI6ImhpZ2h3YXkiLCJibG9nX2lkIjoxMTEwMTY0NjF9.AHNVNDwD2jAMFBrZZjkNzgru9oiEG4UTUtLG83iXBYsMQ"},"version":2},"_wpas_customize_per_network":false},"categories":[405],"tags":[],"class_list":["post-31262","post","type-post","status-publish","format-standard","has-post-thumbnail","hentry","category-actu-france-monde"],"jetpack_publicize_connections":[],"jetpack_featured_media_url":"https:\/\/i0.wp.com\/www.iceagetv.com\/radiosite\/wp-content\/uploads\/2024\/11\/Un-accident-sest-produit-ce-matin-avec-le-telepherique-de-Val-Thorens.jpg?fit=679%2C293&ssl=1","jetpack_sharing_enabled":true,"_links":{"self":[{"href":"https:\/\/www.iceagetv.com\/radiosite\/wp-json\/wp\/v2\/posts\/31262","targetHints":{"allow":["GET"]}}],"collection":[{"href":"https:\/\/www.iceagetv.com\/radiosite\/wp-json\/wp\/v2\/posts"}],"about":[{"href":"https:\/\/www.iceagetv.com\/radiosite\/wp-json\/wp\/v2\/types\/post"}],"author":[{"embeddable":true,"href":"https:\/\/www.iceagetv.com\/radiosite\/wp-json\/wp\/v2\/users\/2"}],"replies":[{"embeddable":true,"href":"https:\/\/www.iceagetv.com\/radiosite\/wp-json\/wp\/v2\/comments?post=31262"}],"version-history":[{"count":1,"href":"https:\/\/www.iceagetv.com\/radiosite\/wp-json\/wp\/v2\/posts\/31262\/revisions"}],"predecessor-version":[{"id":31264,"href":"https:\/\/www.iceagetv.com\/radiosite\/wp-json\/wp\/v2\/posts\/31262\/revisions\/31264"}],"wp:featuredmedia":[{"embeddable":true,"href":"https:\/\/www.iceagetv.com\/radiosite\/wp-json\/wp\/v2\/media\/31263"}],"wp:attachment":[{"href":"https:\/\/www.iceagetv.com\/radiosite\/wp-json\/wp\/v2\/media?parent=31262"}],"wp:term":[{"taxonomy":"category","embeddable":true,"href":"https:\/\/www.iceagetv.com\/radiosite\/wp-json\/wp\/v2\/categories?post=31262"},{"taxonomy":"post_tag","embeddable":true,"href":"https:\/\/www.iceagetv.com\/radiosite\/wp-json\/wp\/v2\/tags?post=31262"}],"curies":[{"name":"wp","href":"https:\/\/api.w.org\/{rel}","templated":true}]}}