{"id":31276,"date":"2024-11-19T21:22:39","date_gmt":"2024-11-19T20:22:39","guid":{"rendered":"https:\/\/www.iceagetv.com\/radiosite\/?p=31276"},"modified":"2024-11-19T21:22:43","modified_gmt":"2024-11-19T20:22:43","slug":"voici-le-taux-de-chomage-des-jeunes-pour-chaque-pays-de-lue","status":"publish","type":"post","link":"https:\/\/www.iceagetv.com\/radiosite\/voici-le-taux-de-chomage-des-jeunes-pour-chaque-pays-de-lue\/","title":{"rendered":"Voici le taux de ch\u00f4mage des jeunes pour chaque pays de l\u2019UE"},"content":{"rendered":"\n<p class=\"\">En septembre 2024, 14,8 % des jeunes de moins de 25 ans dans l\u2019Union europ\u00e9enne \u00e9taient au ch\u00f4mage, contre 5,9 % pour l\u2019ensemble de la population active. Si des progr\u00e8s sont significatifs dans certains pays comme la Gr\u00e8ce, d\u2019autres, comme la R\u00e9publique tch\u00e8que, voient le taux de ch\u00f4mage des jeunes exploser.<\/p>\n\n\n\n<p class=\"\">Pr\u00e8s de 2,9 millions de jeunes europ\u00e9ens de moins de 25 ans \u00e9taient sans emploi en septembre 2024 au sein de&nbsp;<a href=\"https:\/\/www.cnews.fr\/union-europeenne\">l\u2019Union europ\u00e9enne<\/a>, r\u00e9v\u00e9lant une fracture importante entre le taux de ch\u00f4mage de cette tranche d\u2019\u00e2ge et celui de l\u2019ensemble de la population active. Alors que le taux global de ch\u00f4mage dans l\u2019Union europ\u00e9enne s\u2019est \u00e9tabli \u00e0 5,9%, celui des jeunes a atteint un taux de 14,8%, soulignant leur difficult\u00e9 \u00e0 s\u2019ins\u00e9rer sur le march\u00e9 du travail.<\/p>\n\n\n\n<p class=\"\">Les donn\u00e9es r\u00e9colt\u00e9es par Eurostat ont mis en lumi\u00e8re des disparit\u00e9s frappantes entre les diff\u00e9rents pays de l\u2019UE.&nbsp;<a href=\"https:\/\/www.cnews.fr\/espagne\">L\u2019Espagne<\/a>&nbsp;reste le pays le plus touch\u00e9 par le ch\u00f4mage des jeunes, avec un taux de 26,5%, malgr\u00e9 une l\u00e9g\u00e8re am\u00e9lioration (-1,9% sur un an).&nbsp;Les jeunes&nbsp;<a href=\"https:\/\/www.cnews.fr\/suede\">Su\u00e9dois<\/a>&nbsp;(25,9%) et&nbsp;<a href=\"https:\/\/www.cnews.fr\/portugal\">Portugais<\/a>&nbsp;(21,6%) ont aussi connu des difficult\u00e9s \u00e0 s\u2019ins\u00e9rer sur le march\u00e9 du travail.<\/p>\n\n\n\n<p class=\"\">En revanche, des pays comme l\u2019Allemagne (6,9%), les Pays-Bas (9%) et Malte (9,4%) ont affich\u00e9 les taux de ch\u00f4mage des jeunes les plus bas. Ces bons r\u00e9sultats t\u00e9moignent de politiques actives en faveur de l\u2019insertion professionnelle des jeunes et de march\u00e9s du travail plus dynamiques. La France, avec un taux de 17,7 %, a d\u00e9pass\u00e9 la moyenne europ\u00e9enne.<\/p>\n\n\n\n<p class=\"\">Ce chiffre, quasi stable sur un an, est la preuve d&rsquo;une situation encore pr\u00e9occupante, bien que moins alarmante qu\u2019en Espagne ou en Su\u00e8de.<\/p>\n\n\n\n<h2 class=\"wp-block-heading\">Le taux de ch\u00f4mage des moins de 25 ans en septembre 2024<\/h2>\n\n\n\n<p class=\"\">Allemagne (<strong>6,9%<\/strong>), Autriche (<strong>10%<\/strong>), Belgique (<strong>16,5%<\/strong>), Bulgarie (<strong>11,1%<\/strong>),&nbsp;Chypre (<strong>15,9%<\/strong>), Croatie (<strong>16,3%<\/strong>), Danemark (<strong>15,3%<\/strong>), Espagne (<strong>26,5%<\/strong>), Estonie (<strong>20,8%<\/strong>), Finlande (<strong>19,5%<\/strong>), France (<strong>17,7%<\/strong>), Gr\u00e8ce (<strong>16,3%<\/strong>), Hongrie (<strong>17,2%<\/strong>), Irlande (<strong>10,4%<\/strong>), Italie (<strong>18,3%<\/strong>), Lettonie (<strong>16,6%<\/strong>), Lituanie (<strong>19,8%<\/strong>), Luxembourg (<strong>20,3%<\/strong>), Malte (<strong>9,4%<\/strong>), Pays-Bas (<strong>9%<\/strong>), Pologne (<strong>10,1%<\/strong>), Portugal (<strong>21,6%<\/strong>), R\u00e9publique tch\u00e8que (<strong>12,7%<\/strong>), Roumanie (<strong>23,2%<\/strong>), Slovaquie (<strong>21,4%<\/strong>), Slov\u00e9nie (<strong>11,5%<\/strong>), Su\u00e8de (<strong>25,9%<\/strong><\/p>\n","protected":false},"excerpt":{"rendered":"<p>En septembre 2024, 14,8 % des jeunes de moins de 25 ans dans l\u2019Union europ\u00e9enne \u00e9taient au ch\u00f4mage, contre 5,9 % pour l\u2019ensemble de la population active. Si des progr\u00e8s sont significatifs dans certains pays comme la Gr\u00e8ce, d\u2019autres, comme la R\u00e9publique tch\u00e8que, voient le taux de ch\u00f4mage des jeunes exploser. Pr\u00e8s de 2,9 millions [&hellip;]<\/p>\n","protected":false},"author":2,"featured_media":31277,"comment_status":"open","ping_status":"open","sticky":false,"template":"","format":"standard","meta":{"_jetpack_memberships_contains_paid_content":false,"footnotes":"","jetpack_publicize_message":"","jetpack_publicize_feature_enabled":true,"jetpack_social_post_already_shared":false,"jetpack_social_options":{"image_generator_settings":{"template":"highway","enabled":true,"token":"eyJpbWciOiJodHRwczpcL1wvd3d3LmljZWFnZXR2LmNvbVwvcmFkaW9zaXRlXC93cC1jb250ZW50XC91cGxvYWRzXC8yMDI0XC8xMVwvMDAwXzM0cWM2bTlfMV82NzNjZDIzNGEwZGFhXzAuanBnIiwidHh0IjoiVm9pY2kgbGUgdGF1eCBkZSBjaFx1MDBmNG1hZ2UgZGVzIGpldW5lcyBwb3VyIGNoYXF1ZSBwYXlzIGRlIGxcdTIwMTlVRSIsInRlbXBsYXRlIjoiaGlnaHdheSIsImJsb2dfaWQiOjExMTAxNjQ2MX0.rjcuzvSPvLD42-7ssGM66H2acmcFEaEEgFdyIyv-fNMMQ"},"version":2},"_wpas_customize_per_network":false},"categories":[405],"tags":[],"class_list":["post-31276","post","type-post","status-publish","format-standard","has-post-thumbnail","hentry","category-actu-france-monde"],"jetpack_publicize_connections":[],"jetpack_featured_media_url":"https:\/\/i0.wp.com\/www.iceagetv.com\/radiosite\/wp-content\/uploads\/2024\/11\/000_34qc6m9_1_673cd234a0daa_0.jpg?fit=750%2C422&ssl=1","jetpack_sharing_enabled":true,"_links":{"self":[{"href":"https:\/\/www.iceagetv.com\/radiosite\/wp-json\/wp\/v2\/posts\/31276","targetHints":{"allow":["GET"]}}],"collection":[{"href":"https:\/\/www.iceagetv.com\/radiosite\/wp-json\/wp\/v2\/posts"}],"about":[{"href":"https:\/\/www.iceagetv.com\/radiosite\/wp-json\/wp\/v2\/types\/post"}],"author":[{"embeddable":true,"href":"https:\/\/www.iceagetv.com\/radiosite\/wp-json\/wp\/v2\/users\/2"}],"replies":[{"embeddable":true,"href":"https:\/\/www.iceagetv.com\/radiosite\/wp-json\/wp\/v2\/comments?post=31276"}],"version-history":[{"count":1,"href":"https:\/\/www.iceagetv.com\/radiosite\/wp-json\/wp\/v2\/posts\/31276\/revisions"}],"predecessor-version":[{"id":31278,"href":"https:\/\/www.iceagetv.com\/radiosite\/wp-json\/wp\/v2\/posts\/31276\/revisions\/31278"}],"wp:featuredmedia":[{"embeddable":true,"href":"https:\/\/www.iceagetv.com\/radiosite\/wp-json\/wp\/v2\/media\/31277"}],"wp:attachment":[{"href":"https:\/\/www.iceagetv.com\/radiosite\/wp-json\/wp\/v2\/media?parent=31276"}],"wp:term":[{"taxonomy":"category","embeddable":true,"href":"https:\/\/www.iceagetv.com\/radiosite\/wp-json\/wp\/v2\/categories?post=31276"},{"taxonomy":"post_tag","embeddable":true,"href":"https:\/\/www.iceagetv.com\/radiosite\/wp-json\/wp\/v2\/tags?post=31276"}],"curies":[{"name":"wp","href":"https:\/\/api.w.org\/{rel}","templated":true}]}}