{"id":31285,"date":"2024-11-20T13:08:00","date_gmt":"2024-11-20T12:08:00","guid":{"rendered":"https:\/\/www.iceagetv.com\/radiosite\/?p=31285"},"modified":"2024-11-20T13:08:04","modified_gmt":"2024-11-20T12:08:04","slug":"bernadette-despres-la-dessinatrice-de-tom-tom-et-nana-est-morte","status":"publish","type":"post","link":"https:\/\/www.iceagetv.com\/radiosite\/bernadette-despres-la-dessinatrice-de-tom-tom-et-nana-est-morte\/","title":{"rendered":"Bernadette Despr\u00e9s, la dessinatrice de \u00ab\u00a0Tom-Tom et Nana\u00a0\u00bb, est morte"},"content":{"rendered":"\n<p class=\"\">La dessinatrice, qui a illustr\u00e9 les aventures des turbulents Tom-Tom et Nana pendant plusieurs d\u00e9cennies, est morte \u00e0 l&rsquo;\u00e2ge de 83 ans.<\/p>\n\n\n\n<p class=\"\">Les lecteurs et les lectrices de&nbsp;<em>J&rsquo;aime lire&nbsp;<\/em>en deuil. La dessinatrice Bernadette Despr\u00e9s, et cocr\u00e9atrice&nbsp;de&nbsp;<em>Tom-Tom et Nana<\/em>&nbsp;en 1977, est morte, ont annonc\u00e9 les \u00e9ditions Bayard au&nbsp;<a href=\"https:\/\/www.lemonde.fr\/livres\/article\/2024\/11\/20\/bernadette-despres-dessinatrice-de-tom-tom-et-nana-est-morte_6404810_3260.html\" target=\"_blank\" rel=\"noreferrer noopener\">Monde<\/a>&nbsp;ce mercredi. Elle avait 83 ans.<\/p>\n\n\n\n<p class=\"\">\u00ab\u00a0C&rsquo;est avec une tristesse immense que les \u00e9quipes de Bayard Jeunesse ont appris ce jour le d\u00e9c\u00e8s de l&rsquo;illustratrice Bernadette Despr\u00e9s\u00a0\u00bb, a indiqu\u00e9 la branche jeunesse de Bayard dans un communiqu\u00e9, pr\u00e9cisant que ses \u00e9quipes lui rendront un hommage lors du Salon du livre et de la presse jeunesse \u00e0 Montreuil (Seine-Saint-Denis) fin novembre.Co-cr\u00e9atrice de cette BD phare du magazine\u00a0<em>J\u2019aime lire<\/em>, Bernadette Despr\u00e9s avait dessin\u00e9 371 histoires de\u00a0<em><strong><a href=\"https:\/\/www.bdangouleme.com\/programmation-fibd\/expositions\/tom-tom-nana-bernadette-depres\" target=\"_blank\" rel=\"noreferrer noopener\">Tom-Tom et Nana<\/a><\/strong><\/em>, pour la plupart \u00e9crites par Jacqueline Cohen, puis par Evelyne Reberg. V\u00e9ritable ph\u00e9nom\u00e8ne d&rsquo;\u00e9dition, les 34 albums de la s\u00e9rie se sont vendus \u00e0 plus de 16 millions d\u2019exemplaires.<\/p>\n\n\n\n<p class=\"\">Pendant plus de 30 ans, celle qui revendique aussi un \u00ab\u00a0c\u00f4t\u00e9 caricatural\u00a0\u00bb dans son dessin a dessin\u00e9 avec gourmandise les coins et les recoins du restaurant \u00c0 la bonne fourchette et ses joyeux habitants: Tom-Tom et Nana, mais aussi leurs parents Yvonne et Adrien, leur s\u0153ur Marie-Lou, leur tante Roberte.<\/p>\n\n\n\n<h2 class=\"wp-block-heading\" id=\"a73u9\">Inspir\u00e9e par ses enfants<\/h2>\n\n\n\n<p class=\"\">Inspir\u00e9 par&nbsp;<em><strong><a href=\"https:\/\/www.bfmtv.com\/people\/becassine-113-ans-et-plus-moderne-que-jamais_AN-201812100039.html\">B\u00e9cassine<\/a><\/strong><\/em>,&nbsp;<em><strong><a href=\"https:\/\/www.bfmtv.com\/culture\/tintin-au-congo-ressort-dans-une-version-inedite-et-commentee_AN-201812120042.html\">Tintin<\/a><\/strong><\/em>&nbsp;ou encore&nbsp;<em>Zig et Puce<\/em>, son dessin \u00e9tait marqu\u00e9 par une recherche permanente de mouvement et de l\u00e9g\u00e8ret\u00e9. Comme les enfants qu&rsquo;elle dessine. \u00ab\u00a0Faut que \u00e7a bouge!\u00a0\u00bb, nous avait-elle confi\u00e9 en 2019 lors d&rsquo;une r\u00e9trospective consacrant son travail au Festival de la BD d&rsquo;Angoul\u00eame.<\/p>\n\n\n\n<p class=\"\">Intitul\u00e9e \u00e0 l\u2019origine\u00a0<em>Les Aventures de Tom-Tom \u00e0 la Bonne Fourchette<\/em>, la s\u00e9rie s&rsquo;inspirait de ses propres enfants. Nana a ainsi le visage de sa fille et Tom-Tom celui pointu de son fils \u00c9tienne. Le nom du personnage viendrait du surnom du fils d&rsquo;une amie de Jacqueline Cohen. Et celui de Nana de la fille de la sc\u00e9nariste.La dessinatrice avait toujours refus\u00e9 de faire grandir ses h\u00e9ros de papier. \u00ab\u00a0\u00c7a ne me plaisait pas\u00a0\u00bb, nous avait-elle confi\u00e9. \u00ab\u00a0On reste dans cette p\u00e9riode de na\u00efvet\u00e9 et d\u2019enfance o\u00f9 ce n\u2019est pas m\u00e9chant. Ils font des choses et \u00e7a se retourne contre eux.\u00a0\u00bbLa publication des histoires de\u00a0<em>Tom-Tom et Nana<\/em>\u00a0s&rsquo;\u00e9tait arr\u00eat\u00e9e en 2009. Jacqueline Cohen et Evelyne Reberg avaient refus\u00e9 de voir la s\u00e9rie se poursuivre apr\u00e8s sa fin. Bernadette Despr\u00e9s aurait souhait\u00e9 continuer, mais n&rsquo;aimait pas \u00e9crire les histoires. Son r\u00eave aurait \u00e9t\u00e9 de continuer d&rsquo;utiliser Tante Roberte, personnage qu&rsquo;elle adorait.<\/p>\n","protected":false},"excerpt":{"rendered":"<p>La dessinatrice, qui a illustr\u00e9 les aventures des turbulents Tom-Tom et Nana pendant plusieurs d\u00e9cennies, est morte \u00e0 l&rsquo;\u00e2ge de 83 ans. Les lecteurs et les lectrices de&nbsp;J&rsquo;aime lire&nbsp;en deuil. La dessinatrice Bernadette Despr\u00e9s, et cocr\u00e9atrice&nbsp;de&nbsp;Tom-Tom et Nana&nbsp;en 1977, est morte, ont annonc\u00e9 les \u00e9ditions Bayard au&nbsp;Monde&nbsp;ce mercredi. Elle avait 83 ans. \u00ab\u00a0C&rsquo;est avec une [&hellip;]<\/p>\n","protected":false},"author":2,"featured_media":31286,"comment_status":"open","ping_status":"open","sticky":false,"template":"","format":"standard","meta":{"_jetpack_memberships_contains_paid_content":false,"footnotes":"","jetpack_publicize_message":"","jetpack_publicize_feature_enabled":true,"jetpack_social_post_already_shared":true,"jetpack_social_options":{"image_generator_settings":{"template":"highway","enabled":true,"token":"eyJpbWciOiJodHRwczpcL1wvd3d3LmljZWFnZXR2LmNvbVwvcmFkaW9zaXRlXC93cC1jb250ZW50XC91cGxvYWRzXC8yMDI0XC8xMVwvQmVybmFkZXR0ZS1EZXNwcmVzLmpwZyIsInR4dCI6IkJlcm5hZGV0dGUgRGVzcHJcdTAwZTlzLCBsYSBkZXNzaW5hdHJpY2UgZGUgJiM4MjIwO1RvbS1Ub20gZXQgTmFuYSYjODIyMTssIGVzdCBtb3J0ZSIsInRlbXBsYXRlIjoiaGlnaHdheSIsImJsb2dfaWQiOjExMTAxNjQ2MX0.ekuaqSyVGGPHQFGJRcb5WdliRUhmV4SCo1XXu4Q3EMYMQ"},"version":2},"_wpas_customize_per_network":false},"categories":[68],"tags":[],"class_list":["post-31285","post","type-post","status-publish","format-standard","has-post-thumbnail","hentry","category-actu-culturelle"],"jetpack_publicize_connections":[],"jetpack_featured_media_url":"https:\/\/i0.wp.com\/www.iceagetv.com\/radiosite\/wp-content\/uploads\/2024\/11\/Bernadette-Despres.jpg?fit=800%2C450&ssl=1","jetpack_sharing_enabled":true,"_links":{"self":[{"href":"https:\/\/www.iceagetv.com\/radiosite\/wp-json\/wp\/v2\/posts\/31285","targetHints":{"allow":["GET"]}}],"collection":[{"href":"https:\/\/www.iceagetv.com\/radiosite\/wp-json\/wp\/v2\/posts"}],"about":[{"href":"https:\/\/www.iceagetv.com\/radiosite\/wp-json\/wp\/v2\/types\/post"}],"author":[{"embeddable":true,"href":"https:\/\/www.iceagetv.com\/radiosite\/wp-json\/wp\/v2\/users\/2"}],"replies":[{"embeddable":true,"href":"https:\/\/www.iceagetv.com\/radiosite\/wp-json\/wp\/v2\/comments?post=31285"}],"version-history":[{"count":1,"href":"https:\/\/www.iceagetv.com\/radiosite\/wp-json\/wp\/v2\/posts\/31285\/revisions"}],"predecessor-version":[{"id":31287,"href":"https:\/\/www.iceagetv.com\/radiosite\/wp-json\/wp\/v2\/posts\/31285\/revisions\/31287"}],"wp:featuredmedia":[{"embeddable":true,"href":"https:\/\/www.iceagetv.com\/radiosite\/wp-json\/wp\/v2\/media\/31286"}],"wp:attachment":[{"href":"https:\/\/www.iceagetv.com\/radiosite\/wp-json\/wp\/v2\/media?parent=31285"}],"wp:term":[{"taxonomy":"category","embeddable":true,"href":"https:\/\/www.iceagetv.com\/radiosite\/wp-json\/wp\/v2\/categories?post=31285"},{"taxonomy":"post_tag","embeddable":true,"href":"https:\/\/www.iceagetv.com\/radiosite\/wp-json\/wp\/v2\/tags?post=31285"}],"curies":[{"name":"wp","href":"https:\/\/api.w.org\/{rel}","templated":true}]}}